{"id":13952,"date":"2012-01-11T10:27:29","date_gmt":"2012-01-11T12:27:29","guid":{"rendered":"https:\/\/www.mpal.mp.br\/?p=13952"},"modified":"2022-07-27T10:29:40","modified_gmt":"2022-07-27T13:29:40","slug":"voluntariado-do-ministerio-publico-de-alagoas","status":"publish","type":"post","link":"https:\/\/www.mpal.mp.br\/?p=13952","title":{"rendered":"Voluntariado do Minist\u00e9rio P\u00fablico de Alagoas"},"content":{"rendered":"<h3 style=\"text-align: justify;\">VOLUNTARIADO DO MINIST\u00c9RIO P\u00daBLICO DE ALAGOAS<\/h3>\n<p style=\"text-align: justify;\">Foi institu\u00eddo o Programa \u201cVoluntariado do Minist\u00e9rio P\u00fablico de Alagoas\u201d atrav\u00e9s da Lei Estadual n\u00ba 7.032, de 15 de dezembro de 2011, nos termos da Lei n\u00ba 9.608, de 18 de fevereiro de 1998.\u00a0O Ato PGJ n\u00ba 3, de 4 de abril de 2012, regulamenta o Programa.<\/p>\n<p style=\"text-align: justify;\">Para prestar servi\u00e7o volunt\u00e1rio o interessado deve atender aos seguintes requisitos: ser maior de 16 anos, n\u00e3o possuir antecedentes criminais, estar em dia com as obriga\u00e7\u00f5es eleitorais (no caso dos homens, tamb\u00e9m obriga\u00e7\u00f5es militares) ter conclu\u00eddo ou estar, pelo menos, cursando o ensino m\u00e9dio.<\/p>\n<p style=\"text-align: justify;\">Tamb\u00e9m poder\u00e3o ser aceitos profissionais com forma\u00e7\u00e3o superior conclu\u00edda ou em andamento, em qualquer \u00e1rea de conhecimento, tais como: Direito, Psicologia, Servi\u00e7o Social, Ci\u00eancias Cont\u00e1beis, Administra\u00e7\u00e3o, Pedagogia, Inform\u00e1tica etc.<\/p>\n<p style=\"text-align: justify;\">A Escola Superior do Minist\u00e9rio P\u00fablico do Estado de Alagoas (ESMP\/AL) ser\u00e1 respons\u00e1vel pela inscri\u00e7\u00e3o dos interessados, bem como pela elabora\u00e7\u00e3o do respectivo cadastro, com registro de dados pessoais e profissionais.<\/p>\n<p style=\"text-align: justify;\">O tempo de servi\u00e7o volunt\u00e1rio prestado por graduados no curso de Direito poder\u00e1 ser computado como tempo de atividade jur\u00eddica para fins de ingresso na carreira do Minist\u00e9rio P\u00fablico, desde que o servi\u00e7o prestado pelo volunt\u00e1rio exija a utiliza\u00e7\u00e3o preponderante de conhecimentos jur\u00eddicos, nos termos do art. 1\u00ba, inciso II, da Resolu\u00e7\u00e3o 40\/2009, do Conselho Nacional do Minist\u00e9rio P\u00fablico, com dura\u00e7\u00e3o m\u00ednima de 04 (horas) semanais. \u00c9 vedado o exerc\u00edcio concomitante de advocacia, nessa hip\u00f3tese.<\/p>\n<p style=\"text-align: justify;\">O servi\u00e7o volunt\u00e1rio exalta a cidadania e abre a possibilidade de coopera\u00e7\u00e3o social de pessoas das mais diversas forma\u00e7\u00f5es, inserindo-as no processo cont\u00ednuo de defesa da ordem jur\u00eddica, do regime democr\u00e1tico e dos interesses sociais e individuais indispon\u00edveis.<\/p>\n<h3 style=\"text-align: justify;\">Links:<\/h3>\n<p style=\"text-align: justify;\">Legisla\u00e7\u00e3o (<a href=\"https:\/\/farol.mpal.mp.br\/images\/stories\/vol_01.pdf\" target=\"_blank\" rel=\"noopener\">Ato<\/a>,\u00a0<a href=\"https:\/\/farol.mpal.mp.br\/images\/stories\/noticias\/2012\/vol_03.pdf\" target=\"_blank\" rel=\"noopener\">Lei Estadual<\/a>,\u00a0<a href=\"https:\/\/farol.mpal.mp.br\/images\/stories\/noticias\/2012\/vol_04.pdf\" target=\"_blank\" rel=\"noopener\">Lei Federal<\/a>)<\/p>\n<p style=\"text-align: justify;\"><a href=\"https:\/\/farol.mpal.mp.br\/images\/stories\/noticias\/2012\/vol_02.doc\" target=\"_blank\" rel=\"noopener\">Documentos necess\u00e1rios para ades\u00e3o de volunt\u00e1rio<\/a><\/p>\n<p style=\"text-align: justify;\"><a href=\"https:\/\/farol.mpal.mp.br\/images\/stories\/noticias\/2012\/vol_05.doc\" target=\"_blank\" rel=\"noopener\">Requerimento de solicita\u00e7\u00e3o de volunt\u00e1rio<\/a><\/p>\n","protected":false},"excerpt":{"rendered":"<p> [&hellip;]<\/p>\n","protected":false},"author":4,"featured_media":7620,"comment_status":"open","ping_status":"open","sticky":false,"template":"","format":"standard","meta":{"om_disable_all_campaigns":false,"_monsterinsights_skip_tracking":false,"_monsterinsights_sitenote_active":false,"_monsterinsights_sitenote_note":"","_monsterinsights_sitenote_category":0,"_uf_show_specific_survey":0,"_uf_disable_surveys":false,"footnotes":""},"categories":[19,2],"tags":[],"class_list":["post-13952","post","type-post","status-publish","format-standard","has-post-thumbnail","hentry","category-not_esmp","category-not_mpal"],"aioseo_notices":[],"_links":{"self":[{"href":"https:\/\/www.mpal.mp.br\/index.php?rest_route=\/wp\/v2\/posts\/13952","targetHints":{"allow":["GET"]}}],"collection":[{"href":"https:\/\/www.mpal.mp.br\/index.php?rest_route=\/wp\/v2\/posts"}],"about":[{"href":"https:\/\/www.mpal.mp.br\/index.php?rest_route=\/wp\/v2\/types\/post"}],"author":[{"embeddable":true,"href":"https:\/\/www.mpal.mp.br\/index.php?rest_route=\/wp\/v2\/users\/4"}],"replies":[{"embeddable":true,"href":"https:\/\/www.mpal.mp.br\/index.php?rest_route=%2Fwp%2Fv2%2Fcomments&post=13952"}],"version-history":[{"count":2,"href":"https:\/\/www.mpal.mp.br\/index.php?rest_route=\/wp\/v2\/posts\/13952\/revisions"}],"predecessor-version":[{"id":13954,"href":"https:\/\/www.mpal.mp.br\/index.php?rest_route=\/wp\/v2\/posts\/13952\/revisions\/13954"}],"wp:featuredmedia":[{"embeddable":true,"href":"https:\/\/www.mpal.mp.br\/index.php?rest_route=\/wp\/v2\/media\/7620"}],"wp:attachment":[{"href":"https:\/\/www.mpal.mp.br\/index.php?rest_route=%2Fwp%2Fv2%2Fmedia&parent=13952"}],"wp:term":[{"taxonomy":"category","embeddable":true,"href":"https:\/\/www.mpal.mp.br\/index.php?rest_route=%2Fwp%2Fv2%2Fcategories&post=13952"},{"taxonomy":"post_tag","embeddable":true,"href":"https:\/\/www.mpal.mp.br\/index.php?rest_route=%2Fwp%2Fv2%2Ftags&post=13952"}],"curies":[{"name":"wp","href":"https:\/\/api.w.org\/{rel}","templated":true}]}}