{"id":13948,"date":"2012-01-23T10:25:17","date_gmt":"2012-01-23T12:25:17","guid":{"rendered":"https:\/\/www.mpal.mp.br\/?p=13948"},"modified":"2022-07-27T10:27:24","modified_gmt":"2022-07-27T13:27:24","slug":"revista-da-esmp-homenageia-francisco-sarmento","status":"publish","type":"post","link":"https:\/\/www.mpal.mp.br\/?p=13948","title":{"rendered":"Revista da ESMP homenageia Francisco Sarmento"},"content":{"rendered":"<p style=\"text-align: justify;\"><span style=\"font-size: 14pt;\">\u201cA vida dele foi o Minist\u00e9rio P\u00fablico\u201d. Foi com essa declara\u00e7\u00e3o que o vice-governador Jos\u00e9 Thomaz Nono definiu a homenagem ao procurador de Justi\u00e7a Francisco Sarmento, falecido em agosto de 2010, em pleno exerc\u00edcio do mandato de corregedor-geral do MPE. Ele foi o tema da mais nova edi\u00e7\u00e3o da Revista do Minist\u00e9rio P\u00fablico de Alagoas. Nono relembrou da rela\u00e7\u00e3o com o homenageado, mas tamb\u00e9m destacou as parcerias efetivadas entre o governo e o MPE que permitem o bom andamento das atividades do Estado, como a entrega de casas aos desabrigados das enchentes \u2013 que receberam as resid\u00eancias antes do \u00faltimo Natal.<\/span><\/p>\n<p style=\"text-align: justify;\"><span style=\"font-size: 14pt;\">Procurador aposentado, o vice-governador foi recebido no MPE pelo procurador-geral, Eduardo Tavares, que aproveitou a oportunidade para tamb\u00e9m anunciar conquistas de sua gest\u00e3o, apresentando informa\u00e7\u00f5es como a realiza\u00e7\u00e3o do concurso para servidores e a prepara\u00e7\u00e3o para o concurso de promotor de Justi\u00e7a ap\u00f3s 16 anos, al\u00e9m da constru\u00e7\u00e3o de novos pr\u00e9dios. Em rela\u00e7\u00e3o ao procurador Francisco Sarmento, o procurador-geral enfatizou sua import\u00e2ncia no fortalecimento da institui\u00e7\u00e3o em todo o Brasil, inclusive, durante a Constituinte de 1988, na defini\u00e7\u00e3o das prerrogativas ministeriais. O encontro lotou o audit\u00f3rio do pr\u00e9dio-sede.<\/span><\/p>\n<p style=\"text-align: justify;\"><span style=\"font-size: 14pt;\">O diretor da ESMP, S\u00e9rgio Juc\u00e1, destacou a austeridade que fez marca da trajet\u00f3ria do procurador Francisco Sarmento, lembrando epis\u00f3dios que fazem parte da hist\u00f3ria recente do Minist\u00e9rio P\u00fablico. Juc\u00e1 ainda citou que o homenageado faleceu em exerc\u00edcio do mandato ao come\u00e7ar produzir uma nova imagem para Corregedoria-Geral, destacando que ele desempenhou todas as atividades poss\u00edveis para um membro do MPE. Tamb\u00e9m discursaram os procuradores Afr\u00e2nio Roberto Pereira de Queiroz, Anti\u00f3genes Marques de Lira (corregedor-geral) e Luciano Chagas (ouvidor-geral).<\/span><\/p>\n<p style=\"text-align: justify;\"><span style=\"font-size: 14pt;\">Na homenagem, o primeiro exemplar foi entregue a vi\u00fava Niede Sarmento, pelo procurador-geral, Eduardo Tavares, que emocionada sequer conseguiu discursar em nome da fam\u00edlia e foi representada pela nora. Ele ainda destacou a facilidade com que o homenageado tinha em fazer amigos e quantos eventos os dois participaram juntos, tanto em Alagoas, quanto no restante do pa\u00eds. \u201cEst\u00e1vamos em uma reuni\u00e3o, quando ele me disse que seu nome foi lan\u00e7ado para ser o presidente do Conselho Nacional de Corregedores. Infelizmente, ele n\u00e3o teve oportunidade de ser eleito, pois a doen\u00e7a que lhe acometeu o tirou de combate\u201d, explicou Tavares.<\/span><\/p>\n<p style=\"text-align: justify;\"><span style=\"font-size: 14pt;\">A publica\u00e7\u00e3o \u00e9 dedicada a homenagear a vida profissional do Editada pela Escola Superior do Minist\u00e9rio P\u00fablico, a revista vem com textos jur\u00eddicos produzidos por procuradores e promotores de Justi\u00e7a, servidores e estagi\u00e1rios, al\u00e9m de colaboradores de outras institui\u00e7\u00f5es do mundo do Direito. Inclusive, j\u00e1 est\u00e1 editada a pr\u00f3xima edi\u00e7\u00e3o, que ser\u00e1 lan\u00e7ada em fevereiro e homenagear\u00e1 o procurador aposentado Eduardo Malheiros, que saiu da ativa ao completar 70 anos. Participaram do evento promotores e procuradores de Justi\u00e7a, al\u00e9m de servidores e estagi\u00e1rios, familiares, amigos e personalidades alagoanas.<\/span><\/p>\n","protected":false},"excerpt":{"rendered":"<p> [&hellip;]<\/p>\n","protected":false},"author":4,"featured_media":13949,"comment_status":"open","ping_status":"open","sticky":false,"template":"","format":"standard","meta":{"om_disable_all_campaigns":false,"_monsterinsights_skip_tracking":false,"_monsterinsights_sitenote_active":false,"_monsterinsights_sitenote_note":"","_monsterinsights_sitenote_category":0,"_uf_show_specific_survey":0,"_uf_disable_surveys":false,"footnotes":""},"categories":[19,2],"tags":[],"class_list":["post-13948","post","type-post","status-publish","format-standard","has-post-thumbnail","hentry","category-not_esmp","category-not_mpal"],"aioseo_notices":[],"_links":{"self":[{"href":"https:\/\/www.mpal.mp.br\/index.php?rest_route=\/wp\/v2\/posts\/13948","targetHints":{"allow":["GET"]}}],"collection":[{"href":"https:\/\/www.mpal.mp.br\/index.php?rest_route=\/wp\/v2\/posts"}],"about":[{"href":"https:\/\/www.mpal.mp.br\/index.php?rest_route=\/wp\/v2\/types\/post"}],"author":[{"embeddable":true,"href":"https:\/\/www.mpal.mp.br\/index.php?rest_route=\/wp\/v2\/users\/4"}],"replies":[{"embeddable":true,"href":"https:\/\/www.mpal.mp.br\/index.php?rest_route=%2Fwp%2Fv2%2Fcomments&post=13948"}],"version-history":[{"count":2,"href":"https:\/\/www.mpal.mp.br\/index.php?rest_route=\/wp\/v2\/posts\/13948\/revisions"}],"predecessor-version":[{"id":13951,"href":"https:\/\/www.mpal.mp.br\/index.php?rest_route=\/wp\/v2\/posts\/13948\/revisions\/13951"}],"wp:featuredmedia":[{"embeddable":true,"href":"https:\/\/www.mpal.mp.br\/index.php?rest_route=\/wp\/v2\/media\/13949"}],"wp:attachment":[{"href":"https:\/\/www.mpal.mp.br\/index.php?rest_route=%2Fwp%2Fv2%2Fmedia&parent=13948"}],"wp:term":[{"taxonomy":"category","embeddable":true,"href":"https:\/\/www.mpal.mp.br\/index.php?rest_route=%2Fwp%2Fv2%2Fcategories&post=13948"},{"taxonomy":"post_tag","embeddable":true,"href":"https:\/\/www.mpal.mp.br\/index.php?rest_route=%2Fwp%2Fv2%2Ftags&post=13948"}],"curies":[{"name":"wp","href":"https:\/\/api.w.org\/{rel}","templated":true}]}}