{"id":13945,"date":"2012-07-10T10:23:39","date_gmt":"2012-07-10T13:23:39","guid":{"rendered":"https:\/\/www.mpal.mp.br\/?p=13945"},"modified":"2022-07-27T10:25:12","modified_gmt":"2022-07-27T13:25:12","slug":"mpe-comemora-realizacao-de-processo-seletivo-de-estagiarios","status":"publish","type":"post","link":"https:\/\/www.mpal.mp.br\/?p=13945","title":{"rendered":"MPE comemora realiza\u00e7\u00e3o de Processo Seletivo de Estagi\u00e1rios"},"content":{"rendered":"<p style=\"text-align: justify;\"><span style=\"font-size: 14pt;\">O Minist\u00e9rio P\u00fablico Estadual comemora a realiza\u00e7\u00e3o do 4\u00ba Processo Seletivo de Estagi\u00e1rios na \u00c1rea de Direito, que ocorreu nas cidades de Macei\u00f3 e Arapiraca, no final de semana. Ao todo, 428 estudantes concorreram a uma das 66 oportunidades de est\u00e1gio, das quais sete eram destinadas a portadores de necessidades especiais. A Funda\u00e7\u00e3o Apol\u00f4nio Salles de Desenvolvimento Educacional de Pernambuco (Fadurpe) desenvolveu o processo sob a supervis\u00e3o da Escola Superior do Minist\u00e9rio P\u00fablico, dirigida pelo procurador S\u00e9rgio Juc\u00e1.<\/span><\/p>\n<p><span style=\"font-size: 14pt;\">Segundo registro nas atas, n\u00e3o houve nenhuma ocorr\u00eancia referente a todo o processo seletivo, com exce\u00e7\u00e3o de pequenos altera\u00e7\u00f5es cadastrais, em sua maioria, d\u00edgitos na Carteira de Identidade Civil. Para contestar o gabarito publicado, os estudantes devem enviar os recursos para a organiza\u00e7\u00e3o do processo seletivo at\u00e9 hoje, 10 de julho, \u00e0s 13h, conforme cronograma do edital. De acordo com a publica\u00e7\u00e3o, as pr\u00f3ximas fases do concurso s\u00e3o:<\/span><\/p>\n<p><span style=\"font-size: 14pt;\">16\/07 &#8211; Resultado do julgamento dos recursos contra gabaritos e\/ou Prova Escrita\/Objetiva. Divulga\u00e7\u00e3o resultado parcial do processo seletivo.<\/span><\/p>\n<p><span style=\"font-size: 14pt;\">17\/07 e 18\/07 &#8211; Prazo para interposi\u00e7\u00e3o de recursos contra o resultado parcial do processo seletivo.<\/span><\/p>\n<p><span style=\"font-size: 14pt;\">23\/07 &#8211; Resultado definitivo ap\u00f3s an\u00e1lises dos recursos contra o resultado parcial da sele\u00e7\u00e3o.<\/span><\/p>\n<p><span style=\"font-size: 14pt;\">O est\u00e1gio oferece bolsa-aux\u00edlio no valor de um sal\u00e1rio m\u00ednimo, aux\u00edlio-transporte e seguro de vida. A jornada \u00e9 de 20 horas semanais, de segunda a sexta-feira. A sele\u00e7\u00e3o tem por objetivo preencher 66 vagas, sendo 11 delas destinadas \u00e0 cidade de Macei\u00f3 e as outras 55 para os demais munic\u00edpios do Estado.<\/span><\/p>\n","protected":false},"excerpt":{"rendered":"<p> [&hellip;]<\/p>\n","protected":false},"author":4,"featured_media":13943,"comment_status":"open","ping_status":"open","sticky":false,"template":"","format":"standard","meta":{"om_disable_all_campaigns":false,"_monsterinsights_skip_tracking":false,"_monsterinsights_sitenote_active":false,"_monsterinsights_sitenote_note":"","_monsterinsights_sitenote_category":0,"_uf_show_specific_survey":0,"_uf_disable_surveys":false,"footnotes":""},"categories":[19,2],"tags":[],"class_list":["post-13945","post","type-post","status-publish","format-standard","has-post-thumbnail","hentry","category-not_esmp","category-not_mpal"],"aioseo_notices":[],"_links":{"self":[{"href":"https:\/\/www.mpal.mp.br\/index.php?rest_route=\/wp\/v2\/posts\/13945","targetHints":{"allow":["GET"]}}],"collection":[{"href":"https:\/\/www.mpal.mp.br\/index.php?rest_route=\/wp\/v2\/posts"}],"about":[{"href":"https:\/\/www.mpal.mp.br\/index.php?rest_route=\/wp\/v2\/types\/post"}],"author":[{"embeddable":true,"href":"https:\/\/www.mpal.mp.br\/index.php?rest_route=\/wp\/v2\/users\/4"}],"replies":[{"embeddable":true,"href":"https:\/\/www.mpal.mp.br\/index.php?rest_route=%2Fwp%2Fv2%2Fcomments&post=13945"}],"version-history":[{"count":2,"href":"https:\/\/www.mpal.mp.br\/index.php?rest_route=\/wp\/v2\/posts\/13945\/revisions"}],"predecessor-version":[{"id":13947,"href":"https:\/\/www.mpal.mp.br\/index.php?rest_route=\/wp\/v2\/posts\/13945\/revisions\/13947"}],"wp:featuredmedia":[{"embeddable":true,"href":"https:\/\/www.mpal.mp.br\/index.php?rest_route=\/wp\/v2\/media\/13943"}],"wp:attachment":[{"href":"https:\/\/www.mpal.mp.br\/index.php?rest_route=%2Fwp%2Fv2%2Fmedia&parent=13945"}],"wp:term":[{"taxonomy":"category","embeddable":true,"href":"https:\/\/www.mpal.mp.br\/index.php?rest_route=%2Fwp%2Fv2%2Fcategories&post=13945"},{"taxonomy":"post_tag","embeddable":true,"href":"https:\/\/www.mpal.mp.br\/index.php?rest_route=%2Fwp%2Fv2%2Ftags&post=13945"}],"curies":[{"name":"wp","href":"https:\/\/api.w.org\/{rel}","templated":true}]}}