{"id":13936,"date":"2012-08-09T10:17:18","date_gmt":"2012-08-09T13:17:18","guid":{"rendered":"https:\/\/www.mpal.mp.br\/?p=13936"},"modified":"2022-07-27T10:19:27","modified_gmt":"2022-07-27T13:19:27","slug":"esmp-realiza-palestra-sobre-aspectos-praticos-das-eleicoes-2012","status":"publish","type":"post","link":"https:\/\/www.mpal.mp.br\/?p=13936","title":{"rendered":"ESMP realiza palestra sobre aspectos pr\u00e1ticos das Elei\u00e7\u00f5es 2012"},"content":{"rendered":"<p class=\"western\" style=\"text-align: justify;\" align=\"JUSTIFY\"><span style=\"font-size: 14pt;\">A Escola Superior do Minist\u00e9rio P\u00fablico (ESMP) realiza nesta sexta-feira (10), a partir das 9h30, a palestra\u00a0<em>Aspectos Pr\u00e1ticos das Elei\u00e7\u00f5es 2012<\/em>, ministrada pelo promotor de Justi\u00e7a Criminal e Eleitoral do estado de Pernambuco Francisco Dirceu Barros. O evento acontece no audit\u00f3rio Edgar Valente de Lima Filho, na sede da Procuradoria Geral de Justi\u00e7a, e tem como p\u00fablico-alvo membros, servidores e estagi\u00e1rios do MPE.<\/span><\/p>\n<p class=\"western\" style=\"text-align: justify;\" align=\"JUSTIFY\"><span style=\"font-size: 14pt;\">Segundo o diretor da ESMP, o procurador S\u00e9rgio Juc\u00e1, \u201co ilustre colega Francisco Dirceu Barros \u00e9 uma das maiores autoridades em Direito Eleitoral do Brasil e foi convidado pela MPE para falar sobre quest\u00f5es pr\u00e1ticas da aplica\u00e7\u00e3o do Direito Eleitoral nas elei\u00e7\u00f5es deste ano\u201d.<\/span><\/p>\n<p class=\"western\" style=\"text-align: justify;\" align=\"JUSTIFY\"><span style=\"font-size: 14pt;\">Na ocasi\u00e3o, o promotor Jos\u00e9 Carlos Silva Castro, coordenador do N\u00facleo de Defesa do Patrim\u00f4nio P\u00fablico do MPE, far\u00e1 a apresenta\u00e7\u00e3o do material da campanha\u00a0<em>O que voc\u00ea tem a ver com a corrup\u00e7\u00e3o<\/em>.<\/span><\/p>\n<p class=\"western\" style=\"text-align: justify;\" align=\"JUSTIFY\"><span style=\"font-size: 14pt;\">Autor de mais de 60 livros, Dirceu Barros \u00e9 mestre em Direito Penal e Processo Penal, professor universit\u00e1rio, professor da Escola Judici\u00e1ria Eleitoral de Pernambuco (EJE) e de cursos preparat\u00f3rios aos concursos do Minist\u00e9rio P\u00fablico e Magistratura.<\/span><\/p>\n<p class=\"western\" style=\"text-align: justify;\" align=\"JUSTIFY\"><span style=\"font-size: 14pt;\">O promotor pernambucano tamb\u00e9m j\u00e1 trabalhou como comentarista da R\u00e1dio Justi\u00e7a (STF) e \u00e9 membro efetivo do Grupo Nacional do Minist\u00e9rio P\u00fablico (GNMP), colunista da revista Consulex, palestrante em diversos congressos no Brasil e escritor de artigos em revistas especializadas.<\/span><\/p>\n<p class=\"western\" style=\"text-align: justify;\" align=\"JUSTIFY\"><span style=\"font-size: 14pt;\">As inscri\u00e7\u00f5es para o evento seguem at\u00e9 o dia 8 de agosto, das 8h \u00e0s 13h, na ESMP. Mais informa\u00e7\u00f5es, pelo telefone: 2122-3700 ou pelo e-mail\u00a0<a href=\"mailto:esmp@yahoo.com.br\">esmp@yahoo.com.br<\/a><\/span><\/p>\n","protected":false},"excerpt":{"rendered":"<p> [&hellip;]<\/p>\n","protected":false},"author":4,"featured_media":13937,"comment_status":"open","ping_status":"open","sticky":false,"template":"","format":"standard","meta":{"om_disable_all_campaigns":false,"_monsterinsights_skip_tracking":false,"_monsterinsights_sitenote_active":false,"_monsterinsights_sitenote_note":"","_monsterinsights_sitenote_category":0,"_uf_show_specific_survey":0,"_uf_disable_surveys":false,"footnotes":""},"categories":[19,2],"tags":[],"class_list":["post-13936","post","type-post","status-publish","format-standard","has-post-thumbnail","hentry","category-not_esmp","category-not_mpal"],"aioseo_notices":[],"_links":{"self":[{"href":"https:\/\/www.mpal.mp.br\/index.php?rest_route=\/wp\/v2\/posts\/13936","targetHints":{"allow":["GET"]}}],"collection":[{"href":"https:\/\/www.mpal.mp.br\/index.php?rest_route=\/wp\/v2\/posts"}],"about":[{"href":"https:\/\/www.mpal.mp.br\/index.php?rest_route=\/wp\/v2\/types\/post"}],"author":[{"embeddable":true,"href":"https:\/\/www.mpal.mp.br\/index.php?rest_route=\/wp\/v2\/users\/4"}],"replies":[{"embeddable":true,"href":"https:\/\/www.mpal.mp.br\/index.php?rest_route=%2Fwp%2Fv2%2Fcomments&post=13936"}],"version-history":[{"count":2,"href":"https:\/\/www.mpal.mp.br\/index.php?rest_route=\/wp\/v2\/posts\/13936\/revisions"}],"predecessor-version":[{"id":13939,"href":"https:\/\/www.mpal.mp.br\/index.php?rest_route=\/wp\/v2\/posts\/13936\/revisions\/13939"}],"wp:featuredmedia":[{"embeddable":true,"href":"https:\/\/www.mpal.mp.br\/index.php?rest_route=\/wp\/v2\/media\/13937"}],"wp:attachment":[{"href":"https:\/\/www.mpal.mp.br\/index.php?rest_route=%2Fwp%2Fv2%2Fmedia&parent=13936"}],"wp:term":[{"taxonomy":"category","embeddable":true,"href":"https:\/\/www.mpal.mp.br\/index.php?rest_route=%2Fwp%2Fv2%2Fcategories&post=13936"},{"taxonomy":"post_tag","embeddable":true,"href":"https:\/\/www.mpal.mp.br\/index.php?rest_route=%2Fwp%2Fv2%2Ftags&post=13936"}],"curies":[{"name":"wp","href":"https:\/\/api.w.org\/{rel}","templated":true}]}}