{"id":13933,"date":"2013-04-05T10:14:20","date_gmt":"2013-04-05T13:14:20","guid":{"rendered":"https:\/\/www.mpal.mp.br\/?p=13933"},"modified":"2022-07-27T10:17:13","modified_gmt":"2022-07-27T13:17:13","slug":"esmpal-promove-curso-sobre-relacoes-etnicos-raciais","status":"publish","type":"post","link":"https:\/\/www.mpal.mp.br\/?p=13933","title":{"rendered":"ESMPAL promove curso sobre Rela\u00e7\u00f5es \u00c9tnicos-Raciais"},"content":{"rendered":"<p style=\"text-align: justify;\"><span style=\"font-size: 14pt;\">Teve in\u00edcio nesta quinta-feira (4) o Curso de Capacita\u00e7\u00e3o nas Rela\u00e7\u00f5es \u00c9tnicos-Raciais para magistrados, procuradores, promotores, defensores p\u00fablicos, comandantes e delegados de Pol\u00edcia. O evento \u00e9 uma realiza\u00e7\u00e3o da Secretaria de Pol\u00edticas de Promo\u00e7\u00e3o da Igualdade Racial da Presid\u00eancia da Rep\u00fablica em parceria com a Escola Superior do Minist\u00e9rio P\u00fablico de Alagoas e a Escola Superior da Magistratura do Estado de Alagoas \u00a0(Esmal).<\/span><\/p>\n<p style=\"text-align: justify;\"><span style=\"font-size: 14pt;\">Pelo Minist\u00e9rio P\u00fablico do Estado de Alagoas (MPE), a promotora de Justi\u00e7a Stela Cavalcanti, que dirige a Escola Superior do MPE, representou \u00e0 institui\u00e7\u00e3o, ocupando acento \u00e0 mesa dos trabalhos. Entretanto, o curso foi ofertado tamb\u00e9m para outros promotores.<\/span><\/p>\n<p style=\"text-align: justify;\"><span style=\"font-size: 14pt;\">A carga hor\u00e1ria do curso \u00e9 de 40 horas dividida em dois m\u00f3dulos, as aulas ocorrer\u00e3o nos dias 4, 5, 18 e 19 de abril na sede da Esmal. \u00a0Segue abaixo a programa\u00e7\u00e3o dos dois m\u00f3dulos.<\/span><\/p>\n<p style=\"text-align: justify;\"><span style=\"font-size: 14pt;\">PROGRAMA\u00c7\u00c3O<\/span><\/p>\n<p style=\"text-align: justify;\"><span style=\"font-size: 14pt;\"><strong>M\u00d3DULO I &#8211; Enfrentamento ao racismo<\/strong><\/span><\/p>\n<p style=\"text-align: justify;\"><span style=\"font-size: 14pt;\"><em>Dia 1 &#8211; 04\/04\/2013<\/em><\/span><\/p>\n<p style=\"text-align: justify;\"><span style=\"font-size: 14pt;\">09:00 &#8211; 09:30 &#8211; Mesa de Abertura &#8211; Assinatura do Acordo de Coopera\u00e7\u00e3o SEPPIR \u2013 TJ\/AL; Ministra da Igualdade Racial, Luiza Bairros; Presidente do Tribunal de Justi\u00e7a de Alagoas, Jos\u00e9 Carlos Malta Marques<\/span><\/p>\n<p style=\"text-align: justify;\"><span style=\"font-size: 14pt;\">09:30 &#8211; 10:00 &#8211; Apresenta\u00e7\u00e3o da Metodologia de Trabalho; Carlos Alberto J\u00fanior, Ouvidor Nacional da Igualdade Racial; Dr. Alberto Lima &#8211; Coordenador da Escola Superior de Magistratura<\/span><\/p>\n<p style=\"text-align: justify;\"><span style=\"font-size: 14pt;\">10:30 &#8211; \u00a012:00 &#8211; Aula I &#8211; Racismo no Brasil; \u00c9dson Cardoso &#8211; Assessor Especial SEPPIR<\/span><\/p>\n<p style=\"text-align: justify;\"><span style=\"font-size: 14pt;\">12:00 &#8211; 14:00 &#8211; Almo\u00e7o<\/span><\/p>\n<p style=\"text-align: justify;\"><span style=\"font-size: 14pt;\">14:00 &#8211; 18:00 &#8211; Aula II &#8211; Promo\u00e7\u00e3o da Igualdade Racial; \u00c9dson Cardoso &#8211; Assessor Especial SEPPIR<\/span><\/p>\n<p style=\"text-align: justify;\"><span style=\"font-size: 14pt;\"><em>Dia 2 &#8211; 05\/04\/2013<\/em><\/span><\/p>\n<p style=\"text-align: justify;\"><span style=\"font-size: 14pt;\">09:00 &#8211; 12:00- Aula III &#8211; O crime de Racismo no Brasil; Lidivaldo Brito, Chefe do Minist\u00e9rio P\u00fablico do Estado da Bahia<\/span><\/p>\n<p style=\"text-align: justify;\"><span style=\"font-size: 14pt;\">12:00 &#8211; 14:00 &#8211; Almo\u00e7o<\/span><\/p>\n<p style=\"text-align: justify;\"><span style=\"font-size: 14pt;\">14:00 &#8211; 18:00 &#8211; Aula IV &#8211; Preven\u00e7\u00e3o e combate ao racimo no \u00e2mbito dos operadores do Direito; Silvia Cerqueira, Advogada, ex-Conselheira Federal da OAB-BA, subrelatora das a\u00e7\u00f5es afirmativas no Conselho Federal da Ordem.<\/span><\/p>\n<p style=\"text-align: justify;\"><span style=\"font-size: 14pt;\"><strong>M\u00d3DULO II &#8211; A\u00e7\u00f5es Afirmativas<\/strong><\/span><\/p>\n<p style=\"text-align: justify;\"><span style=\"font-size: 14pt;\"><em>Dia 1 &#8211; 18\/04\/2012<\/em><\/span><\/p>\n<p style=\"text-align: justify;\"><span style=\"font-size: 14pt;\">09:00 &#8211; 09:20 &#8211; Apresenta\u00e7\u00e3o da Metodologia de Trabalho; Carlos Alberto J\u00fanior, Ouvidor Nacional da Igualdade Racial<\/span><\/p>\n<p style=\"text-align: justify;\"><span style=\"font-size: 14pt;\">09:20 &#8211; 12:00 &#8211; Aula I &#8211; A\u00e7\u00f5es Afirmativas no Brasil; \u00c2ngela Nascimento, Secret\u00e1ria de A\u00e7\u00f5es Afirmativas da SEPPIR<\/span><\/p>\n<p style=\"text-align: justify;\"><span style=\"font-size: 14pt;\">12:00 &#8211; 14:00 &#8211; Almo\u00e7o<\/span><\/p>\n<p style=\"text-align: justify;\"><span style=\"font-size: 14pt;\">14:00 &#8211; 18:00 &#8211; Aula II Constitucionalidade das A\u00e7\u00f5es afirmativas no Brasil; Dra Indira Ernesto Silva Quaresma &#8211; Procuradora Federal, Conselheira Seccional da OAB-DF, Vice-Presidente da Comiss\u00e3o de Direitos Humanos da OAB-DF<\/span><\/p>\n<p style=\"text-align: justify;\"><span style=\"font-size: 14pt;\"><em>Dia 2 &#8211; 19\/04\/2013<\/em><\/span><\/p>\n<p style=\"text-align: justify;\"><span style=\"font-size: 14pt;\">09:00 &#8211; 12:00- Aula III &#8211; A\u00e7\u00f5es afirmativas e operadores do sistema de justi\u00e7a: Perspectivas de atua\u00e7\u00e3o; Dra Indira Ernesto Silva Quaresma &#8211; Procuradora Federal, Conselheira Seccional da OAB-DF, Vice-Presidente da Comiss\u00e3o de Direitos Humanos da OAB-DF.<\/span><\/p>\n<p style=\"text-align: justify;\"><span style=\"font-size: 14pt;\">12:00 &#8211; 14:00 &#8211; Almo\u00e7o<\/span><\/p>\n<p style=\"text-align: justify;\"><span style=\"font-size: 14pt;\">14:00 &#8211; 18:00 &#8211; Aula IV &#8211; A\u00e7\u00e3o Afirmativas, an\u00e1lise da realidade brasileira e estudo da experi\u00eancia americana.; Dr\u00ba. Andr\u00e9 Moreira, advogado, especialista na quest\u00e3o racial.<\/span><\/p>\n","protected":false},"excerpt":{"rendered":"<p> [&hellip;]<\/p>\n","protected":false},"author":4,"featured_media":13934,"comment_status":"open","ping_status":"open","sticky":false,"template":"","format":"standard","meta":{"om_disable_all_campaigns":false,"_monsterinsights_skip_tracking":false,"_monsterinsights_sitenote_active":false,"_monsterinsights_sitenote_note":"","_monsterinsights_sitenote_category":0,"_uf_show_specific_survey":0,"_uf_disable_surveys":false,"footnotes":""},"categories":[19,2],"tags":[],"class_list":["post-13933","post","type-post","status-publish","format-standard","has-post-thumbnail","hentry","category-not_esmp","category-not_mpal"],"aioseo_notices":[],"_links":{"self":[{"href":"https:\/\/www.mpal.mp.br\/index.php?rest_route=\/wp\/v2\/posts\/13933","targetHints":{"allow":["GET"]}}],"collection":[{"href":"https:\/\/www.mpal.mp.br\/index.php?rest_route=\/wp\/v2\/posts"}],"about":[{"href":"https:\/\/www.mpal.mp.br\/index.php?rest_route=\/wp\/v2\/types\/post"}],"author":[{"embeddable":true,"href":"https:\/\/www.mpal.mp.br\/index.php?rest_route=\/wp\/v2\/users\/4"}],"replies":[{"embeddable":true,"href":"https:\/\/www.mpal.mp.br\/index.php?rest_route=%2Fwp%2Fv2%2Fcomments&post=13933"}],"version-history":[{"count":1,"href":"https:\/\/www.mpal.mp.br\/index.php?rest_route=\/wp\/v2\/posts\/13933\/revisions"}],"predecessor-version":[{"id":13935,"href":"https:\/\/www.mpal.mp.br\/index.php?rest_route=\/wp\/v2\/posts\/13933\/revisions\/13935"}],"wp:featuredmedia":[{"embeddable":true,"href":"https:\/\/www.mpal.mp.br\/index.php?rest_route=\/wp\/v2\/media\/13934"}],"wp:attachment":[{"href":"https:\/\/www.mpal.mp.br\/index.php?rest_route=%2Fwp%2Fv2%2Fmedia&parent=13933"}],"wp:term":[{"taxonomy":"category","embeddable":true,"href":"https:\/\/www.mpal.mp.br\/index.php?rest_route=%2Fwp%2Fv2%2Fcategories&post=13933"},{"taxonomy":"post_tag","embeddable":true,"href":"https:\/\/www.mpal.mp.br\/index.php?rest_route=%2Fwp%2Fv2%2Ftags&post=13933"}],"curies":[{"name":"wp","href":"https:\/\/api.w.org\/{rel}","templated":true}]}}