{"id":13930,"date":"2013-10-11T10:10:25","date_gmt":"2013-10-11T13:10:25","guid":{"rendered":"https:\/\/www.mpal.mp.br\/?p=13930"},"modified":"2022-07-27T10:14:16","modified_gmt":"2022-07-27T13:14:16","slug":"esmp-al-lanca-4a-turma-de-curso-de-elaboracao-e-gerenciamento-de-projetos","status":"publish","type":"post","link":"https:\/\/www.mpal.mp.br\/?p=13930","title":{"rendered":"ESMP\/AL lan\u00e7a 4\u00aa turma de curso de elabora\u00e7\u00e3o e gerenciamento de projetos"},"content":{"rendered":"<p style=\"text-align: justify;\"><span style=\"font-size: 14pt;\">O Minist\u00e9rio P\u00fablico Estadual (MPE\/AL) promoveu, na manh\u00e3 desta sexta-feira (11), a aula inaugural da 4\u00aa turma do Curso de Introdu\u00e7\u00e3o a Elabora\u00e7\u00e3o e Gerenciamento de Projetos no audit\u00f3rio Procurador de Justi\u00e7a Edgar Valente de Lima Filho, na sede da Procuradoria Geral de Justi\u00e7a. Organizado pela Escola Superior do Minist\u00e9rio P\u00fablico (ESMP\/AL), o curso tem o intuito de capacitar servidores e membros do MPE\/AL na \u00e1rea de gest\u00e3o.<\/span><\/p>\n<p style=\"text-align: justify;\"><span style=\"font-size: 14pt;\">As aulas ser\u00e3o ministradas pela diretora da Funda\u00e7\u00e3o de Amparo \u00e0 Pesquisa do Estado de Alagoas\u00a0<strong>(<\/strong><em>Fapeal<\/em><strong>),\u00a0<\/strong>M\u00f4nica Melo,\u00a0no pr\u00e9dio da Escola Superior do Minist\u00e9rio P\u00fablico. O curso tem carga hor\u00e1ria de 40h, com quatro horas de aula por semana, \u00e0s segundas-feiras, de 8h \u00e0s 12h.<\/span><\/p>\n<p style=\"text-align: justify;\"><span style=\"font-size: 14pt;\">\u201cA ESMP\/AL, em parceria com o Escrit\u00f3rio de Projetos do Minist\u00e9rio P\u00fablico do Estado de Alagoas, realiza mais uma edi\u00e7\u00e3o do Curso de Introdu\u00e7\u00e3o a Elabora\u00e7\u00e3o e Gerenciamento de Projetos, com a finalidade de capacitar servidores e promotores de Justi\u00e7a na elabora\u00e7\u00e3o e gerenciamento de novos projetos para a institui\u00e7\u00e3o. A iniciativa segue as diretrizes do Planejamento Estrat\u00e9gico do MPE\/AL\u201d, afirmou a diretora da ESMP, promotora de Justi\u00e7a Stela Val\u00e9ria Cavalcanti, que considera o curso uma grande oportunidade para aprimorar os conhecimentos em organiza\u00e7\u00e3o e planejamento.<\/span><\/p>\n<p style=\"text-align: justify;\"><span style=\"font-size: 14pt;\">De acordo com o assessor de Planejamento e Gest\u00e3o Estrat\u00e9gica, promotor de Justi\u00e7a Humberto Pimentel, a forma\u00e7\u00e3o ocorre em decorr\u00eancia do que est\u00e1 previsto no Plano Estrat\u00e9gico 2011-2022. \u201cOs planos de longo prazo s\u00e3o concretizados mediante projetos e programas dotados de rigor t\u00e9cnico. Membros e servidores da Institui\u00e7\u00e3o estar\u00e3o, cada vez mais, envolvidos com a elabora\u00e7\u00e3o e o gerenciamento de iniciativas estrat\u00e9gicas: projetos ou programas\u201d, explicou o promotor.<\/span><\/p>\n<p style=\"text-align: justify;\"><span style=\"font-size: 14pt;\"><strong>O curso<\/strong><\/span><\/p>\n<p style=\"text-align: justify;\"><span style=\"font-size: 14pt;\">O Curso de Introdu\u00e7\u00e3o a Elabora\u00e7\u00e3o e Gerenciamento de Projetos visa trazer melhorias nos servi\u00e7os administrativos e de atendimento \u00e0 popula\u00e7\u00e3o. Entre os seus principais benef\u00edcios, est\u00e3o o controle de prazos e metas a serem implementados, controle dos custos, c\u00e1lculo e controle de riscos na gest\u00e3o, melhoria dos processos de comunica\u00e7\u00e3o, motiva\u00e7\u00e3o de servidores e membros, institucionaliza\u00e7\u00e3o dos dados e indicadores de resultados.<\/span><\/p>\n<p style=\"text-align: justify;\"><span style=\"font-size: 14pt;\">Quatro m\u00f3dulos comp\u00f5em o conte\u00fado program\u00e1tico: Considera\u00e7\u00f5es Gerais sobre Projetos e Programas; Ferramentas e M\u00e9todos para Elabora\u00e7\u00e3o de Projetos e Programas estrat\u00e9gicos no Servi\u00e7o P\u00fablico; Elabora\u00e7\u00e3o do Plano de Projeto; e Gest\u00e3o de Projetos Estrat\u00e9gicos.<\/span><\/p>\n","protected":false},"excerpt":{"rendered":"<p> [&hellip;]<\/p>\n","protected":false},"author":4,"featured_media":13931,"comment_status":"open","ping_status":"open","sticky":false,"template":"","format":"standard","meta":{"om_disable_all_campaigns":false,"_monsterinsights_skip_tracking":false,"_monsterinsights_sitenote_active":false,"_monsterinsights_sitenote_note":"","_monsterinsights_sitenote_category":0,"_uf_show_specific_survey":0,"_uf_disable_surveys":false,"footnotes":""},"categories":[19,2],"tags":[],"class_list":["post-13930","post","type-post","status-publish","format-standard","has-post-thumbnail","hentry","category-not_esmp","category-not_mpal"],"aioseo_notices":[],"_links":{"self":[{"href":"https:\/\/www.mpal.mp.br\/index.php?rest_route=\/wp\/v2\/posts\/13930","targetHints":{"allow":["GET"]}}],"collection":[{"href":"https:\/\/www.mpal.mp.br\/index.php?rest_route=\/wp\/v2\/posts"}],"about":[{"href":"https:\/\/www.mpal.mp.br\/index.php?rest_route=\/wp\/v2\/types\/post"}],"author":[{"embeddable":true,"href":"https:\/\/www.mpal.mp.br\/index.php?rest_route=\/wp\/v2\/users\/4"}],"replies":[{"embeddable":true,"href":"https:\/\/www.mpal.mp.br\/index.php?rest_route=%2Fwp%2Fv2%2Fcomments&post=13930"}],"version-history":[{"count":1,"href":"https:\/\/www.mpal.mp.br\/index.php?rest_route=\/wp\/v2\/posts\/13930\/revisions"}],"predecessor-version":[{"id":13932,"href":"https:\/\/www.mpal.mp.br\/index.php?rest_route=\/wp\/v2\/posts\/13930\/revisions\/13932"}],"wp:featuredmedia":[{"embeddable":true,"href":"https:\/\/www.mpal.mp.br\/index.php?rest_route=\/wp\/v2\/media\/13931"}],"wp:attachment":[{"href":"https:\/\/www.mpal.mp.br\/index.php?rest_route=%2Fwp%2Fv2%2Fmedia&parent=13930"}],"wp:term":[{"taxonomy":"category","embeddable":true,"href":"https:\/\/www.mpal.mp.br\/index.php?rest_route=%2Fwp%2Fv2%2Fcategories&post=13930"},{"taxonomy":"post_tag","embeddable":true,"href":"https:\/\/www.mpal.mp.br\/index.php?rest_route=%2Fwp%2Fv2%2Ftags&post=13930"}],"curies":[{"name":"wp","href":"https:\/\/api.w.org\/{rel}","templated":true}]}}