{"id":13922,"date":"2014-04-02T09:52:57","date_gmt":"2014-04-02T12:52:57","guid":{"rendered":"https:\/\/www.mpal.mp.br\/?p=13922"},"modified":"2022-07-27T09:59:50","modified_gmt":"2022-07-27T12:59:50","slug":"esmp-al-oferta-cursos-de-capacitacao-funcional-a-servidores-e-membros","status":"publish","type":"post","link":"https:\/\/www.mpal.mp.br\/?p=13922","title":{"rendered":"ESMP\/AL oferta cursos de capacita\u00e7\u00e3o funcional a servidores e membros"},"content":{"rendered":"<p style=\"text-align: justify;\"><span style=\"font-size: 14pt;\">A Escola Superior do Minist\u00e9rio P\u00fablico Estadual de Alagoas (ESMP\/AL) d\u00e1 continuidade aos cursos de capacita\u00e7\u00e3o funcional e acad\u00eamica a servidores e membros da Institui\u00e7\u00e3o. Os cursos de L\u00edngua Portuguesa e Atendimento ao P\u00fablico t\u00eam o objetivo de aperfei\u00e7oar os servi\u00e7os do \u00f3rg\u00e3o para desenvolver o atendimento \u00e0 sociedade alagoana.<\/span><\/p>\n<p style=\"text-align: justify;\"><span style=\"font-size: 14pt;\">As aulas do curso de Reda\u00e7\u00e3o Oficial s\u00e3o lecionadas pela especialista em L\u00edngua Portuguesa<strong>,\u00a0<\/strong>Maria do Socorro Santos Porci\u00fancula, e pela psic\u00f3loga Camille Lemos Cavalcanti Wanderley, no pr\u00e9dio da ESMP\/AL. O curso teve in\u00edcio no dia 3 de fevereiro e encerrar\u00e1 seu conte\u00fado no dia 14 de abril, com carga hor\u00e1ria de 40h, sendo quatro horas de aula por semana, \u00e0s segundas-feiras, de 8h \u00e0s 12h.<\/span><\/p>\n<p style=\"text-align: justify;\"><span style=\"font-size: 14pt;\">\u201cEstamos dando continuidade \u00e0s capacita\u00e7\u00f5es voltadas \u00e0 excel\u00eancia no atendimento prestado \u00e0 popula\u00e7\u00e3o alagoana, bem como \u00e0 organiza\u00e7\u00e3o dos documentos internos da Institui\u00e7\u00e3o, por meio de uma padroniza\u00e7\u00e3o proporcionada pelo conte\u00fado program\u00e1tico dos cursos\u201d, disse a diretora da ESMP\/AL, promotora de Justi\u00e7a Stela Val\u00e9ria Soares de Farias Cavalcanti.<\/span><\/p>\n<p style=\"text-align: justify;\"><span style=\"font-size: 14pt;\">\u201cO destinat\u00e1rio do Minist\u00e9rio P\u00fablico Estadual \u00e9 a sociedade, logo, atualizar-se \u00e9 fundamental para desempenhar com efici\u00eancia o atendimento ao p\u00fablico e melhorar as rela\u00e7\u00f5es internas entre os servidores. Parabenizo a iniciativa da Escola Superior por investir nos seus servidores e membros, prestando aos alagoanos um servi\u00e7o de qualidade\u201d, falou a especialista em L\u00edngua Portuguesa, Maria do Socorro.<\/span><\/p>\n<p style=\"text-align: justify;\"><span style=\"font-size: 14pt;\"><strong>Cursos de capacita\u00e7\u00e3o<\/strong><\/span><\/p>\n<p style=\"text-align: justify;\"><span style=\"font-size: 14pt;\">Em seu hist\u00f3rico de cursos, a Escola Superior do Minist\u00e9rio P\u00fablico j\u00e1 abordou diversos temas, dentre os quais se destacam os de Introdu\u00e7\u00e3o a Elabora\u00e7\u00e3o e Gerenciamento de Projetos e de Reda\u00e7\u00e3o Oficial, este consoante o Manual de Reda\u00e7\u00e3o da Presid\u00eancia da Rep\u00fablica. Em 2012, o curso de Capacita\u00e7\u00e3o na Persecu\u00e7\u00e3o Penal do Crime de Homic\u00eddio foi realizado no audit\u00f3rio da Escola da Magistratura do Estado de Alagoas (Esmal). Na oportunidade, participaram membros e servidores do Minist\u00e9rio P\u00fablico Estadual, magistrados, defensores p\u00fablicos, delegados de pol\u00edcia, policiais civis e militares, peritos.<\/span><\/p>\n<p style=\"text-align: justify;\"><span style=\"font-size: 14pt;\">J\u00e1 o curso de Capacita\u00e7\u00e3o nas Rela\u00e7\u00f5es \u00c9tnicos-Raciais foi uma das realiza\u00e7\u00f5es da Secretaria de Pol\u00edticas de Promo\u00e7\u00e3o da Igualdade Racial da Presid\u00eancia da Rep\u00fablica, em parceria com a ESMP\/AL e a Esmal.<\/span><\/p>\n<p style=\"text-align: justify;\"><span style=\"font-size: 14pt;\"><strong>A Escola<\/strong><\/span><\/p>\n<p style=\"text-align: justify;\"><span style=\"font-size: 14pt;\">A Escola Superior do Minist\u00e9rio P\u00fablico de Alagoas \u00e9 \u00f3rg\u00e3o Auxiliar do Minist\u00e9rio P\u00fablico destinado a realizar cursos, semin\u00e1rios, congressos, simp\u00f3sios, pesquisas, estudos e publica\u00e7\u00f5es visando ao aprimoramento profissional e cultural dos membros da institui\u00e7\u00e3o, de seus auxiliares e funcion\u00e1rios, bem como a melhor execu\u00e7\u00e3o de seus servi\u00e7os e racionaliza\u00e7\u00e3o de seus recursos materiais.<\/span><\/p>\n","protected":false},"excerpt":{"rendered":"<p> [&hellip;]<\/p>\n","protected":false},"author":4,"featured_media":13923,"comment_status":"open","ping_status":"open","sticky":false,"template":"","format":"standard","meta":{"om_disable_all_campaigns":false,"_monsterinsights_skip_tracking":false,"_monsterinsights_sitenote_active":false,"_monsterinsights_sitenote_note":"","_monsterinsights_sitenote_category":0,"_uf_show_specific_survey":0,"_uf_disable_surveys":false,"footnotes":""},"categories":[19,2],"tags":[],"class_list":["post-13922","post","type-post","status-publish","format-standard","has-post-thumbnail","hentry","category-not_esmp","category-not_mpal"],"aioseo_notices":[],"_links":{"self":[{"href":"https:\/\/www.mpal.mp.br\/index.php?rest_route=\/wp\/v2\/posts\/13922","targetHints":{"allow":["GET"]}}],"collection":[{"href":"https:\/\/www.mpal.mp.br\/index.php?rest_route=\/wp\/v2\/posts"}],"about":[{"href":"https:\/\/www.mpal.mp.br\/index.php?rest_route=\/wp\/v2\/types\/post"}],"author":[{"embeddable":true,"href":"https:\/\/www.mpal.mp.br\/index.php?rest_route=\/wp\/v2\/users\/4"}],"replies":[{"embeddable":true,"href":"https:\/\/www.mpal.mp.br\/index.php?rest_route=%2Fwp%2Fv2%2Fcomments&post=13922"}],"version-history":[{"count":1,"href":"https:\/\/www.mpal.mp.br\/index.php?rest_route=\/wp\/v2\/posts\/13922\/revisions"}],"predecessor-version":[{"id":13924,"href":"https:\/\/www.mpal.mp.br\/index.php?rest_route=\/wp\/v2\/posts\/13922\/revisions\/13924"}],"wp:featuredmedia":[{"embeddable":true,"href":"https:\/\/www.mpal.mp.br\/index.php?rest_route=\/wp\/v2\/media\/13923"}],"wp:attachment":[{"href":"https:\/\/www.mpal.mp.br\/index.php?rest_route=%2Fwp%2Fv2%2Fmedia&parent=13922"}],"wp:term":[{"taxonomy":"category","embeddable":true,"href":"https:\/\/www.mpal.mp.br\/index.php?rest_route=%2Fwp%2Fv2%2Fcategories&post=13922"},{"taxonomy":"post_tag","embeddable":true,"href":"https:\/\/www.mpal.mp.br\/index.php?rest_route=%2Fwp%2Fv2%2Ftags&post=13922"}],"curies":[{"name":"wp","href":"https:\/\/api.w.org\/{rel}","templated":true}]}}