{"id":13916,"date":"2014-06-06T09:41:12","date_gmt":"2014-06-06T12:41:12","guid":{"rendered":"https:\/\/www.mpal.mp.br\/?p=13916"},"modified":"2022-07-27T09:45:48","modified_gmt":"2022-07-27T12:45:48","slug":"esmp-al-promove-palestra-sobre-armas-de-fogo-legislacao-e-pericia","status":"publish","type":"post","link":"https:\/\/www.mpal.mp.br\/?p=13916","title":{"rendered":"ESMP\/AL promove palestra sobre armas de fogo, legisla\u00e7\u00e3o e per\u00edcia"},"content":{"rendered":"<p style=\"text-align: justify;\" align=\"justify\"><span style=\"font-size: 14pt;\">A Escola Superior do Minist\u00e9rio P\u00fablico do Estado de Alagoas (ESMP\/AL) promoveu, na manh\u00e3 desta sexta-feira (6), a palestra Armas de Fogo, Legisla\u00e7\u00e3o e Per\u00edcia, que teve como palestrante o promotor de Justi\u00e7a do Minist\u00e9rio P\u00fablico do Estado do Tocantins (MPE\/TO), Fel\u00edcio Soares.<\/span><\/p>\n<p style=\"text-align: justify;\" align=\"justify\"><span style=\"font-size: 14pt;\">O subprocurador-geral Judicial do Minist\u00e9rio P\u00fablico do Estado de Alagoas, Anti\u00f3genes Marques de Lira, facilitou o debate. Com a presen\u00e7a de cerca de 50 estudantes e operadores do direito, o evento ocorreu no audit\u00f3rio Edgar Valente de Lima Filho, no pr\u00e9dio-sede da Procuradoria-Geral de Justi\u00e7a, no Po\u00e7o.<\/span><\/p>\n<p style=\"text-align: justify;\" align=\"justify\"><span style=\"font-size: 14pt;\">Fel\u00edcio Soares apresentou estudo recente sobre a dificuldade dos profissionais da \u00e1rea jur\u00eddica em entender a linguagem da per\u00edcia bal\u00edstica, o que muitas vezes dificulta a avalia\u00e7\u00e3o de inqu\u00e9ritos policiais enviados a Promotorias de Justi\u00e7a Criminais. Recentemente, o promotor publicou o livro Manual sobre Armas de Fogo, que aborda o tema.<\/span><\/p>\n<p style=\"text-align: justify;\" align=\"justify\"><span style=\"font-size: 14pt;\">\u201c\u00c9 uma grande satisfa\u00e7\u00e3o trazer para Alagoas essa discuss\u00e3o e poder contribuir para o crescimento intelectual e profissional do p\u00fablico\u201d afirmou o promotor do MPE\/TO.<\/span><\/p>\n<p style=\"text-align: justify;\" align=\"justify\"><span style=\"font-size: 14pt;\">\u201cFel\u00edcio Soares apresentou de forma pr\u00e1tica e completa o assunto da palestra de hoje. Tenho certeza de que todos os presentes ficaram satisfeitos com sua apresenta\u00e7\u00e3o\u201d disse a diretora da ESMP\/AL, promotora de Justi\u00e7a Stela Val\u00e9ria Soares de Farias Cavalcanti.<\/span><\/p>\n<p style=\"text-align: justify;\" align=\"justify\"><span style=\"font-size: 14pt;\"><strong>Manual sobre Armas de Fogo<\/strong><\/span><\/p>\n<p style=\"text-align: justify;\" align=\"justify\"><span style=\"font-size: 14pt;\">Na atividade desta sexta-feira, o promotor de Justi\u00e7a Fel\u00edcio Soares tamb\u00e9m lan\u00e7ou em Macei\u00f3 o livro do Manual sobre Armas de Fogo. O autor compilou, em um \u00fanico volume, material te\u00f3rico-pr\u00e1tico das diversas vertentes sobre armas de fogo, assunto de conhecimento imprescind\u00edvel para quem trabalha na \u00e1rea criminal.<\/span><\/p>\n<p style=\"text-align: justify;\" align=\"justify\"><span style=\"font-size: 14pt;\">Fel\u00edcio Soares aborda no livro bal\u00edstica forense, medicina legal, aspectos administrativos e doutrina sobre legisla\u00e7\u00e3o criminal, sob uma vertente ainda in\u00e9dita no mercado editorial, entre outros assuntos.<\/span><\/p>\n<p style=\"text-align: justify;\" align=\"justify\"><span style=\"font-size: 14pt;\">A obra traz, ainda, sugest\u00f5es de quesitos para cada aspecto pericial analisado, proporcionando ao operador do direito obter base te\u00f3rica para uma interpreta\u00e7\u00e3o precisa sobre fatos que envolvem a din\u00e2mica de armas de fogo. Tal estudo colabora com a sustenta\u00e7\u00e3o ou refuta\u00e7\u00e3o de uma tese, tomando por bases t\u00e9cnicas cient\u00edficas das mais modernas.<\/span><\/p>\n<p style=\"text-align: justify;\" align=\"justify\"><span style=\"font-size: 14pt;\">Al\u00e9m de vasta compila\u00e7\u00e3o de jurisprud\u00eancia dos tribunais superiores e da principal legisla\u00e7\u00e3o sobre o tema, a obra j\u00e1 vem atualizada pela recente reforma processual sobre medidas cautelares, abordada pela Lei Federal n\u00ba 12.403\/2011.<\/span><\/p>\n","protected":false},"excerpt":{"rendered":"<p> [&hellip;]<\/p>\n","protected":false},"author":4,"featured_media":13917,"comment_status":"open","ping_status":"open","sticky":false,"template":"","format":"standard","meta":{"om_disable_all_campaigns":false,"_monsterinsights_skip_tracking":false,"_monsterinsights_sitenote_active":false,"_monsterinsights_sitenote_note":"","_monsterinsights_sitenote_category":0,"_uf_show_specific_survey":0,"_uf_disable_surveys":false,"footnotes":""},"categories":[19,2],"tags":[],"class_list":["post-13916","post","type-post","status-publish","format-standard","has-post-thumbnail","hentry","category-not_esmp","category-not_mpal"],"aioseo_notices":[],"_links":{"self":[{"href":"https:\/\/www.mpal.mp.br\/index.php?rest_route=\/wp\/v2\/posts\/13916","targetHints":{"allow":["GET"]}}],"collection":[{"href":"https:\/\/www.mpal.mp.br\/index.php?rest_route=\/wp\/v2\/posts"}],"about":[{"href":"https:\/\/www.mpal.mp.br\/index.php?rest_route=\/wp\/v2\/types\/post"}],"author":[{"embeddable":true,"href":"https:\/\/www.mpal.mp.br\/index.php?rest_route=\/wp\/v2\/users\/4"}],"replies":[{"embeddable":true,"href":"https:\/\/www.mpal.mp.br\/index.php?rest_route=%2Fwp%2Fv2%2Fcomments&post=13916"}],"version-history":[{"count":1,"href":"https:\/\/www.mpal.mp.br\/index.php?rest_route=\/wp\/v2\/posts\/13916\/revisions"}],"predecessor-version":[{"id":13918,"href":"https:\/\/www.mpal.mp.br\/index.php?rest_route=\/wp\/v2\/posts\/13916\/revisions\/13918"}],"wp:featuredmedia":[{"embeddable":true,"href":"https:\/\/www.mpal.mp.br\/index.php?rest_route=\/wp\/v2\/media\/13917"}],"wp:attachment":[{"href":"https:\/\/www.mpal.mp.br\/index.php?rest_route=%2Fwp%2Fv2%2Fmedia&parent=13916"}],"wp:term":[{"taxonomy":"category","embeddable":true,"href":"https:\/\/www.mpal.mp.br\/index.php?rest_route=%2Fwp%2Fv2%2Fcategories&post=13916"},{"taxonomy":"post_tag","embeddable":true,"href":"https:\/\/www.mpal.mp.br\/index.php?rest_route=%2Fwp%2Fv2%2Ftags&post=13916"}],"curies":[{"name":"wp","href":"https:\/\/api.w.org\/{rel}","templated":true}]}}