{"id":13911,"date":"2014-06-10T09:36:22","date_gmt":"2014-06-10T12:36:22","guid":{"rendered":"https:\/\/www.mpal.mp.br\/?p=13911"},"modified":"2022-07-27T09:41:07","modified_gmt":"2022-07-27T12:41:07","slug":"mpe-al-abre-processo-seletivo-para-estagiarios-de-direito","status":"publish","type":"post","link":"https:\/\/www.mpal.mp.br\/?p=13911","title":{"rendered":"MPE\/AL abre processo seletivo para estagi\u00e1rios de Direito"},"content":{"rendered":"<p style=\"text-align: justify;\" align=\"justify\"><span style=\"font-size: 14pt;\">O Minist\u00e9rio P\u00fablico Estadual de Alagoas (MPE\/AL) iniciou, nesta ter\u00e7a-feira (10), o 5\u00ba processo seletivo p\u00fablico que tem por finalidade o preenchimento de vagas por estagi\u00e1rios de Direito. S\u00e3o 150 vagas, sendo que 13 delas s\u00e3o destinadas para portadores de necessidades especiais. O edital do concurso est\u00e1 publicado no Di\u00e1rio Oficial do Estado de Alagoas de hoje.<\/span><\/p>\n<p style=\"text-align: justify;\" align=\"justify\"><span style=\"font-size: 14pt;\">Poder\u00e3o participar do processo seletivo os estudantes do curso de Direito das institui\u00e7\u00f5es de ensino superior credenciadas ao Programa de Est\u00e1gio do MPE\/AL. O processo seletivo ser\u00e1 realizado pela Funda\u00e7\u00e3o Apol\u00f4nio Salles (Fadurpe), sob a supervis\u00e3o e acompanhamento da Escola Superior do Minist\u00e9rio P\u00fablico do Estado de Alagoas (ESMP- AL).<\/span><\/p>\n<p style=\"text-align: justify;\" align=\"justify\"><span style=\"font-size: 14pt;\">De acordo com a promotora de Justi\u00e7a e diretora da ESMP-AL, Stela Val\u00e9ria Cavalcanti este processo seletivo significa desenvolvimento para os estudantes e para a pr\u00f3pria institui\u00e7\u00e3o. \u201cO programa de est\u00e1gio tem a finalidade de contribuir para a forma\u00e7\u00e3o profissional dos estudantes de Direito. Durante os dois anos de est\u00e1gio, os estudantes ter\u00e3o a oportunidade de desenvolver suas habilidades e colaborar com a institui\u00e7\u00e3o nas Promotorias para as quais forem selecionados. \u00c9 uma oportunidade \u00edmpar, principalmente para aqueles que pretendem prestar concurso para o Minist\u00e9rio P\u00fablico\u201d, disse a promotora.<\/span><\/p>\n<p style=\"text-align: justify;\" align=\"justify\"><span style=\"font-size: 14pt;\">O est\u00e1gio ter\u00e1 carga hor\u00e1ria de 20 horas semanais, no per\u00edodo da manh\u00e3 ou da tarde, tendo dura\u00e7\u00e3o de 6 meses, que pode ser prorrogado por at\u00e9 tr\u00eas vezes por igual per\u00edodo. O estagi\u00e1rio far\u00e1 jus a uma bolsa de complementa\u00e7\u00e3o educacional no valor de um sal\u00e1rio-m\u00ednimo vigente, aux\u00edlio-transporte e seguro de vida.<\/span><\/p>\n<p style=\"text-align: justify;\" align=\"justify\"><span style=\"font-size: 14pt;\">As inscri\u00e7\u00f5es para o processo seletivo devem ser realizadas exclusivamente por meio do endere\u00e7o eletr\u00f4nico http:\/\/www.fadurpe.com.br\/mpal2014. O per\u00edodo de inscri\u00e7\u00e3o come\u00e7a hoje e segue at\u00e9 o dia 07 de julho.<\/span><\/p>\n<p style=\"text-align: justify;\" align=\"justify\"><span style=\"font-size: 14pt;\">O valor da taxa de inscri\u00e7\u00e3o \u00e9 R$ 45,00. O pagamento ser\u00e1 recolhido mediante boleto banc\u00e1rio, o qual ser\u00e1 gerado no ato da inscri\u00e7\u00e3o pela internet. Al\u00e9m disso, o candidato dever\u00e1 levar uma lata de leite em p\u00f3, a qual dever\u00e1 ser entregue, no dia e local da prova, para ser doado a institui\u00e7\u00f5es de caridade.<\/span><\/p>\n<p style=\"text-align: justify;\" align=\"justify\"><span style=\"font-size: 14pt;\">Os interessados em obter isen\u00e7\u00e3o do pagamento da taxa de inscri\u00e7\u00e3o dever\u00e3o preencher o formul\u00e1rio padr\u00e3o dispon\u00edvel no site. O candidato s\u00f3 poder\u00e1 se inscrever para concorrer \u00e0s vagas ofertadas em apenas uma comarca\/lota\u00e7\u00e3o.<\/span><\/p>\n<p style=\"text-align: justify;\" align=\"justify\"><span style=\"font-size: 14pt;\"><strong>Sobre o processo seletivo e prova<\/strong><\/span><\/p>\n<p style=\"text-align: justify;\" align=\"justify\"><span style=\"font-size: 14pt;\">O processo seletivo ser\u00e1 constitu\u00eddo de uma prova Escrita\/Objetiva, que est\u00e1 previsto para ser realizada no dia 20 de julho, no hor\u00e1rio das 14h \u00e0s 18h (hor\u00e1rio local). A prova conter\u00e1 80 quest\u00f5es, sendo dividida em duas partes \u2013 Conhecimentos B\u00e1sicos e Conhecimentos Espec\u00edficos em Direito.<\/span><\/p>\n<p style=\"text-align: justify;\" align=\"justify\"><span style=\"font-size: 14pt;\">Cada quest\u00e3o da prova objetiva ter\u00e1 cinco alternativas de m\u00faltipla escolha, das quais somente uma estar\u00e1 correta. O candidato que faltar \u00e0 prova ou obtiver menos que 50% do total de pontos da Prova Objetiva ser\u00e1 eliminado.<\/span><\/p>\n<p style=\"text-align: justify;\" align=\"justify\"><span style=\"font-size: 14pt;\">As provas ser\u00e3o realizadas em Macei\u00f3, Arapiraca e Penedo. Os interessados poder\u00e3o optar qual o local que desejam no ato da inscri\u00e7\u00e3o. O processo seletivo tem validade de 1 ano, a contar da data da divulga\u00e7\u00e3o do resultado, podendo ser prorrogado por igual per\u00edodo, a crit\u00e9rio do procurador-geral de Justi\u00e7a do Estado de Alagoas, S\u00e9rgio Juc\u00e1.<\/span><\/p>\n<p style=\"text-align: justify;\" align=\"justify\"><span style=\"font-size: 14pt;\">Sobre as vagas<\/span><\/p>\n<p style=\"text-align: justify;\" align=\"justify\"><span style=\"font-size: 14pt;\">S\u00e3o 57 vagas para Macei\u00f3 e 80 vagas para o interior de Alagoas, sendo que o candidato poder\u00e1 optar pela cidade de lota\u00e7\u00e3o no ato da inscri\u00e7\u00e3o.<\/span><\/p>\n<p style=\"text-align: justify;\" align=\"justify\"><span style=\"font-size: 14pt;\">Para concorrer \u00e0s vagas reservadas aos portadores de necessidades especiais o interessado dever\u00e1 no ato da inscri\u00e7\u00e3o declarar-se portador de defici\u00eancia, especificando sua condi\u00e7\u00e3o; bem como dentro do prazo previsto no edital encaminhar requerimento e laudo m\u00e9dico original ou c\u00f3pia simples, emitido nos \u00faltimos noventa dias, atestando a esp\u00e9cie e o grau ou n\u00edvel da defici\u00eancia, com expressa refer\u00eancia ao c\u00f3digo correspondente da Classifica\u00e7\u00e3o Internacional de Doen\u00e7as (CID-10), bem como \u00e0 prov\u00e1vel causa da defici\u00eancia.<\/span><\/p>\n<p style=\"text-align: justify;\" align=\"justify\"><span style=\"font-size: 14pt;\">O candidato portador de defici\u00eancia dever\u00e1 requerer, presencialmente, durante o per\u00edodo de inscri\u00e7\u00e3o, atendimento especial, indicando as condi\u00e7\u00f5es de que necessita para a sua realiza\u00e7\u00e3o na sede da Escola Superior do Minist\u00e9rio P\u00fablico do Estado de Alagoas, em Macei\u00f3-AL, na Rua Humberto Mendes, n\u00ba 636 (acesso pela rua lateral), 1\u00ba andar \u2013 Bairro Po\u00e7o, CEP. 57.025-400; em Arapiraca-AL, na Rua Samaritana, n\u00ba 1.025 &#8211; Bairro Santa Edwirges, CEP: 57.310-245; e, em Penedo, na Av. Floriano Peixoto, n\u00ba 167, Bairro Centro Hist\u00f3rico, CEP: 57.200-000, no hor\u00e1rio das 8h \u00e0s 13h. Ou, via postal (AR ou SEDEX), desde que postados at\u00e9 o \u00faltimo dia de inscri\u00e7\u00e3o.<\/span><\/p>\n","protected":false},"excerpt":{"rendered":"<p> [&hellip;]<\/p>\n","protected":false},"author":4,"featured_media":7620,"comment_status":"open","ping_status":"open","sticky":false,"template":"","format":"standard","meta":{"om_disable_all_campaigns":false,"_monsterinsights_skip_tracking":false,"_monsterinsights_sitenote_active":false,"_monsterinsights_sitenote_note":"","_monsterinsights_sitenote_category":0,"_uf_show_specific_survey":0,"_uf_disable_surveys":false,"footnotes":""},"categories":[19,2],"tags":[],"class_list":["post-13911","post","type-post","status-publish","format-standard","has-post-thumbnail","hentry","category-not_esmp","category-not_mpal"],"aioseo_notices":[],"_links":{"self":[{"href":"https:\/\/www.mpal.mp.br\/index.php?rest_route=\/wp\/v2\/posts\/13911","targetHints":{"allow":["GET"]}}],"collection":[{"href":"https:\/\/www.mpal.mp.br\/index.php?rest_route=\/wp\/v2\/posts"}],"about":[{"href":"https:\/\/www.mpal.mp.br\/index.php?rest_route=\/wp\/v2\/types\/post"}],"author":[{"embeddable":true,"href":"https:\/\/www.mpal.mp.br\/index.php?rest_route=\/wp\/v2\/users\/4"}],"replies":[{"embeddable":true,"href":"https:\/\/www.mpal.mp.br\/index.php?rest_route=%2Fwp%2Fv2%2Fcomments&post=13911"}],"version-history":[{"count":2,"href":"https:\/\/www.mpal.mp.br\/index.php?rest_route=\/wp\/v2\/posts\/13911\/revisions"}],"predecessor-version":[{"id":13915,"href":"https:\/\/www.mpal.mp.br\/index.php?rest_route=\/wp\/v2\/posts\/13911\/revisions\/13915"}],"wp:featuredmedia":[{"embeddable":true,"href":"https:\/\/www.mpal.mp.br\/index.php?rest_route=\/wp\/v2\/media\/7620"}],"wp:attachment":[{"href":"https:\/\/www.mpal.mp.br\/index.php?rest_route=%2Fwp%2Fv2%2Fmedia&parent=13911"}],"wp:term":[{"taxonomy":"category","embeddable":true,"href":"https:\/\/www.mpal.mp.br\/index.php?rest_route=%2Fwp%2Fv2%2Fcategories&post=13911"},{"taxonomy":"post_tag","embeddable":true,"href":"https:\/\/www.mpal.mp.br\/index.php?rest_route=%2Fwp%2Fv2%2Ftags&post=13911"}],"curies":[{"name":"wp","href":"https:\/\/api.w.org\/{rel}","templated":true}]}}