{"id":13910,"date":"2013-04-01T09:36:07","date_gmt":"2013-04-01T12:36:07","guid":{"rendered":"https:\/\/www.mpal.mp.br\/?p=13910"},"modified":"2022-07-27T09:36:36","modified_gmt":"2022-07-27T12:36:36","slug":"mpe-intermedia-problema-sobre-exumacoes-e-corpos-so-serao-desenterrados-quando-provas-indiretas-nao-forem-suficientes","status":"publish","type":"post","link":"https:\/\/www.mpal.mp.br\/?p=13910","title":{"rendered":"MPE intermedia problema sobre exuma\u00e7\u00f5es e corpos s\u00f3 ser\u00e3o desenterrados quando provas indiretas n\u00e3o forem suficientes"},"content":{"rendered":"<p class=\"western\" style=\"text-align: justify;\" align=\"JUSTIFY\"><span style=\"font-size: 14pt;\">Todos os 180 corpos v\u00edtimas da viol\u00eancia que foram enterrados, durante a greve dos m\u00e9dicos legistas de Alagoas, sem a realiza\u00e7\u00e3o dos exames de necropsia, n\u00e3o v\u00e3o mais precisar passar por exuma\u00e7\u00f5es. Tais procedimentos s\u00f3 acontecer\u00e3o naqueles casos em que os promotores de Justi\u00e7a do Tribunal do J\u00fari considerarem imprescind\u00edveis a avalia\u00e7\u00e3o do auto exame de corpo de delito. A decis\u00e3o foi tomada durante reuni\u00e3o que ocorreu no final da manh\u00e3 desta segunda-feira (01), envolvendo representantes do Minist\u00e9rio P\u00fablico Estadual, Conselho Estadual de Seguran\u00e7a P\u00fablica (Conseg), Pol\u00edcia Civil e Centro de Per\u00edcias Forenses.<\/span><\/p>\n<p class=\"western\" style=\"text-align: justify;\" align=\"JUSTIFY\"><span style=\"font-size: 14pt;\">O encontro foi proposto pela Promotoria de Justi\u00e7a de Controle Externo da Atividade Policial, coordenada pela promotora Karla Padilha. \u201cSabemos que h\u00e1 inqu\u00e9ritos pendentes, aguardando os exames cadav\u00e9ricos para serem conclu\u00eddos. Precis\u00e1vamos encontrar uma solu\u00e7\u00e3o para esse caso at\u00e9 mesmo para que os promotores da \u00e1rea criminal, quando do recebimento da pe\u00e7a investigat\u00f3ria vinda da Pol\u00edcia Civil, possa ter elementos suficientes para oferecer a a\u00e7\u00e3o penal. Essa era a nossa preocupa\u00e7\u00e3o. Al\u00e9m do que, temos obriga\u00e7\u00e3o de dar uma resposta \u00e0s fam\u00edlias das v\u00edtimas\u201d, explicou a autoridade ministerial.<\/span><\/p>\n<p class=\"western\" style=\"text-align: justify;\" align=\"JUSTIFY\"><span style=\"font-size: 14pt;\"><strong>Exuma\u00e7\u00f5es para casos emblem\u00e1ticos<\/strong><\/span><\/p>\n<p class=\"western\" style=\"text-align: justify;\" align=\"JUSTIFY\"><span style=\"font-size: 14pt;\">Seguindo a sugest\u00e3o do presidente do Conseg, juiz Maur\u00edcio Breda, representantes do CPFOR, IML, Pol\u00edcia Civil e os promotores de Justi\u00e7a presentes \u00e0 reuni\u00e3o acordaram que as exuma\u00e7\u00f5es s\u00f3 v\u00e3o ocorrer em tr\u00eas situa\u00e7\u00f5es: quando as provas indiretas (fotos, depoimentos, imagens de c\u00e2mera) n\u00e3o conseguirem comprovar a autoria delitiva, quando a morte for provocada por perfura\u00e7\u00e3o de bala e armas de fogo foram apreendidas, existindo a necessidade da realiza\u00e7\u00e3o do exame de compara\u00e7\u00e3o bal\u00edstica ou na situa\u00e7\u00e3o de \u00f3bito em acidente de carro, haja vista que o seguro DPVAT s\u00f3 \u00e9 pago \u00e0 fam\u00edlia da v\u00edtima mediante a apresenta\u00e7\u00e3o do laudo de necropsia.<\/span><\/p>\n<p class=\"western\" style=\"text-align: justify;\" align=\"JUSTIFY\"><span style=\"font-size: 14pt;\">\u201cTeremos uma perita que chegar\u00e1 de outro estado para ajudar nos trabalhos dos peritos locais. Ela j\u00e1 nos informou que s\u00f3 ter\u00e1 condi\u00e7\u00f5es de realizar dois exames por semana, ent\u00e3o, se a demanda for menos para as exuma\u00e7\u00f5es, certamente poderemos apresentar os resultados num menor espa\u00e7o de tempo\u201d, explicou Jo\u00e3o Alfredo Guimar\u00e3es, diretor do CPFOR.<\/span><\/p>\n<p class=\"western\" style=\"text-align: justify;\" align=\"JUSTIFY\"><span style=\"font-size: 14pt;\">E como primeira exuma\u00e7\u00e3o para ser feita, foi escolhida, pela Pol\u00edcia Civil, a do corpo do torcedor do CRB J\u00f4natas Daniel dos Santos, assassinado em julho do ano passado, depois de uma partida contra o clube do Am\u00e9rica de Natal.<\/span><\/p>\n<p class=\"western\" style=\"text-align: justify;\" align=\"JUSTIFY\"><span style=\"font-size: 14pt;\"><strong>Cobran\u00e7a do novo IML<\/strong><\/span><\/p>\n<p class=\"western\" style=\"text-align: justify;\" align=\"JUSTIFY\"><span style=\"font-size: 14pt;\">Enquanto essa medida paliativa \u00e9 adotada, o procurador-geral de Justi\u00e7a, S\u00e9rgio Juc\u00e1, vai convocar o secret\u00e1rio da Serveal Ronaldo Patriota e dono da construtora Elo, respons\u00e1vel pelas obras de reforma do IML de Macei\u00f3, para cobrar explica\u00e7\u00f5es sobre a demora para a conclus\u00e3o dos servi\u00e7os.\u201cPrecisamos saber o porqu\u00ea dessa reforma ainda est\u00e1 em andamento. H\u00e1 meses que ela se arrasta e, lamentavelmente, h\u00e1 corpos que est\u00e3o sendo transferidos para Arapiraca para que as necropsias possam ser realizadas. N\u00e3o podemos mais conceber esse tipo de situa\u00e7\u00e3o. Macei\u00f3 tem que ter um IML decente e que capaz de prestar um servi\u00e7o de qualidade. O Minist\u00e9rio P\u00fablico Estadual, como fiscal da lei, vai cobrar uma solu\u00e7\u00e3o imediata do Estado\u201d, garantiu S\u00e9rgio Juc\u00e1.<\/span><\/p>\n","protected":false},"excerpt":{"rendered":"<p> [&hellip;]<\/p>\n","protected":false},"author":5,"featured_media":13912,"comment_status":"open","ping_status":"open","sticky":false,"template":"","format":"standard","meta":{"om_disable_all_campaigns":false,"_monsterinsights_skip_tracking":false,"_monsterinsights_sitenote_active":false,"_monsterinsights_sitenote_note":"","_monsterinsights_sitenote_category":0,"_uf_show_specific_survey":0,"_uf_disable_surveys":false,"footnotes":""},"categories":[2],"tags":[],"class_list":["post-13910","post","type-post","status-publish","format-standard","has-post-thumbnail","hentry","category-not_mpal"],"aioseo_notices":[],"_links":{"self":[{"href":"https:\/\/www.mpal.mp.br\/index.php?rest_route=\/wp\/v2\/posts\/13910","targetHints":{"allow":["GET"]}}],"collection":[{"href":"https:\/\/www.mpal.mp.br\/index.php?rest_route=\/wp\/v2\/posts"}],"about":[{"href":"https:\/\/www.mpal.mp.br\/index.php?rest_route=\/wp\/v2\/types\/post"}],"author":[{"embeddable":true,"href":"https:\/\/www.mpal.mp.br\/index.php?rest_route=\/wp\/v2\/users\/5"}],"replies":[{"embeddable":true,"href":"https:\/\/www.mpal.mp.br\/index.php?rest_route=%2Fwp%2Fv2%2Fcomments&post=13910"}],"version-history":[{"count":1,"href":"https:\/\/www.mpal.mp.br\/index.php?rest_route=\/wp\/v2\/posts\/13910\/revisions"}],"predecessor-version":[{"id":13913,"href":"https:\/\/www.mpal.mp.br\/index.php?rest_route=\/wp\/v2\/posts\/13910\/revisions\/13913"}],"wp:featuredmedia":[{"embeddable":true,"href":"https:\/\/www.mpal.mp.br\/index.php?rest_route=\/wp\/v2\/media\/13912"}],"wp:attachment":[{"href":"https:\/\/www.mpal.mp.br\/index.php?rest_route=%2Fwp%2Fv2%2Fmedia&parent=13910"}],"wp:term":[{"taxonomy":"category","embeddable":true,"href":"https:\/\/www.mpal.mp.br\/index.php?rest_route=%2Fwp%2Fv2%2Fcategories&post=13910"},{"taxonomy":"post_tag","embeddable":true,"href":"https:\/\/www.mpal.mp.br\/index.php?rest_route=%2Fwp%2Fv2%2Ftags&post=13910"}],"curies":[{"name":"wp","href":"https:\/\/api.w.org\/{rel}","templated":true}]}}