{"id":13900,"date":"2013-05-24T09:33:40","date_gmt":"2013-05-24T12:33:40","guid":{"rendered":"https:\/\/www.mpal.mp.br\/?p=13900"},"modified":"2022-07-27T09:34:11","modified_gmt":"2022-07-27T12:34:11","slug":"promotores-e-procuradores-divulgam-carta-de-defesa-da-sociedade-e-da-cidadania","status":"publish","type":"post","link":"https:\/\/www.mpal.mp.br\/?p=13900","title":{"rendered":"Promotores e procuradores divulgam carta de defesa da sociedade e da cidadania"},"content":{"rendered":"<p style=\"text-align: justify;\"><span style=\"font-size: 14pt;\">Membros do Minist\u00e9rio P\u00fablico Federal, Militar, dos estados e do Distrito Federal e Territ\u00f3rios divulgaram nesta sexta-feira, 24\/5, a\u00a0<a href=\"http:\/\/www.cnmp.gov.br\/portal\/images\/stories\/CARTA_DE_DEFESA_DA_SOCIEDADE_E_DA_CIDADANIA.pdf\">Carta de Defesa da Sociedade e da Cidadania<\/a>. O documento \u00e9 resultado do III Encontro Nacional de Aperfei\u00e7oamento da Atua\u00e7\u00e3o do Minist\u00e9rio P\u00fablico no Controle Externo da Atividade Policial, realizado nos dias 23 e 24 de maio, na sede do Conselho nacional do Minist\u00e9rio P\u00fablico (CNMP), em Bras\u00edlia.<\/span><\/p>\n<p><span style=\"font-size: 14pt;\">No texto, promotores e procuradores afirmam que o controle externo da atividade policial \u00e9 essencial para a plena garantia dos direitos humanos. E defendem que a investiga\u00e7\u00e3o de crimes n\u00e3o deve ser atribui\u00e7\u00e3o exclusiva de uma \u00fanica institui\u00e7\u00e3o, tal como proposto pela Proposta de Emenda Constitucional 37. \u201c\u00c9 incompat\u00edvel com a Democracia e a Rep\u00fablica que os bra\u00e7os policiais armados exer\u00e7am o poder de decidir com exclusividade sobre o que e quem investigar\u201d, diz o documento.<\/span><\/p>\n<p><span style=\"font-size: 14pt;\">Os membros do MP ressaltam ainda que diversas associa\u00e7\u00f5es de policiais s\u00e3o contra a PEC, pois compartilham a percep\u00e7\u00e3o de que o modelo do inqu\u00e9rito policial, excessivamente burocr\u00e1tico, n\u00e3o melhora a efici\u00eancia da investiga\u00e7\u00e3o. Ainda segundo a carta, a investiga\u00e7\u00e3o conduzida pelo Minist\u00e9rio P\u00fablico \u00e9 uma realidade no Brasil e uma pr\u00e1tica valorizada em quase todos os pa\u00edses do mundo.<\/span><\/p>\n<p><span style=\"font-size: 14pt;\">O documento afirma tamb\u00e9m que a investiga\u00e7\u00e3o pelo Minist\u00e9rio P\u00fablico, titular da a\u00e7\u00e3o penal, atende os interesses da sociedade e dos cidad\u00e3os. \u201cO Minist\u00e9rio P\u00fablico n\u00e3o pretende substituir a atividade policial, da qual exerce o controle externo, mas seguir investigando, sempre que o interesse p\u00fablico assim o exigir.\u201d<\/span><\/p>\n<p><span style=\"font-size: 14pt;\">Para os promotores e procuradores, a supress\u00e3o ou redu\u00e7\u00e3o do controle externo da atividade policial e do poder investigat\u00f3rio, exercidos pelo Minist\u00e9rio P\u00fablico, afetam a independ\u00eancia e a autonomia do MP asseguradas na Constitui\u00e7\u00e3o.<\/span><\/p>\n<p><span style=\"font-size: 14pt;\">Ao final do documento, os membros reafirmam seu compromisso de proteger a cidadania, confiantes de que o Congresso Nacional rejeitar\u00e1 a PEC 37. . A PEC \u201csomente prejudica a defesa da sociedade ao aumentar a inseguran\u00e7a e a impunidade dos criminosos, n\u00e3o interessando ao cidad\u00e3o por violar leg\u00edtimas aspira\u00e7\u00f5es e conquistas da popula\u00e7\u00e3o brasileira\u201d.<\/span><br \/>\n<span style=\"font-size: 14pt;\"><strong><br \/>\nEncontro<\/strong><\/span><\/p>\n<p><span style=\"font-size: 14pt;\">O III Encontro Nacional de Aperfei\u00e7oamento da Atua\u00e7\u00e3o do Minist\u00e9rio P\u00fablico no Controle Externo da Atividade Policial foi realizado nesta quinta e sexta-feira (23 e 24\/5) pelo Conselho Nacional do Minist\u00e9rio P\u00fablico, em Bras\u00edlia.<\/span><\/p>\n<p><span style=\"font-size: 14pt;\">Noventa promotores e procuradores participaram do evento, que teve como o tema \u201cA atua\u00e7\u00e3o do Minist\u00e9rio P\u00fablico no Controle Externo da Atividade Policial para garantir a seguran\u00e7a p\u00fablica, assegurar os direitos humanos e reprimir abusos praticados no exerc\u00edcio das atividades policiais\u201d. Os trabalhos foram coordenados pelo conselheiro Mario Bonsaglia, presidente da Comiss\u00e3o do Sistema Prisional, Controle Externo da Atividade Policial e Seguran\u00e7a P\u00fablica do CNMP.<\/span><\/p>\n<p style=\"text-align: justify;\" align=\"JUSTIFY\"><span style=\"font-size: 14pt;\"><em>Com informa\u00e7\u00f5es da Ascom CNMP.<\/em><\/span><\/p>\n","protected":false},"excerpt":{"rendered":"<p> [&hellip;]<\/p>\n","protected":false},"author":5,"featured_media":13901,"comment_status":"open","ping_status":"open","sticky":false,"template":"","format":"standard","meta":{"om_disable_all_campaigns":false,"_monsterinsights_skip_tracking":false,"_monsterinsights_sitenote_active":false,"_monsterinsights_sitenote_note":"","_monsterinsights_sitenote_category":0,"_uf_show_specific_survey":0,"_uf_disable_surveys":false,"footnotes":""},"categories":[2],"tags":[],"class_list":["post-13900","post","type-post","status-publish","format-standard","has-post-thumbnail","hentry","category-not_mpal"],"aioseo_notices":[],"_links":{"self":[{"href":"https:\/\/www.mpal.mp.br\/index.php?rest_route=\/wp\/v2\/posts\/13900","targetHints":{"allow":["GET"]}}],"collection":[{"href":"https:\/\/www.mpal.mp.br\/index.php?rest_route=\/wp\/v2\/posts"}],"about":[{"href":"https:\/\/www.mpal.mp.br\/index.php?rest_route=\/wp\/v2\/types\/post"}],"author":[{"embeddable":true,"href":"https:\/\/www.mpal.mp.br\/index.php?rest_route=\/wp\/v2\/users\/5"}],"replies":[{"embeddable":true,"href":"https:\/\/www.mpal.mp.br\/index.php?rest_route=%2Fwp%2Fv2%2Fcomments&post=13900"}],"version-history":[{"count":1,"href":"https:\/\/www.mpal.mp.br\/index.php?rest_route=\/wp\/v2\/posts\/13900\/revisions"}],"predecessor-version":[{"id":13902,"href":"https:\/\/www.mpal.mp.br\/index.php?rest_route=\/wp\/v2\/posts\/13900\/revisions\/13902"}],"wp:featuredmedia":[{"embeddable":true,"href":"https:\/\/www.mpal.mp.br\/index.php?rest_route=\/wp\/v2\/media\/13901"}],"wp:attachment":[{"href":"https:\/\/www.mpal.mp.br\/index.php?rest_route=%2Fwp%2Fv2%2Fmedia&parent=13900"}],"wp:term":[{"taxonomy":"category","embeddable":true,"href":"https:\/\/www.mpal.mp.br\/index.php?rest_route=%2Fwp%2Fv2%2Fcategories&post=13900"},{"taxonomy":"post_tag","embeddable":true,"href":"https:\/\/www.mpal.mp.br\/index.php?rest_route=%2Fwp%2Fv2%2Ftags&post=13900"}],"curies":[{"name":"wp","href":"https:\/\/api.w.org\/{rel}","templated":true}]}}