{"id":13895,"date":"2014-07-21T09:32:25","date_gmt":"2014-07-21T12:32:25","guid":{"rendered":"https:\/\/www.mpal.mp.br\/?p=13895"},"modified":"2022-07-27T09:36:07","modified_gmt":"2022-07-27T12:36:07","slug":"mais-de-770-candidatos-fazem-provas-em-maceio-e-no-interior-em-busca-de-um-estagio-no-ministerio-publico","status":"publish","type":"post","link":"https:\/\/www.mpal.mp.br\/?p=13895","title":{"rendered":"Mais de 770 candidatos fazem provas em Macei\u00f3 e no interior em busca de um est\u00e1gio no Minist\u00e9rio P\u00fablico"},"content":{"rendered":"<p style=\"text-align: justify;\"><span style=\"font-size: 14pt;\">O Minist\u00e9rio P\u00fablico Estadual de Alagoas (MPE\/AL) realizou, neste domingo (20), o 5\u00ba processo seletivo p\u00fablico que teve por finalidade o preenchimento de vagas por estagi\u00e1rios de Direito. S\u00e3o 150 vagas, sendo que 13 delas s\u00e3o destinadas para portadores de necessidades especiais. O edital do concurso foi publicado no Di\u00e1rio Oficial do Estado de Alagoas de 10 de junho \u00faltimo e o resultado est\u00e1 previsto para ser divulgado no pr\u00f3ximo dia 30.<\/span><\/p>\n<p style=\"text-align: justify;\" align=\"JUSTIFY\"><span style=\"font-size: 14pt;\">Cerca de 770 estudantes do curso de Direito das institui\u00e7\u00f5es de ensino superior credenciadas ao Programa de Est\u00e1gio do MPE\/AL participaram do processo seletivo. Fernanda Fortes, aluna do 6\u00ba per\u00edodo de Direito da Fits, esteve entre os concorrentes. \u201cO Minist\u00e9rio P\u00fablico \u00e9 uma institui\u00e7\u00e3o renovada, bastante respeitada na sociedade. J\u00e1 fui estagi\u00e1ria do Tribunal de Contas, por\u00e9m, sinto que preciso aprender muito mais conte\u00fado e acho que o MP \u00e9 o lugar ideal para isso\u201d, contou.<\/span><\/p>\n<p style=\"text-align: justify;\" align=\"JUSTIFY\"><span style=\"font-size: 14pt;\">O estudante Jonathas Melo, que cursa o 8\u00ba per\u00edodo de Direito na Faculdade Raimundo Marinho, tem uma liga\u00e7\u00e3o maior com o MPE\/AL. \u201cMeu maior sonho \u00e9 ser promotor de Justi\u00e7a e quero atuar no tribunal do j\u00fari. Estou participando da sele\u00e7\u00e3o e, se puder escolher, quero estagiar uma promotoria criminal. Meu desejo de poder ajudar a se fazer justi\u00e7a foi o que me moveu a fazer Direito. Eu me estudei bastante e estou confiante na aprova\u00e7\u00e3o\u201d, afirmou ele.<\/span><\/p>\n<p style=\"text-align: justify;\" align=\"JUSTIFY\"><span style=\"font-size: 14pt;\">O procurador-geral de Justi\u00e7a, S\u00e9rgio Juc\u00e1, acompanhou a realiza\u00e7\u00e3o das provas, que, em Macei\u00f3, foram aplicadas na Faculdade de Educa\u00e7\u00e3o e Comunica\u00e7\u00e3o do Cesmac. \u201cEmbora o estagi\u00e1rio n\u00e3o seja um funcion\u00e1rio de carreira do Minist\u00e9rio P\u00fablico, ele se torna um grande auxiliar dos seus membros, prestando um servi\u00e7o relevante \u00e0 institui\u00e7\u00e3o e \u00e0 sociedade. Eu n\u00e3o fa\u00e7o distin\u00e7\u00e3o entre membros, servidores e estagi\u00e1rios. Somos todos integrantes do bravo Minist\u00e9rio P\u00fablico de Alagoas\u201d, afirmou o chefe do MPE\/AL.<\/span><\/p>\n<p style=\"text-align: justify;\" align=\"JUSTIFY\"><span style=\"font-size: 14pt;\">De acordo com a promotora de Justi\u00e7a e diretora da Escola Superior do Minist\u00e9rio P\u00fablico (ESMP\/AL), Stela Val\u00e9ria Cavalcanti, o processo seletivo significa desenvolvimento para os estudantes e para a pr\u00f3pria institui\u00e7\u00e3o. \u201cO programa de est\u00e1gio tem a finalidade de contribuir para a forma\u00e7\u00e3o profissional dos alunos do curso de Direito. Durante os dois anos de est\u00e1gio, os estudantes ter\u00e3o a oportunidade de desenvolver suas habilidades e colaborar com a institui\u00e7\u00e3o nas Promotorias para as quais forem selecionados. \u00c9 uma oportunidade \u00edmpar, principalmente para aqueles que pretendem prestar concurso para o Minist\u00e9rio P\u00fablico\u201d, disse a promotora.<\/span><\/p>\n<p style=\"text-align: justify;\" align=\"JUSTIFY\"><span style=\"font-size: 14pt;\"><strong>O est\u00e1gio<\/strong><\/span><\/p>\n<p style=\"text-align: justify;\" align=\"JUSTIFY\"><span style=\"font-size: 14pt;\">O processo seletivo foi realizado pela Funda\u00e7\u00e3o Apol\u00f4nio Salles (Fadurpe), sob a supervis\u00e3o e acompanhamento da ESMP\/AL. O resultado ser\u00e1 divulgado no pr\u00f3ximo dia 30, no endere\u00e7o eletr\u00f4nico http:\/\/www.fadurpe.com.br\/mpal2014.<\/span><\/p>\n<p style=\"text-align: justify;\" align=\"JUSTIFY\"><span style=\"font-size: 14pt;\">O est\u00e1gio ter\u00e1 carga hor\u00e1ria de 20 horas semanais, no per\u00edodo da manh\u00e3 ou da tarde, tendo dura\u00e7\u00e3o de 6 meses, que pode ser prorrogado por at\u00e9 tr\u00eas vezes, por igual per\u00edodo. O estagi\u00e1rio far\u00e1 jus a uma bolsa de complementa\u00e7\u00e3o educacional no valor de um sal\u00e1rio-m\u00ednimo vigente, aux\u00edlio-transporte e seguro de vida.<\/span><\/p>\n<p style=\"text-align: justify;\" align=\"JUSTIFY\"><span style=\"font-size: 14pt;\">Paralelamente ao pagamento da taxa de inscri\u00e7\u00e3o, os 772 candidatos inscritos doaram uma lata de leite. Os produtos arrecadados ser\u00e3o distribu\u00eddos com institui\u00e7\u00f5es filantr\u00f3picas da capital e do interior.<\/span><\/p>\n","protected":false},"excerpt":{"rendered":"<p> [&hellip;]<\/p>\n","protected":false},"author":4,"featured_media":13904,"comment_status":"open","ping_status":"open","sticky":false,"template":"","format":"standard","meta":{"om_disable_all_campaigns":false,"_monsterinsights_skip_tracking":false,"_monsterinsights_sitenote_active":false,"_monsterinsights_sitenote_note":"","_monsterinsights_sitenote_category":0,"_uf_show_specific_survey":0,"_uf_disable_surveys":false,"footnotes":""},"categories":[19,2],"tags":[],"class_list":["post-13895","post","type-post","status-publish","format-standard","has-post-thumbnail","hentry","category-not_esmp","category-not_mpal"],"aioseo_notices":[],"_links":{"self":[{"href":"https:\/\/www.mpal.mp.br\/index.php?rest_route=\/wp\/v2\/posts\/13895","targetHints":{"allow":["GET"]}}],"collection":[{"href":"https:\/\/www.mpal.mp.br\/index.php?rest_route=\/wp\/v2\/posts"}],"about":[{"href":"https:\/\/www.mpal.mp.br\/index.php?rest_route=\/wp\/v2\/types\/post"}],"author":[{"embeddable":true,"href":"https:\/\/www.mpal.mp.br\/index.php?rest_route=\/wp\/v2\/users\/4"}],"replies":[{"embeddable":true,"href":"https:\/\/www.mpal.mp.br\/index.php?rest_route=%2Fwp%2Fv2%2Fcomments&post=13895"}],"version-history":[{"count":1,"href":"https:\/\/www.mpal.mp.br\/index.php?rest_route=\/wp\/v2\/posts\/13895\/revisions"}],"predecessor-version":[{"id":13907,"href":"https:\/\/www.mpal.mp.br\/index.php?rest_route=\/wp\/v2\/posts\/13895\/revisions\/13907"}],"wp:featuredmedia":[{"embeddable":true,"href":"https:\/\/www.mpal.mp.br\/index.php?rest_route=\/wp\/v2\/media\/13904"}],"wp:attachment":[{"href":"https:\/\/www.mpal.mp.br\/index.php?rest_route=%2Fwp%2Fv2%2Fmedia&parent=13895"}],"wp:term":[{"taxonomy":"category","embeddable":true,"href":"https:\/\/www.mpal.mp.br\/index.php?rest_route=%2Fwp%2Fv2%2Fcategories&post=13895"},{"taxonomy":"post_tag","embeddable":true,"href":"https:\/\/www.mpal.mp.br\/index.php?rest_route=%2Fwp%2Fv2%2Ftags&post=13895"}],"curies":[{"name":"wp","href":"https:\/\/api.w.org\/{rel}","templated":true}]}}