{"id":13894,"date":"2013-06-13T09:31:58","date_gmt":"2013-06-13T12:31:58","guid":{"rendered":"https:\/\/www.mpal.mp.br\/?p=13894"},"modified":"2022-07-27T09:32:29","modified_gmt":"2022-07-27T12:32:29","slug":"comite-estadual-de-prevencao-e-combate-a-tortura-implementa-plano-de-acoes-em-alagoas","status":"publish","type":"post","link":"https:\/\/www.mpal.mp.br\/?p=13894","title":{"rendered":"Comit\u00ea Estadual de Preven\u00e7\u00e3o e Combate \u00e0 Tortura implementa plano de a\u00e7\u00f5es em Alagoas"},"content":{"rendered":"<div class=\"content-wrapper-1\">\n<div class=\"content-wrapper-2\">\n<div id=\"mainmiddle\">\n<div id=\"mainmiddle-expand\">\n<div id=\"content\">\n<div id=\"content-shift\">\n<div class=\"floatbox\">\n<div class=\"joomla \">\n<div class=\"article\">\n<div id=\"articlepxfontsize1\">\n<p style=\"text-align: justify;\"><span style=\"font-size: 14pt;\">O Comit\u00ea Estadual de Preven\u00e7\u00e3o e Combate \u00e0 Tortura vai implementar um plano de a\u00e7\u00f5es em Alagoas e a primeira delas ser\u00e1 o agendamento de reuni\u00f5es com gestores da \u00e1rea da seguran\u00e7a p\u00fablica.\u00a0<span lang=\"pt-PT\">A presidente do Comit\u00ea Estadual de Preven\u00e7\u00e3o \u00e0 Tortura, promotora Karla Padilha, informou que a<\/span>\u00a0iniciativa tem como objetivo\u00a0<span lang=\"pt-PT\">estabelecer um conjunto\u00a0<\/span><span lang=\"pt-PT\">d<\/span><span lang=\"pt-PT\">e a\u00e7\u00f5es integra<\/span><span lang=\"pt-PT\">d<\/span><span lang=\"pt-PT\">as\u00a0<\/span><span lang=\"pt-PT\">d<\/span><span lang=\"pt-PT\">estina<\/span><span lang=\"pt-PT\">d<\/span><span lang=\"pt-PT\">as a prevenir e\u00a0<\/span><span lang=\"pt-PT\">d<\/span><span lang=\"pt-PT\">ificultar a pr\u00e1tica\u00a0<\/span><span lang=\"pt-PT\">d<\/span><span lang=\"pt-PT\">a tortura.<\/span><\/span><\/p>\n<p style=\"text-align: justify;\"><span lang=\"pt-PT\" style=\"font-size: 14pt;\">O Comit\u00ea Estadual solicitar\u00e1 uma audi\u00eancia com o secret\u00e1rio de Defesa Social, o diretor-geral da Policia Civil e os comandantes da Pol\u00edcia Militar e do Corpo de Bombeiros Militar. Havr\u00e1 reuni\u00f5es tamb\u00e9m com os respons\u00e1veis pelo Sistema Prisional, Casa de Cust\u00f3dia, Per\u00edcia Criminal\u00edstica, Secretaria de Estado da Promo\u00e7\u00e3o da Paz e N\u00facleo Estadual de Atendimento Socioeducativa [Neas].<\/span><\/p>\n<p style=\"text-align: justify;\"><span style=\"font-size: 14pt;\">\u201c<span lang=\"pt-PT\">Iremos em asilos onde est\u00e3o idosos, delegacias de pol\u00edcia que ainda t\u00eam presos, comunidades acolhedoras e cl\u00ednicas de interna\u00e7\u00f5es compuls\u00f3rias e involunt\u00e1rias. O Plano\u00a0<\/span><span lang=\"pt-PT\">d<\/span><span lang=\"pt-PT\">e A\u00e7\u00f5es norteia e est\u00e1 inseri<\/span><span lang=\"pt-PT\">d<\/span><span lang=\"pt-PT\">o em to<\/span><span lang=\"pt-PT\">d<\/span><span lang=\"pt-PT\">as as\u00a0<\/span><span lang=\"pt-PT\">d<\/span><span lang=\"pt-PT\">emais a\u00e7\u00f5es\u00a0<\/span><span lang=\"pt-PT\">d<\/span><span lang=\"pt-PT\">a Coor<\/span><span lang=\"pt-PT\">d<\/span><span lang=\"pt-PT\">ena\u00e7\u00e3o Geral\u00a0<\/span><span lang=\"pt-PT\">d<\/span><span lang=\"pt-PT\">e Sa\u00fa<\/span><span lang=\"pt-PT\">d<\/span><span lang=\"pt-PT\">e Mental e\u00a0<\/span><span lang=\"pt-PT\">Com<\/span><span lang=\"pt-PT\">bate \u00e0 Tortura\u201d, exp\u00f4s a promotora Karla Padilha.<\/span><\/span><\/p>\n<p style=\"text-align: justify;\"><span lang=\"pt-PT\" style=\"font-size: 14pt;\">A representante do Minist\u00e9rio P\u00fablico Estadual no Comit\u00ea continua: \u201cO Comit\u00ea Estadual vai solicitar uma audi\u00eancia com o governador Teotonio Vilela Filho para tratar da cria\u00e7\u00e3o do Mecanismo Estadual de Preven\u00e7\u00e3o e Combate \u00e0 Tortura de Alagoas. O Mecanismo tem como objetivo planejar, realizar, e conduzir visitas peri\u00f3dicas e regulares a espa\u00e7os de priva\u00e7\u00e3o de liberdade, qualquer que seja a forma ou fundamento de deten\u00e7\u00e3o, aprisionamento, conten\u00e7\u00e3o ou coloca\u00e7\u00e3o em estabelecimento p\u00fablico ou privado de controle, vigil\u00e2ncia, interna\u00e7\u00e3o, abrigo ou tratamento.<\/span><\/p>\n<p style=\"text-align: justify;\"><span lang=\"pt-PT\" style=\"font-size: 14pt;\">De acordo com a promotora, o agrupamento verificar\u00e1 as condi\u00e7\u00f5es em que se encontram submetidas as pessoas privadas de liberdade, com o intuito de prevenir \u00e0 tortura e outros tratamentos ou penas crueis, desumanos e degradantes.<\/span><\/p>\n<p style=\"text-align: justify;\"><span style=\"font-size: 14pt;\"><span lang=\"pt-PT\">Atualmente, quinze Esta<\/span><span lang=\"pt-PT\">d<\/span><span lang=\"pt-PT\">os tamb\u00e9m organizaram\u00a0<\/span><span lang=\"pt-PT\">com<\/span><span lang=\"pt-PT\">it\u00eas esta<\/span><span lang=\"pt-PT\">d<\/span><span lang=\"pt-PT\">uais\u00a0<\/span><span lang=\"pt-PT\">d<\/span><span lang=\"pt-PT\">e\u00a0<\/span><span lang=\"pt-PT\">com<\/span><span lang=\"pt-PT\">bate \u00e0 tortura: Alagoas, Acre, Bahia, Cear\u00e1, Maranh\u00e3o, Para\u00edba, Pernambuco, Piau\u00ed, Rio Grande do Norte, Goi\u00e1s, Es\u00edrito Santo, Rio de Janeiro, Paran\u00e1, Rio Grande do Sul e Santa Catarina.<\/span><\/span><\/p>\n<p style=\"text-align: justify;\"><span lang=\"pt-PT\" style=\"font-size: 14pt;\"><em>Com informa\u00e7\u00f5es da Ag\u00eancia Alagoas.<\/em><\/span><\/p>\n<\/div>\n<\/div>\n<\/div>\n<\/div>\n<\/div>\n<\/div>\n<\/div>\n<\/div>\n<\/div>\n<\/div>\n<div class=\"content-wrapper-b1\">\n<div class=\"content-wrapper-b2\" style=\"text-align: justify;\"><\/div>\n<\/div>\n","protected":false},"excerpt":{"rendered":"<p> [&hellip;]<\/p>\n","protected":false},"author":5,"featured_media":2857,"comment_status":"open","ping_status":"open","sticky":false,"template":"","format":"standard","meta":{"om_disable_all_campaigns":false,"_monsterinsights_skip_tracking":false,"_monsterinsights_sitenote_active":false,"_monsterinsights_sitenote_note":"","_monsterinsights_sitenote_category":0,"_uf_show_specific_survey":0,"_uf_disable_surveys":false,"footnotes":""},"categories":[2],"tags":[],"class_list":["post-13894","post","type-post","status-publish","format-standard","has-post-thumbnail","hentry","category-not_mpal"],"aioseo_notices":[],"_links":{"self":[{"href":"https:\/\/www.mpal.mp.br\/index.php?rest_route=\/wp\/v2\/posts\/13894","targetHints":{"allow":["GET"]}}],"collection":[{"href":"https:\/\/www.mpal.mp.br\/index.php?rest_route=\/wp\/v2\/posts"}],"about":[{"href":"https:\/\/www.mpal.mp.br\/index.php?rest_route=\/wp\/v2\/types\/post"}],"author":[{"embeddable":true,"href":"https:\/\/www.mpal.mp.br\/index.php?rest_route=\/wp\/v2\/users\/5"}],"replies":[{"embeddable":true,"href":"https:\/\/www.mpal.mp.br\/index.php?rest_route=%2Fwp%2Fv2%2Fcomments&post=13894"}],"version-history":[{"count":1,"href":"https:\/\/www.mpal.mp.br\/index.php?rest_route=\/wp\/v2\/posts\/13894\/revisions"}],"predecessor-version":[{"id":13896,"href":"https:\/\/www.mpal.mp.br\/index.php?rest_route=\/wp\/v2\/posts\/13894\/revisions\/13896"}],"wp:featuredmedia":[{"embeddable":true,"href":"https:\/\/www.mpal.mp.br\/index.php?rest_route=\/wp\/v2\/media\/2857"}],"wp:attachment":[{"href":"https:\/\/www.mpal.mp.br\/index.php?rest_route=%2Fwp%2Fv2%2Fmedia&parent=13894"}],"wp:term":[{"taxonomy":"category","embeddable":true,"href":"https:\/\/www.mpal.mp.br\/index.php?rest_route=%2Fwp%2Fv2%2Fcategories&post=13894"},{"taxonomy":"post_tag","embeddable":true,"href":"https:\/\/www.mpal.mp.br\/index.php?rest_route=%2Fwp%2Fv2%2Ftags&post=13894"}],"curies":[{"name":"wp","href":"https:\/\/api.w.org\/{rel}","templated":true}]}}