{"id":13887,"date":"2014-08-05T09:29:54","date_gmt":"2014-08-05T12:29:54","guid":{"rendered":"https:\/\/www.mpal.mp.br\/?p=13887"},"modified":"2022-07-27T09:32:20","modified_gmt":"2022-07-27T12:32:20","slug":"esmp-al-abre-edital-de-chamada-de-artigos-para-a-27a-edicao-da-revista-do-ministerio-publico-de-alagoas","status":"publish","type":"post","link":"https:\/\/www.mpal.mp.br\/?p=13887","title":{"rendered":"ESMP\/AL abre edital de chamada de artigos para a 27\u00aa edi\u00e7\u00e3o da Revista do Minist\u00e9rio P\u00fablico de Alagoas"},"content":{"rendered":"<p style=\"text-align: justify;\"><span style=\"font-size: 14pt;\">A Escola Superior do Minist\u00e9rio P\u00fablico (ESMP) do Estado de Alagoas publicou no Di\u00e1rio Oficial do Estado de Alagoas desta ter\u00e7a-feira (05\/08), o Edital de chamada de artigos para a 27\u00aa edi\u00e7\u00e3o da Revista do Minist\u00e9rio P\u00fablico de Alagoas, a qual se destina \u00e0 publica\u00e7\u00e3o de artigos jur\u00eddicos e pe\u00e7as processuais.<\/span><\/p>\n<p style=\"text-align: justify;\"><span style=\"font-size: 14pt;\">Os interessados devem encaminhar seus artigos at\u00e9 o dia 15 de setembro de 2014 para o endere\u00e7o eletr\u00f4nico\u00a0<a href=\"mailto:esmp@mpal.mp.br\">esmp@mpal.mp.br<\/a>. Os artigos ser\u00e3o submetidos ao Conselho Editorial para a sele\u00e7\u00e3o dos que v\u00e3o compor a edi\u00e7\u00e3o da revista.<\/span><\/p>\n<p style=\"text-align: justify;\"><span style=\"font-size: 14pt;\">Um dos crit\u00e9rios primordiais para a escolha do artigo \u00e9 a originalidade, mas no processo seletivo ser\u00e1 analisada tamb\u00e9m a aten\u00e7\u00e3o ao vern\u00e1culo e concatena\u00e7\u00e3o das ideias do artigo; a coer\u00eancia da conclus\u00e3o com o desenvolvimento; a originalidade dos argumentos e da abordagem; o grau de reflexividade; a consist\u00eancia t\u00e9cnica e a qualidade da pesquisa.<\/span><\/p>\n<p style=\"text-align: justify;\"><span style=\"font-size: 14pt;\">Al\u00e9m disso, ser\u00e1 avaliada a observ\u00e2ncia \u00e0 formata\u00e7\u00e3o, pois o artigo deve conter, no m\u00e1ximo, 30 laudas (inclu\u00eddas as refer\u00eancias bibliogr\u00e1ficas), em folhas de tamanho A4; fonte Times New Roman, em tamanho 12, com alinhamento justificado; espa\u00e7amento entre linhas do tipo \u201csimples\u201d no resumo e nas cita\u00e7\u00f5es que excedam tr\u00eas linhas, e de 1,5 no corpo do texto; o t\u00edtulo com alinhamento centralizado, em mai\u00fasculas e em negrito.<\/span><\/p>\n<p style=\"text-align: justify;\"><span style=\"font-size: 14pt;\">Na segunda linha, ap\u00f3s o t\u00edtulo, deve constar o nome completo dos autores, alinhado \u00e0 direita, seguido do nome da institui\u00e7\u00e3o de filia\u00e7\u00e3o e e-mail. Ainda como regra de formata\u00e7\u00e3o o documento do artigo deve estar com margens superior e esquerda de 3 cm, e inferior e direita de 2 cm; deve conter numera\u00e7\u00e3o no canto inferior direito a partir da primeira p\u00e1gina e, ainda, a primeira linha de cada par\u00e1grafo deve obedecer ao recuo de 1 cm; j\u00e1 as cita\u00e7\u00f5es que excedam 3 linhas, deve ter o recuo de 4 cm,\u00a0e seguir o sistema num\u00e9rico em notas de refer\u00eancia. Em suma, devem ser observadas as normas de publica\u00e7\u00e3o da ABNT.\u00a0Os trabalhos que n\u00e3o respeitarem as regras acima citadas ser\u00e3o automaticamente eliminados do processo seletivo.<\/span><\/p>\n<p style=\"text-align: justify;\"><span style=\"font-size: 14pt;\">Outro pr\u00e9-requisito \u00e9 que o artigo dever\u00e1 ser enviado em formato compat\u00edvel com o Microsoft Word ou Libre Office (\u201c.doc\u201d, \u201c.docx\u201d ou \u201c.odt\u201d) e anexado ao email. No corpo do e-mail dever\u00e3o conter os seguintes dados: a) Autor; b) Entidade\/\u00d3rg\u00e3o de origem; c) Cargo; d) T\u00edtulo do artigo; e) E-mail; f) Telefone; g) Endere\u00e7o; h) Resumo do trabalho (m\u00e1ximo de 10 linhas).<\/span><\/p>\n<p style=\"text-align: justify;\"><span style=\"font-size: 14pt;\">Os autores que tiverem seus artigos selecionados ser\u00e3o notificados por email pelo Conselho Editorial. \u00c9 importante destacar que, ao enviar o artigo ou a pe\u00e7a, o autor cujo texto for selecionado, renuncia aos direitos autorais em prol da Revista do Minist\u00e9rio P\u00fablico de Alagoas, especificamente no que se refere \u00e0 publica\u00e7\u00e3o em meio impresso ou divulga\u00e7\u00e3o do seu conte\u00fado pela internet.<\/span><\/p>\n<p style=\"text-align: justify;\"><span style=\"font-size: 14pt;\"><strong>ESMP<\/strong><\/span><\/p>\n<p style=\"text-align: justify;\"><span style=\"font-size: 14pt;\">A Escola Superior do Minist\u00e9rio P\u00fablico de Alagoas \u00e9 \u00f3rg\u00e3o auxiliar do Minist\u00e9rio P\u00fablico destinado a realizar cursos, semin\u00e1rios, congressos, simp\u00f3sios, pesquisas, estudos e publica\u00e7\u00f5es visando ao aprimoramento profissional e cultural dos membros da institui\u00e7\u00e3o, de seus auxiliares e funcion\u00e1rios, bem como a melhor execu\u00e7\u00e3o de seus servi\u00e7os e racionaliza\u00e7\u00e3o de seus recursos materiais.<\/span><\/p>\n","protected":false},"excerpt":{"rendered":"<p> [&hellip;]<\/p>\n","protected":false},"author":4,"featured_media":13471,"comment_status":"open","ping_status":"open","sticky":false,"template":"","format":"standard","meta":{"om_disable_all_campaigns":false,"_monsterinsights_skip_tracking":false,"_monsterinsights_sitenote_active":false,"_monsterinsights_sitenote_note":"","_monsterinsights_sitenote_category":0,"_uf_show_specific_survey":0,"_uf_disable_surveys":false,"footnotes":""},"categories":[19,2],"tags":[],"class_list":["post-13887","post","type-post","status-publish","format-standard","has-post-thumbnail","hentry","category-not_esmp","category-not_mpal"],"aioseo_notices":[],"_links":{"self":[{"href":"https:\/\/www.mpal.mp.br\/index.php?rest_route=\/wp\/v2\/posts\/13887","targetHints":{"allow":["GET"]}}],"collection":[{"href":"https:\/\/www.mpal.mp.br\/index.php?rest_route=\/wp\/v2\/posts"}],"about":[{"href":"https:\/\/www.mpal.mp.br\/index.php?rest_route=\/wp\/v2\/types\/post"}],"author":[{"embeddable":true,"href":"https:\/\/www.mpal.mp.br\/index.php?rest_route=\/wp\/v2\/users\/4"}],"replies":[{"embeddable":true,"href":"https:\/\/www.mpal.mp.br\/index.php?rest_route=%2Fwp%2Fv2%2Fcomments&post=13887"}],"version-history":[{"count":1,"href":"https:\/\/www.mpal.mp.br\/index.php?rest_route=\/wp\/v2\/posts\/13887\/revisions"}],"predecessor-version":[{"id":13892,"href":"https:\/\/www.mpal.mp.br\/index.php?rest_route=\/wp\/v2\/posts\/13887\/revisions\/13892"}],"wp:featuredmedia":[{"embeddable":true,"href":"https:\/\/www.mpal.mp.br\/index.php?rest_route=\/wp\/v2\/media\/13471"}],"wp:attachment":[{"href":"https:\/\/www.mpal.mp.br\/index.php?rest_route=%2Fwp%2Fv2%2Fmedia&parent=13887"}],"wp:term":[{"taxonomy":"category","embeddable":true,"href":"https:\/\/www.mpal.mp.br\/index.php?rest_route=%2Fwp%2Fv2%2Fcategories&post=13887"},{"taxonomy":"post_tag","embeddable":true,"href":"https:\/\/www.mpal.mp.br\/index.php?rest_route=%2Fwp%2Fv2%2Ftags&post=13887"}],"curies":[{"name":"wp","href":"https:\/\/api.w.org\/{rel}","templated":true}]}}