{"id":13886,"date":"2015-12-16T09:29:17","date_gmt":"2015-12-16T11:29:17","guid":{"rendered":"https:\/\/www.mpal.mp.br\/?p=13886"},"modified":"2022-07-27T09:30:03","modified_gmt":"2022-07-27T12:30:03","slug":"promotorias-de-justica-expedem-recomendacao-para-aumentar-controle-sobre-mortes-ocorridas-em-confronto-policial","status":"publish","type":"post","link":"https:\/\/www.mpal.mp.br\/?p=13886","title":{"rendered":"Promotorias de Justi\u00e7a expedem recomenda\u00e7\u00e3o para aumentar controle sobre mortes ocorridas em confronto policial"},"content":{"rendered":"<div class=\"content-wrapper-1\">\n<div class=\"content-wrapper-2\">\n<div id=\"mainmiddle\">\n<div id=\"mainmiddle-expand\">\n<div id=\"content\">\n<div id=\"content-shift\">\n<div class=\"floatbox\">\n<div class=\"joomla \">\n<div class=\"article\">\n<div id=\"articlepxfontsize1\">\n<p style=\"text-align: justify;\"><span style=\"font-size: 14pt;\">O Minist\u00e9rio P\u00fablico Estadual de Alagoas quer acompanhar mais de perto os casos de confrontos entre pol\u00edcias e criminosos que acabam em morte. E para que isso possa ocorrer, um grupo de nove promotores de Justi\u00e7a expediu a recomenda\u00e7\u00e3o conjunta n\u00ba 01\/15 com a finalidade de que os \u00f3rg\u00e3os que comp\u00f5em a estrutura da seguran\u00e7a p\u00fablica em Alagoas possam informar dados com uma periodicidade estabelecida e cumpram uma s\u00e9rie de requisitos.<\/span><\/p>\n<p style=\"text-align: justify;\"><span style=\"font-size: 14pt;\">A recomenda\u00e7\u00e3o foi destinada \u00e0s Pol\u00edcias Civil e Militar, Institutos de Criminal\u00edstica e M\u00e9dico Legal (IML) e at\u00e9 para hospitais que recebem as v\u00edtimas dos confrontos. Aos peritos m\u00e9dicos do IML, a orienta\u00e7\u00e3o \u00e9 para que, em ocasi\u00e3o de per\u00edcia necrosc\u00f3pica, seja \u201cobrigat\u00f3ria a realiza\u00e7\u00e3o de exame interno, documenta\u00e7\u00e3o fotogr\u00e1fica e coleta de vest\u00edgios encontrados, al\u00e9m da descri\u00e7\u00e3o minuciosa de todas as demais circunst\u00e2ncias relevantes encontradas no cad\u00e1ver, devendo detalhar-se aspectos das les\u00f5es (inclusive les\u00f5es t\u00edpicas de defesa), trajet\u00f3ria dos proj\u00e9teis e a dist\u00e2ncia dos disparos\u201d.<\/span><\/p>\n<p style=\"text-align: justify;\"><span style=\"font-size: 14pt;\">Aos delegados, a recomenda\u00e7\u00e3o pede que eles compare\u00e7am pessoalmente ao local dos fatos t\u00e3o logo sejam comunicados da ocorr\u00eancia, \u201cprovidenciando o seu pronto isolamento para que n\u00e3o se alterem o estado e a conserva\u00e7\u00e3o das coisas, a realiza\u00e7\u00e3o da per\u00edcia e a respectiva necr\u00f3psia, as quais devem merecer especial aten\u00e7\u00e3o e celeridade\u201d.<\/span><\/p>\n<p style=\"text-align: justify;\"><span style=\"font-size: 14pt;\">Ainda \u00e0s autoridades da PC, o MPE\/AL pede para que os inqu\u00e9ritos instaurados e registrados sejam denominados de \u201chomic\u00eddio decorrente de interven\u00e7\u00e3o policial\u201d, a fim de que o controle possa ser observado, \u201csem preju\u00edzo de eventuais pris\u00f5es em flagrante e que, no curso da investiga\u00e7\u00e3o, verifique-se se houve ou n\u00e3o resist\u00eancia que possa efetivamente fundamentar qualquer excludente de antijuridicidade, a fim de que haja maiores probabilidades de que o conjunto probat\u00f3rio possa retratar a realidade.<\/span><\/p>\n<p style=\"text-align: justify;\"><span style=\"font-size: 14pt;\">Por fim, os promotores solicitam que haja a comunica\u00e7\u00e3o ao Minist\u00e9rio P\u00fablico dos fatos relativos a essa recomenda\u00e7\u00e3o em at\u00e9 24 horas das ocorr\u00eancias, junto com c\u00f3pia dos autos de pris\u00e3o em flagrante, se houver, a fim de que se possa assegurar o pronto acompanhamento das investiga\u00e7\u00f5es pelo \u00f3rg\u00e3o ministerial.<\/span><\/p>\n<p style=\"text-align: justify;\"><span style=\"font-size: 14pt;\"><strong>Pol\u00edcia Militar e IC<\/strong><\/span><\/p>\n<p style=\"text-align: justify;\"><span style=\"font-size: 14pt;\">A Pol\u00edcia Militar tamb\u00e9m recebeu c\u00f3pia da recomenda\u00e7\u00e3o. Aos PMs, a orienta\u00e7\u00e3o foi para que eles \u201cn\u00e3o ofere\u00e7am qualquer resist\u00eancia \u00e0s investiga\u00e7\u00f5es a serem encetadas, colaborando para o seu adequado desenvolvimento, fornecendo as armas utilizadas por eles durante o confronto policial, bem como, cuidando para a preserva\u00e7\u00e3o do local do crime, somente providenciando socorro \u00e0s v\u00edtimas quando n\u00e3o houver constata\u00e7\u00e3o do \u00f3bito no local do confronto, situa\u00e7\u00e3o em que devem os corpos ser mantidos na posi\u00e7\u00e3o origin\u00e1ria, at\u00e9 a chegada da autoridade policial e dos peritos\u201d.<\/span><\/p>\n<p style=\"text-align: justify;\"><span style=\"font-size: 14pt;\">J\u00e1 o Instituto de Criminal\u00edstica dever\u00e1 realizar per\u00edcia do local do suposto confronto, \u201ccom ou sem a per\u00edcia f\u00edsica do cad\u00e1ver, noticiando eventuais sinais de ter havido altera\u00e7\u00f5es na cena do crime ou na posi\u00e7\u00e3o do cad\u00e1ver ou dos objetos integrantes do cen\u00e1rio, inclusive armas de fogo\u201d. Eles tamb\u00e9m ter\u00e3o que providenciar para que as armas de todos os agentes de seguran\u00e7a p\u00fablica envolvidos na ocorr\u00eancia sejam apreendidas e submetidas a per\u00edcia espec\u00edfica.<\/span><\/p>\n<p style=\"text-align: justify;\"><span style=\"font-size: 14pt;\"><strong>Hospitais<\/strong><\/span><\/p>\n<p style=\"text-align: justify;\"><span style=\"font-size: 14pt;\">\u00c0s unidades ambulatoriais e hospitalares tamb\u00e9m est\u00e3o sendo alvo da recomenda\u00e7\u00e3o do MPE\/AL. Eles dever\u00e3o \u201cprovidenciar o imediato atendimento dos feridos em confronto com a pol\u00edcia e por ela transportados, comunicando ao Minist\u00e9rio P\u00fablico todos os casos em que se observe que as v\u00edtimas j\u00e1 tenham aportado em \u00f3bito \u00e0s unidades ambulatoriais e hospitalares, para as investiga\u00e7\u00f5es devidas\u201d.<\/span><\/p>\n<p style=\"text-align: justify;\"><span style=\"font-size: 14pt;\">Por \u00faltimo, o Minist\u00e9rio P\u00fablico recomendou ao secret\u00e1rio de Seguran\u00e7a P\u00fablica de Alagoas, ao delegado-geral e ao comandante-geral da Pol\u00edcia Militar que fa\u00e7am divulgar amplamente aos seus subordinados os termos da recomenda\u00e7\u00e3o, promovendo a apura\u00e7\u00e3o das responsabilidades cab\u00edveis, em n\u00edvel administrativo e criminal, de eventuais violadores das normatiza\u00e7\u00f5es delineadas.<\/span><\/p>\n<p style=\"text-align: justify;\"><span style=\"font-size: 14pt;\">Ainda para eles, ficou a orienta\u00e7\u00e3o para que seja providenciada a regulamenta\u00e7\u00e3o da presta\u00e7\u00e3o de socorro por agentes de seguran\u00e7a p\u00fablica em situa\u00e7\u00e3o de confronto, visando coibir a eventual remo\u00e7\u00e3o indevida de cad\u00e1veres; a inser\u00e7\u00e3o de um campo espec\u00edfico nos boletins de ocorr\u00eancia para registro de incid\u00eancia de mortes decorrentes de atua\u00e7\u00e3o policial, conforme consta do 2\u00ba objetivo da Cartilha do CNMP intitulada \u201cO MP no Enfrentamento \u00e0 Morte Decorrente de Interven\u00e7\u00e3o Policial\u201d, comunicando-se a ado\u00e7\u00e3o de tal provid\u00eancia ao Minist\u00e9rio P\u00fablico Estadual; e que o MPE\/AL seja informado mensalmente das estat\u00edsticas acerca das mortes decorrentes de interven\u00e7\u00e3o policial e das mortes de policiais civis e militares e integrantes dos \u00f3rg\u00e3os periciais, no exerc\u00edcio da fun\u00e7\u00e3o ou em decorr\u00eancia dela.<\/span><\/p>\n<p style=\"text-align: justify;\"><span style=\"font-size: 14pt;\">A recomenda\u00e7\u00e3o foi expedida pelos promotores Karla Padilha Rebelo Marques, da 62\u00aa Promotoria de Justi\u00e7a da Capital; Carlos Eduardo Baltar Maia, promotor de Justi\u00e7a de Murici; Cintia Calumby da Silva Coutinho, da 4\u00aa Promotoria de Rio Largo; Hermann Brito Lima J\u00fanior, que atua na 3\u00aa Promotoria de Justi\u00e7a de S\u00e3o Miguel dos Campos; Ilda Regina Reis Pl\u00e1cido, promotora de Messias; Jorge Jos\u00e9 Tavares D\u00f3rea, da Promotoria de Justi\u00e7a de Pilar; Marluce Falc\u00e3o de Oliveira, que responde pela Promotoria de Paripueira; S\u00edlvio Azevedo Sampaio, promotor de Justi\u00e7a de Marechal Deodoro; e Vin\u00edcius Ferreira Calheiros Alves, em atua\u00e7\u00e3o na Promotoria de Justi\u00e7a de Satuba.<\/span><\/p>\n<\/div>\n<\/div>\n<\/div>\n<\/div>\n<\/div>\n<\/div>\n<\/div>\n<\/div>\n<\/div>\n<\/div>\n<div class=\"content-wrapper-b1\">\n<div class=\"content-wrapper-b2\" style=\"text-align: justify;\"><\/div>\n<\/div>\n","protected":false},"excerpt":{"rendered":"<p> [&hellip;]<\/p>\n","protected":false},"author":5,"featured_media":2857,"comment_status":"open","ping_status":"open","sticky":false,"template":"","format":"standard","meta":{"om_disable_all_campaigns":false,"_monsterinsights_skip_tracking":false,"_monsterinsights_sitenote_active":false,"_monsterinsights_sitenote_note":"","_monsterinsights_sitenote_category":0,"_uf_show_specific_survey":0,"_uf_disable_surveys":false,"footnotes":""},"categories":[2],"tags":[],"class_list":["post-13886","post","type-post","status-publish","format-standard","has-post-thumbnail","hentry","category-not_mpal"],"aioseo_notices":[],"_links":{"self":[{"href":"https:\/\/www.mpal.mp.br\/index.php?rest_route=\/wp\/v2\/posts\/13886","targetHints":{"allow":["GET"]}}],"collection":[{"href":"https:\/\/www.mpal.mp.br\/index.php?rest_route=\/wp\/v2\/posts"}],"about":[{"href":"https:\/\/www.mpal.mp.br\/index.php?rest_route=\/wp\/v2\/types\/post"}],"author":[{"embeddable":true,"href":"https:\/\/www.mpal.mp.br\/index.php?rest_route=\/wp\/v2\/users\/5"}],"replies":[{"embeddable":true,"href":"https:\/\/www.mpal.mp.br\/index.php?rest_route=%2Fwp%2Fv2%2Fcomments&post=13886"}],"version-history":[{"count":1,"href":"https:\/\/www.mpal.mp.br\/index.php?rest_route=\/wp\/v2\/posts\/13886\/revisions"}],"predecessor-version":[{"id":13888,"href":"https:\/\/www.mpal.mp.br\/index.php?rest_route=\/wp\/v2\/posts\/13886\/revisions\/13888"}],"wp:featuredmedia":[{"embeddable":true,"href":"https:\/\/www.mpal.mp.br\/index.php?rest_route=\/wp\/v2\/media\/2857"}],"wp:attachment":[{"href":"https:\/\/www.mpal.mp.br\/index.php?rest_route=%2Fwp%2Fv2%2Fmedia&parent=13886"}],"wp:term":[{"taxonomy":"category","embeddable":true,"href":"https:\/\/www.mpal.mp.br\/index.php?rest_route=%2Fwp%2Fv2%2Fcategories&post=13886"},{"taxonomy":"post_tag","embeddable":true,"href":"https:\/\/www.mpal.mp.br\/index.php?rest_route=%2Fwp%2Fv2%2Ftags&post=13886"}],"curies":[{"name":"wp","href":"https:\/\/api.w.org\/{rel}","templated":true}]}}