{"id":13882,"date":"2016-05-10T09:28:00","date_gmt":"2016-05-10T12:28:00","guid":{"rendered":"https:\/\/www.mpal.mp.br\/?p=13882"},"modified":"2022-07-27T09:29:01","modified_gmt":"2022-07-27T12:29:01","slug":"mpe-al-oferece-denuncia-contra-corretor-de-imoveis-pela-morte-de-capitao-da-policia-militar","status":"publish","type":"post","link":"https:\/\/www.mpal.mp.br\/?p=13882","title":{"rendered":"MPE\/AL oferece den\u00fancia contra corretor de im\u00f3veis pela morte de capit\u00e3o da Pol\u00edcia Militar"},"content":{"rendered":"<p style=\"text-align: justify;\"><span style=\"font-size: 14pt;\">O Minist\u00e9rio P\u00fablico do Estado de Alagoas (MPE\/AL), por meio da 49\u00aa Promotoria de Justi\u00e7a da Capital (Tribunal do J\u00fari), denunciou o corretor de im\u00f3veis Agnaldo Lopes de Vasconcelos pelo homic\u00eddio qualificado do capit\u00e3o da Pol\u00edcia Militar Rodrigo Moreira Rodrigues. O \u00f3rg\u00e3o ministerial pede a condena\u00e7\u00e3o do denunciando, que teria atirado no policial por v\u00ea-lo escalando o muro da sua casa.<\/span><\/p>\n<p style=\"text-align: justify;\"><span style=\"font-size: 14pt;\">Segundo o promotor de Justi\u00e7a Jos\u00e9 Ant\u00f4nio Malta Marques, o homic\u00eddio \u00e9 qualificado por ter como v\u00edtima um policial militar no exerc\u00edcio da fun\u00e7\u00e3o, conforme prev\u00ea o C\u00f3digo Penal Brasileiro. Para o representante do MPE\/AL, a autoria est\u00e1 confirmada mediante os depoimentos prestados pelas testemunhas e declarantes nos autos, sobretudo a confiss\u00e3o do pr\u00f3prio denunciando. \u201cJ\u00e1 a materialidade delitiva est\u00e1 comprovada por meio do laudo do exame cadav\u00e9rico, corroborada pelas demais provas constantes no inqu\u00e9rito policial\u201d, completou.<\/span><\/p>\n<p style=\"text-align: justify;\"><span style=\"font-size: 14pt;\">O crime ocorreu na noite do dia 9 de mar\u00e7o, na casa de Agnaldo Lopes, localizada no loteamento Jardim Petr\u00f3polis II, bairro Santa Am\u00e9lia, em Macei\u00f3, quando o militar buscava recuperar um aparelho celular roubado. Naquela data, desenvolvia-se em toda a capital a opera\u00e7\u00e3o policial \u201cSatura\u00e7\u00e3o\u201d, que visava coibir a pr\u00e1tica de assaltos, motivo pela qual a v\u00edtima foi acionada com sua guarni\u00e7\u00e3o para prender o autor do roubo do objeto, bem como recuperar e entreg\u00e1-lo de volta ao dono.<\/span><\/p>\n<p style=\"text-align: justify;\"><span style=\"font-size: 14pt;\">Segundo o inqu\u00e9rito policial, o celular tinha um aplicativo antifurto, com fun\u00e7\u00e3o de rastrear o eletr\u00f4nico por meio de GPS. O geolocalizador registrou como \u00faltima localiza\u00e7\u00e3o do aparelho uma \u00e1rea com raio de cinco metros, onde se encontrava a casa do denunciando. Acompanhado pela guarni\u00e7\u00e3o e pela v\u00edtima do roubo, o capit\u00e3o Rodrigo Rodrigues bateu \u00e0 porta da resid\u00eancia de Agnaldo Lopes e identificou-se como policial, pedindo para entrar.<\/span><\/p>\n<p style=\"text-align: justify;\"><span style=\"font-size: 14pt;\">Diante da negativa do residente, o militar subiu ao muro da casa, no momento em que foi surpreendido com dois tiros de arma de fogo, vindo cair para o lado externo da casa. A guarni\u00e7\u00e3o socorreu de imediato a v\u00edtima dos disparos, que n\u00e3o resistiu aos ferimentos e veio a falecer no Hospital Geral do Estado.<\/span><\/p>\n<p style=\"text-align: justify;\"><span style=\"font-size: 14pt;\">A Pol\u00edcia Civil apurou, posteriormente, que o roubo do aparelho celular foi praticado por Ronaldo Paiva de Amorim J\u00fanior e Jos\u00e9 Rom\u00e3o da Silva J\u00fanior. Este mora numa casa pr\u00f3xima da resid\u00eancia do denunciando, dentro do raio de cinco metros apontado pelo geolocalizador.<\/span><\/p>\n<p style=\"text-align: justify;\"><span style=\"font-size: 14pt;\"><strong>Dilig\u00eancias<\/strong><\/span><\/p>\n<p style=\"text-align: justify;\"><span style=\"font-size: 14pt;\">Al\u00e9m da condena\u00e7\u00e3o, o promotor de Justi\u00e7a Jos\u00e9 Ant\u00f4nio Malta Marques tamb\u00e9m solicitou ao Ju\u00edzo de Direito da Nova Vara Criminal da Capital que determinasse a realiza\u00e7\u00e3o do exame de compara\u00e7\u00e3o bal\u00edstica na arama apreendida em posse de Agnaldo Lopes de Vasconcelos e o proj\u00e9til recolhido no corpo do capit\u00e3o Rodrigo Rodrigues. O procedimento deve ser feito pelo Instituto de Criminal\u00edstica.<\/span><\/p>\n<p style=\"text-align: justify;\"><span style=\"font-size: 14pt;\">O membro do Minist\u00e9rio P\u00fablico do Estado de Alagoas requereu ainda a realiza\u00e7\u00e3o da reprodu\u00e7\u00e3o simulada dos fatos para verificar como ocorreu o crime. Por fim, pediu a per\u00edcia no colete \u00e0 prova de balas usado pela v\u00edtima no momento do homic\u00eddio, com o objetivo de verificar se houve outras perfura\u00e7\u00f5es e, em caso positivo, suas localiza\u00e7\u00f5es.<\/span><\/p>\n","protected":false},"excerpt":{"rendered":"<p> [&hellip;]<\/p>\n","protected":false},"author":5,"featured_media":13884,"comment_status":"open","ping_status":"open","sticky":false,"template":"","format":"standard","meta":{"om_disable_all_campaigns":false,"_monsterinsights_skip_tracking":false,"_monsterinsights_sitenote_active":false,"_monsterinsights_sitenote_note":"","_monsterinsights_sitenote_category":0,"_uf_show_specific_survey":0,"_uf_disable_surveys":false,"footnotes":""},"categories":[2],"tags":[],"class_list":["post-13882","post","type-post","status-publish","format-standard","has-post-thumbnail","hentry","category-not_mpal"],"aioseo_notices":[],"_links":{"self":[{"href":"https:\/\/www.mpal.mp.br\/index.php?rest_route=\/wp\/v2\/posts\/13882","targetHints":{"allow":["GET"]}}],"collection":[{"href":"https:\/\/www.mpal.mp.br\/index.php?rest_route=\/wp\/v2\/posts"}],"about":[{"href":"https:\/\/www.mpal.mp.br\/index.php?rest_route=\/wp\/v2\/types\/post"}],"author":[{"embeddable":true,"href":"https:\/\/www.mpal.mp.br\/index.php?rest_route=\/wp\/v2\/users\/5"}],"replies":[{"embeddable":true,"href":"https:\/\/www.mpal.mp.br\/index.php?rest_route=%2Fwp%2Fv2%2Fcomments&post=13882"}],"version-history":[{"count":1,"href":"https:\/\/www.mpal.mp.br\/index.php?rest_route=\/wp\/v2\/posts\/13882\/revisions"}],"predecessor-version":[{"id":13885,"href":"https:\/\/www.mpal.mp.br\/index.php?rest_route=\/wp\/v2\/posts\/13882\/revisions\/13885"}],"wp:featuredmedia":[{"embeddable":true,"href":"https:\/\/www.mpal.mp.br\/index.php?rest_route=\/wp\/v2\/media\/13884"}],"wp:attachment":[{"href":"https:\/\/www.mpal.mp.br\/index.php?rest_route=%2Fwp%2Fv2%2Fmedia&parent=13882"}],"wp:term":[{"taxonomy":"category","embeddable":true,"href":"https:\/\/www.mpal.mp.br\/index.php?rest_route=%2Fwp%2Fv2%2Fcategories&post=13882"},{"taxonomy":"post_tag","embeddable":true,"href":"https:\/\/www.mpal.mp.br\/index.php?rest_route=%2Fwp%2Fv2%2Ftags&post=13882"}],"curies":[{"name":"wp","href":"https:\/\/api.w.org\/{rel}","templated":true}]}}