{"id":13878,"date":"2015-02-13T09:21:52","date_gmt":"2015-02-13T11:21:52","guid":{"rendered":"https:\/\/www.mpal.mp.br\/?p=13878"},"modified":"2022-07-27T09:29:48","modified_gmt":"2022-07-27T12:29:48","slug":"escola-do-ministerio-publico-define-calendario-2015-e-busca-parcerias-estrategicas","status":"publish","type":"post","link":"https:\/\/www.mpal.mp.br\/?p=13878","title":{"rendered":"Escola do Minist\u00e9rio P\u00fablico define calend\u00e1rio 2015 e busca parcerias estrat\u00e9gicas"},"content":{"rendered":"<p style=\"text-align: justify;\"><span style=\"font-size: 14pt;\">A Escola Superior do Minist\u00e9rio P\u00fablico (ESMP) realizou, nesta quinta-feira (12), uma reuni\u00e3o com o objetivo de definir as capacita\u00e7\u00f5es a serem realizadas em 2015, bem como a busca de parcerias estrat\u00e9gicas para viabilizar a execu\u00e7\u00e3o das a\u00e7\u00f5es pretendidas.<\/span><\/p>\n<p style=\"text-align: justify;\"><span style=\"font-size: 14pt;\">De acordo com o novo diretor da ESMP, o procurador de Justi\u00e7a Eduardo Tavares, a miss\u00e3o da Escola \u00e9 realizar cursos, semin\u00e1rios, congressos, simp\u00f3sios, pesquisas, estudos e publica\u00e7\u00f5es que contribuam para o aprimoramento profissional e cultural dos membros da institui\u00e7\u00e3o, de seus auxiliares e funcion\u00e1rios.<\/span><\/p>\n<p style=\"text-align: justify;\"><span style=\"font-size: 14pt;\">\u201cO nosso objetivo \u00e9 desenvolver um trabalho integrado, dentro da realidade or\u00e7ament\u00e1ria do \u00f3rg\u00e3o e que atenda a necessidade de qualifica\u00e7\u00e3o de nossos membros, servidores, estagi\u00e1rios e terceirizados. Vamos buscar o apoio necess\u00e1rio para bem cumprir a nossa miss\u00e3o. Tamb\u00e9m queremos aproximar a todos que comp\u00f5em e atuam no Minist\u00e9rio P\u00fablico do Estado de Alagoas\u201d, destacou o diretor.<\/span><\/p>\n<p style=\"text-align: justify;\"><span style=\"font-size: 14pt;\">Tavares assumiu h\u00e1 poucos dias a dire\u00e7\u00e3o da escola e disse que pretende dar continuidade ao trabalho desenvolvido pela promotora de Justi\u00e7a Stela Val\u00e9ria Soares de Farias Cavalcante, que comandava a Escola at\u00e9 ser designada para assumir a coordena\u00e7\u00e3o da Assessoria de Planejamento e Gest\u00e3o Estrat\u00e9gica do Minist\u00e9rio P\u00fablico do Estado de Alagoas.<\/span><\/p>\n<p style=\"text-align: justify;\"><span style=\"font-size: 14pt;\">\u201cVamos dar continuidade ao brilhante trabalho que estava sendo desenvolvido pela promotora Stela, visando sempre elevar o n\u00edvel de conhecimento dos nossos integrantes, contando com total apoio do nosso procurador-geral de Justi\u00e7a S\u00e9rgio Juc\u00e1 e dos demais \u00f3rg\u00e3os que comp\u00f5em a institui\u00e7\u00e3o. O foco da escola \u00e9 o p\u00fablico interno, mas a atua\u00e7\u00e3o do Minist\u00e9rio P\u00fablico do Estado \u00e9 para a comunidade, por isso, vamos apoiar as a\u00e7\u00f5es externas tamb\u00e9m\u201d, concluiu o diretor.<\/span><\/p>\n<p style=\"text-align: justify;\"><span style=\"font-size: 14pt;\">Para Tavares o apoio da Associa\u00e7\u00e3o do Minist\u00e9rio P\u00fablico (Ampal) \u00e9 primordial. Por isso, a presidente da Ampal, promotora de Justi\u00e7a Adilza de Freitas, disponibilizou a estrutura e a equipe da associa\u00e7\u00e3o para contribuir nas atividades da escola.<\/span><\/p>\n<p style=\"text-align: justify;\"><span style=\"font-size: 14pt;\">\u201cComo sempre diz o nosso procurador-geral de Justi\u00e7a, o Minist\u00e9rio P\u00fablico \u00e9 uma institui\u00e7\u00e3o franciscana, a associa\u00e7\u00e3o tamb\u00e9m \u00e9, mas juntos buscaremos apoio para desenvolver as a\u00e7\u00f5es necess\u00e1rias em prol do fortalecimento da nossa institui\u00e7\u00e3o\u201d, enfatizou a presidente.<\/span><\/p>\n<p style=\"text-align: justify;\"><span style=\"font-size: 14pt;\">Na reuni\u00e3o, tamb\u00e9m estavam presentes o vice-diretor da escola, o promotor Cla\u00fadio Jos\u00e9 Brand\u00e3o de S\u00e1; a coordenadora do N\u00facleo de Defesa da Mulher, que tamb\u00e9m \u00e9 diretora cultural da Ampal, a promotora Hylza Paiva Torres de Castro; a promotora Maria Jos\u00e9 da Silva, da 38\u00aa Promotoria de Combate e Preven\u00e7\u00e3o \u00e0 Viol\u00eancia Dom\u00e9stica ligada \u00e0 Mulher; o diretor financeiro da Ampal, o promotor Luiz Jos\u00e9 Gomes Vasconcelos;\u3000o diretor da Controladoria interna, Marcus Robson Nascimento; o assessor Fernando Castro; a assessora de cerimonial, Maria Cristina; a analista do MP, Andreza Galindo Alves de Queiroz e a t\u00e9cnica do MP, Andressa de Freitas Santos Dantas.<\/span><\/p>\n<p style=\"text-align: justify;\"><span style=\"font-size: 14pt;\"><strong>MPE\/AL em defesa e pelo valor da Mulher<\/strong><\/span><\/p>\n<p style=\"text-align: justify;\"><span style=\"font-size: 14pt;\">Diversas a\u00e7\u00f5es foram idealizadas durante a reuni\u00e3o. Uma delas \u00e9 a realiza\u00e7\u00e3o da Semana da Mulher, que ter\u00e1 como foco a defesa e o valor da Mulher, com atividades voltadas para o p\u00fablico interno, bem como para a comunidade.<\/span><\/p>\n<p style=\"text-align: justify;\"><span style=\"font-size: 14pt;\">Na a\u00e7\u00e3o interna, que ser\u00e1 realizada no dia 09 de mar\u00e7o, das 9h \u00e0s 11h, ocorrer\u00e1 a palestra \u201cTransformando Sonhos em realidade\u201d e a aplica\u00e7\u00e3o da ferramenta de\u00a0<em>coach\u00a0<\/em>\u201cRoda da Vida\u201d, com a consultora do SEBRAE Gleide Vilela.<\/span><\/p>\n<p style=\"text-align: justify;\"><span style=\"font-size: 14pt;\">J\u00e1 pensando na comunidade, foi definida a realiza\u00e7\u00e3o do projeto &#8220;MP vai \u00e0 Pra\u00e7a&#8221;, que acontecer\u00e1 no Vergel do Lago, no dia 11 de mar\u00e7o, onde ser\u00e3o oferecidos servi\u00e7os gratuitos de orienta\u00e7\u00e3o sobre a Lei Maria da Penha, servi\u00e7os de sa\u00fade, beleza e bem-estar, com o apoio do SENAC e outras institui\u00e7\u00f5es.<\/span><\/p>\n<p style=\"text-align: justify;\"><span style=\"font-size: 14pt;\">\u201cAs mulheres do nosso Estado s\u00e3o convidadas a aproveitar este momento de uni\u00e3o do Minist\u00e9rio P\u00fablico em prol de mostrar o papel valorativo da mulher para a sociedade. A nossa vis\u00e3o \u00e9 o bem comum e a necessidade de empoderamento da comunidade\u201d, disse a promotora Maria Jos\u00e9 da Silva, que tamb\u00e9m\u00a0\u00e9 conselheira Estadual dos Direitos da Mulher, coordenadora adjunta do MP Comunit\u00e1rio e membro do Comit\u00ea Permanente de Promotores de Combate \u00e0 Viol\u00eancia Dom\u00e9stica e Familiar.<\/span><\/p>\n<p style=\"text-align: justify;\"><span style=\"font-size: 14pt;\">Ainda com o foco na mulher, o \u00f3rg\u00e3o abra\u00e7ar\u00e1 a campanha nacional \u201cSemana da Justi\u00e7a pela paz em casa\u201d, que acontece de 09 a 13 de mar\u00e7o, em parceria com o Tribunal de Justi\u00e7a e outras institui\u00e7\u00f5es.<\/span><\/p>\n<p style=\"text-align: justify;\"><span style=\"font-size: 14pt;\"><strong>Qualifica\u00e7\u00e3o do p\u00fablico interno<\/strong><\/span><\/p>\n<p style=\"text-align: justify;\"><span style=\"font-size: 14pt;\">Ficou acordado ainda, na reuni\u00e3o a realiza\u00e7\u00e3o do curso \u201cReflex\u00f5es sobre as altera\u00e7\u00f5es do CPC\u201d. Previsto para mar\u00e7o, o curso voltado para o p\u00fablico interno que atua diretamente com o tema, tem a finalidade de elevar o n\u00edvel de conhecimento e discutir as mudan\u00e7as propostas na reforma do C\u00f3digo de Processo Civil.<\/span><\/p>\n<p style=\"text-align: justify;\"><span style=\"font-size: 14pt;\">No primeiro semestre, a ESMP tamb\u00e9m pretende realizar,\u00a0nos dias 04, 11, 18 e 25 de maio,\u00a0um curso de Portugu\u00eas e Reda\u00e7\u00e3o Oficial. As inscri\u00e7\u00f5es devem acontecer de 20 a 30 de abril. Poder\u00e3o participar membros, servidores, estagi\u00e1rios e terceirizados do Minist\u00e9rio P\u00fablico do Estado de Alagoas.<\/span><\/p>\n","protected":false},"excerpt":{"rendered":"<p> [&hellip;]<\/p>\n","protected":false},"author":4,"featured_media":13880,"comment_status":"open","ping_status":"open","sticky":false,"template":"","format":"standard","meta":{"om_disable_all_campaigns":false,"_monsterinsights_skip_tracking":false,"_monsterinsights_sitenote_active":false,"_monsterinsights_sitenote_note":"","_monsterinsights_sitenote_category":0,"_uf_show_specific_survey":0,"_uf_disable_surveys":false,"footnotes":""},"categories":[19,2],"tags":[],"class_list":["post-13878","post","type-post","status-publish","format-standard","has-post-thumbnail","hentry","category-not_esmp","category-not_mpal"],"aioseo_notices":[],"_links":{"self":[{"href":"https:\/\/www.mpal.mp.br\/index.php?rest_route=\/wp\/v2\/posts\/13878","targetHints":{"allow":["GET"]}}],"collection":[{"href":"https:\/\/www.mpal.mp.br\/index.php?rest_route=\/wp\/v2\/posts"}],"about":[{"href":"https:\/\/www.mpal.mp.br\/index.php?rest_route=\/wp\/v2\/types\/post"}],"author":[{"embeddable":true,"href":"https:\/\/www.mpal.mp.br\/index.php?rest_route=\/wp\/v2\/users\/4"}],"replies":[{"embeddable":true,"href":"https:\/\/www.mpal.mp.br\/index.php?rest_route=%2Fwp%2Fv2%2Fcomments&post=13878"}],"version-history":[{"count":2,"href":"https:\/\/www.mpal.mp.br\/index.php?rest_route=\/wp\/v2\/posts\/13878\/revisions"}],"predecessor-version":[{"id":13883,"href":"https:\/\/www.mpal.mp.br\/index.php?rest_route=\/wp\/v2\/posts\/13878\/revisions\/13883"}],"wp:featuredmedia":[{"embeddable":true,"href":"https:\/\/www.mpal.mp.br\/index.php?rest_route=\/wp\/v2\/media\/13880"}],"wp:attachment":[{"href":"https:\/\/www.mpal.mp.br\/index.php?rest_route=%2Fwp%2Fv2%2Fmedia&parent=13878"}],"wp:term":[{"taxonomy":"category","embeddable":true,"href":"https:\/\/www.mpal.mp.br\/index.php?rest_route=%2Fwp%2Fv2%2Fcategories&post=13878"},{"taxonomy":"post_tag","embeddable":true,"href":"https:\/\/www.mpal.mp.br\/index.php?rest_route=%2Fwp%2Fv2%2Ftags&post=13878"}],"curies":[{"name":"wp","href":"https:\/\/api.w.org\/{rel}","templated":true}]}}