{"id":13851,"date":"2015-03-06T09:15:38","date_gmt":"2015-03-06T12:15:38","guid":{"rendered":"https:\/\/www.mpal.mp.br\/?p=13851"},"modified":"2022-07-27T09:18:43","modified_gmt":"2022-07-27T12:18:43","slug":"esmp-al-promove-serie-de-atividades-na-semana-nacional-da-justica-pela-paz-em-casa-comemoracao-do-dia-internacional-da-mulher-tera-destaque","status":"publish","type":"post","link":"https:\/\/www.mpal.mp.br\/?p=13851","title":{"rendered":"ESMP\/AL promove s\u00e9rie de atividades na Semana Nacional da Justi\u00e7a pela Paz em Casa; comemora\u00e7\u00e3o do Dia Internacional da Mulher ter\u00e1 destaque"},"content":{"rendered":"<p style=\"text-align: justify;\"><span style=\"font-size: 14pt;\">De 08 a 13 de mar\u00e7o, a Escola Superior do Minist\u00e9rio P\u00fablico do Estado de Alagoas (ESMP\/AL) promove uma s\u00e9rie de atividades relacionadas \u00e0 Semana Nacional da Justi\u00e7a pela Paz em Casa. A campanha que abrange o Dia Internacional da Mulher foi idealizada pelo Supremo Tribunal Federal (STF) com o objetivo de motivar uma cultura de paz tamb\u00e9m junto \u00e0 fam\u00edlia brasileira.<\/span><\/p>\n<p style=\"text-align: justify;\"><span style=\"font-size: 14pt;\">O N\u00facleo de Defesa da Mulher, a Promotoria de Combate e Preven\u00e7\u00e3o \u00e0 Viol\u00eancia Dom\u00e9stica, a Associa\u00e7\u00e3o do Minist\u00e9rio P\u00fablico do Estado de Alagoas (Ampal) e o programa Minist\u00e9rio P\u00fablico Comunit\u00e1rio apoiam a iniciativa comandada pelo diretor da ESMP\/AL, procurador de Justi\u00e7a Eduardo Tavares Mendes.<\/span><\/p>\n<p style=\"text-align: justify;\"><span style=\"font-size: 14pt;\">Para o procurador-geral de Justi\u00e7a, S\u00e9rgio Juc\u00e1\u00a0o Dia Internacional da Mulher deve ser replicado o ano inteiro. &#8220;Hoje e sempre devemos homenage\u00e1-las, principalmente no Minist\u00e9rio P\u00fablico onde contamos com valorosas servidoras, promotoras e procuradora de Justi\u00e7a&#8221;, destacou.<\/span><\/p>\n<p style=\"text-align: justify;\"><span style=\"font-size: 14pt;\">\u201cA Escola Superior, como \u00f3rg\u00e3o de aperfei\u00e7oamento e fomento a atividades culturais e acad\u00eamicas do Minist\u00e9rio P\u00fablico, n\u00e3o poderia deixar de fazer uma programa\u00e7\u00e3o dedicada \u00e0 mulher. Dentro da nossa institui\u00e7\u00e3o, a mulher tem sido um bra\u00e7o forte e tem agido com bravura e abnega\u00e7\u00e3o. Comparo as servidoras, promotoras de Justi\u00e7a e procuradora de Justi\u00e7a com as grandes mulheres do mundo, a exemplo de Joana D&#8217;Arc e Cora Coralina\u201d, ressalta o chefe da ESMP\/AL.<\/span><\/p>\n<p style=\"text-align: justify;\"><span style=\"font-size: 14pt;\">Na abertura da campanha, a Escola Superior realizar\u00e1, a partir das 8h deste domingo, uma caminhada na orla de Macei\u00f3. O Tribunal de Justi\u00e7a do Estado de Alagoas, a Defensoria P\u00fablica Estadual, a Ordem dos Advogados do Brasil, a Secretaria dos Direitos da Mulher e o Governo do Estado como um todo, por meio de diversas secretarias, al\u00e9m de empresas que apoiam a causa, participar\u00e3o da atividade.<\/span><\/p>\n<p style=\"text-align: justify;\"><span style=\"font-size: 14pt;\">Neste domingo, tamb\u00e9m na orla, o MPE\/AL far\u00e1 atendimento itinerante com orienta\u00e7\u00f5es sobre a Lei Maria da Penha, informando \u00e0 popula\u00e7\u00e3o sobre os direitos da mulher por meio de v\u00eddeos, di\u00e1logos e panfletos educativos.<\/span><\/p>\n<p style=\"text-align: justify;\"><span style=\"font-size: 14pt;\"><strong>MPE\/AL em defesa e pelo valor da Mulher<\/strong><\/span><\/p>\n<p style=\"text-align: justify;\"><span style=\"font-size: 14pt;\">Outras a\u00e7\u00f5es tamb\u00e9m ser\u00e3o realizadas pela ESMP\/AL, em parceria com a Associa\u00e7\u00e3o do Minist\u00e9rio P\u00fablico do Estado de Alagoas (Ampal), algumas voltadas para o p\u00fablico interno, outras, para a comunidade. Estas a\u00e7\u00f5es tamb\u00e9m contam com a participa\u00e7\u00e3o do N\u00facleo de Defesa da Mulher e a Promotoria de Combate e Preven\u00e7\u00e3o \u00e0 Viol\u00eancia Dom\u00e9stica.<\/span><\/p>\n<p style=\"text-align: justify;\"><span style=\"font-size: 14pt;\">Como exemplo da a\u00e7\u00e3o interna, ser\u00e1 realizada no dia 09 de mar\u00e7o, das 9h \u00e0s 11h, a palestra \u201cTransformando Sonhos em realidade\u201d e a aplica\u00e7\u00e3o da ferramenta de coach \u201cRoda da Vida\u201d, com a consultora do Sebrae Gleide Vilela. No mesmo dia, a promotora de Justi\u00e7a Maria Jos\u00e9 da Silva, representando o MPE\/AL, ministrar\u00e1 uma palestra na Escola da Magistratura (ESMAL), sobre a Equidade de G\u00eanero.<\/span><\/p>\n<p style=\"text-align: justify;\"><span style=\"font-size: 14pt;\">Segundo a promotora, a campanha busca mais que a sensibiliza\u00e7\u00e3o de toda a sociedade para as quest\u00f5es da viol\u00eancia dom\u00e9stica e familiar contra a mulher. \u201cA viol\u00eancia dom\u00e9stica aflige toda a fam\u00edlia, transformando a sociedade em um verdadeiro barril de p\u00f3lvora. A campanha visa muito mais, visa a sensibiliza\u00e7\u00e3o, mas, principalmente, a mudan\u00e7a de postura, a mudan\u00e7a do olhar para as quest\u00f5es da viol\u00eancia dom\u00e9stica e familiar\u201d, destacou.<\/span><\/p>\n<p style=\"text-align: justify;\"><span style=\"font-size: 14pt;\">J\u00e1 pensando na comunidade, ocorrer\u00e1 mais uma atividade do projeto &#8220;MP vai \u00e0 Pra\u00e7a&#8221;, que acontecer\u00e1 no bairro do Vergel do Lago, no dia 11 de mar\u00e7o, onde ser\u00e3o oferecidos servi\u00e7os gratuitos de orienta\u00e7\u00e3o sobre a Lei Maria da Penha, servi\u00e7os de sa\u00fade, beleza e bem-estar, com o apoio do SENAC, Cooperativa Pindorama, Cooperativa de Produ\u00e7\u00e3o Leiteira de Alagoas, O Botic\u00e1rio, Toldos e Varanda e outras institui\u00e7\u00f5es. O Sebrae\/AL tamb\u00e9m estar\u00e1 presente no evento e disponibilizar\u00e1 consultoria gratuita de no\u00e7\u00f5es de empreendedorismo para quem deseja abrir o pr\u00f3prio neg\u00f3cio.<\/span><\/p>\n<p style=\"text-align: justify;\"><span style=\"font-size: 14pt;\">Por fim, no Macei\u00f3 Shopping, haver\u00e1, no per\u00edodo de 10 a 13 de mar\u00e7o, um stand do Minist\u00e9rio P\u00fablico do Estado de Alagoas para tirar d\u00favidas sobre o uso adequado da Lei Maria da Penha, tal como orientar sobre media\u00e7\u00e3o comunit\u00e1ria de conflitos referentes \u00e0 viol\u00eancia dom\u00e9stica e familiar.<\/span><\/p>\n<p style=\"text-align: justify;\"><span style=\"font-size: 14pt;\"><strong>A Semana Nacional<\/strong><\/span><\/p>\n<p style=\"text-align: justify;\"><span style=\"font-size: 14pt;\">O objetivo da Semana Nacional da Justi\u00e7a pela Paz em Casa \u00e9 mostrar que a paz \u00e9 a justa causa pela qual as mais diversas institui\u00e7\u00f5es de Justi\u00e7a de todo o pa\u00eds se empenham, buscando garanti-la aos lares brasileiros. A campanha ocorrer\u00e1 com a\u00e7\u00f5es de conscientiza\u00e7\u00e3o e com a busca pela realiza\u00e7\u00e3o do maior n\u00famero de julgamentos de casos de viol\u00eancia contra mulheres em todo o Brasil.<\/span><\/p>\n<p style=\"text-align: justify;\"><span style=\"font-size: 14pt;\">\u201cA busca da paz em casa tem motivo simples: a viol\u00eancia n\u00e3o para nos umbrais da porta de entrada. Ganha a rua e da\u00ed lan\u00e7a-se \u00e0 pra\u00e7a, na qual vira f\u00faria. Contra essa for\u00e7a n\u00e3o h\u00e1 for\u00e7a bastante a cont\u00ea-la sem o custo de vidas. Viver em paz \u00e9 direito. Viol\u00eancia n\u00e3o \u00e9 desaven\u00e7a, \u00e9 injusti\u00e7a. A paz \u00e9 constru\u00e7\u00e3o conjunta, sabe-se bem. Paz \u00e9 nossa justa causa\u201d, conclui a ministra C\u00e1rmen L\u00facia Antunes Rocha, uma das respons\u00e1veis pela campanha do STF.<\/span><\/p>\n<p style=\"text-align: justify;\"><span style=\"font-size: 14pt;\">A Semana Nacional vai promover a intensifica\u00e7\u00e3o de j\u00faris, audi\u00eancias e julgamentos de processos, em todas as comarcas, em casos de viol\u00eancia contra a mulher, sempre sob a forma da Lei Maria da Penha, al\u00e9m de outras a\u00e7\u00f5es voltadas \u00e0 efetividade da Lei.<\/span><\/p>\n","protected":false},"excerpt":{"rendered":"<p> [&hellip;]<\/p>\n","protected":false},"author":4,"featured_media":13464,"comment_status":"open","ping_status":"open","sticky":false,"template":"","format":"standard","meta":{"om_disable_all_campaigns":false,"_monsterinsights_skip_tracking":false,"_monsterinsights_sitenote_active":false,"_monsterinsights_sitenote_note":"","_monsterinsights_sitenote_category":0,"_uf_show_specific_survey":0,"_uf_disable_surveys":false,"footnotes":""},"categories":[19,2],"tags":[],"class_list":["post-13851","post","type-post","status-publish","format-standard","has-post-thumbnail","hentry","category-not_esmp","category-not_mpal"],"aioseo_notices":[],"_links":{"self":[{"href":"https:\/\/www.mpal.mp.br\/index.php?rest_route=\/wp\/v2\/posts\/13851","targetHints":{"allow":["GET"]}}],"collection":[{"href":"https:\/\/www.mpal.mp.br\/index.php?rest_route=\/wp\/v2\/posts"}],"about":[{"href":"https:\/\/www.mpal.mp.br\/index.php?rest_route=\/wp\/v2\/types\/post"}],"author":[{"embeddable":true,"href":"https:\/\/www.mpal.mp.br\/index.php?rest_route=\/wp\/v2\/users\/4"}],"replies":[{"embeddable":true,"href":"https:\/\/www.mpal.mp.br\/index.php?rest_route=%2Fwp%2Fv2%2Fcomments&post=13851"}],"version-history":[{"count":1,"href":"https:\/\/www.mpal.mp.br\/index.php?rest_route=\/wp\/v2\/posts\/13851\/revisions"}],"predecessor-version":[{"id":13860,"href":"https:\/\/www.mpal.mp.br\/index.php?rest_route=\/wp\/v2\/posts\/13851\/revisions\/13860"}],"wp:featuredmedia":[{"embeddable":true,"href":"https:\/\/www.mpal.mp.br\/index.php?rest_route=\/wp\/v2\/media\/13464"}],"wp:attachment":[{"href":"https:\/\/www.mpal.mp.br\/index.php?rest_route=%2Fwp%2Fv2%2Fmedia&parent=13851"}],"wp:term":[{"taxonomy":"category","embeddable":true,"href":"https:\/\/www.mpal.mp.br\/index.php?rest_route=%2Fwp%2Fv2%2Fcategories&post=13851"},{"taxonomy":"post_tag","embeddable":true,"href":"https:\/\/www.mpal.mp.br\/index.php?rest_route=%2Fwp%2Fv2%2Ftags&post=13851"}],"curies":[{"name":"wp","href":"https:\/\/api.w.org\/{rel}","templated":true}]}}