{"id":13837,"date":"2015-03-08T09:10:21","date_gmt":"2015-03-08T12:10:21","guid":{"rendered":"https:\/\/www.mpal.mp.br\/?p=13837"},"modified":"2022-07-27T09:15:33","modified_gmt":"2022-07-27T12:15:33","slug":"ministerio-publico-leva-multidao-a-orla-de-maceio-no-dia-internacional-da-mulher-esmp-al-coordena-atividades-da-semana-nacional-de-justica-pela-paz-em-casa","status":"publish","type":"post","link":"https:\/\/www.mpal.mp.br\/?p=13837","title":{"rendered":"Minist\u00e9rio P\u00fablico leva multid\u00e3o \u00e0 orla de Macei\u00f3 no Dia Internacional da Mulher; ESMP\/AL coordena atividades da Semana Nacional de Justi\u00e7a pela Paz em Casa"},"content":{"rendered":"<p style=\"text-align: justify;\"><span style=\"font-size: 14pt;\">Milhares de pessoas participaram neste domingo (08) da caminhada promovida pelo Minist\u00e9rio P\u00fablico do Estado de Alagoas (MPE\/AL) na orla das praias de Paju\u00e7ara e da Ponta Verde em homenagem ao Dia Internacional da Mulher. A atividade deu in\u00edcio a programa\u00e7\u00e3o da Semana Nacional de Justi\u00e7a pela Paz em Casa, que, em Alagoas, est\u00e1 sob os cuidados da Escola Superior do MPE\/AL, com apoio da Promotoria de Justi\u00e7a de Combate e Preven\u00e7\u00e3o \u00e0 Viol\u00eancia Dom\u00e9stica e do N\u00facleo de Defesa da Mulher.<\/span><\/p>\n<p style=\"text-align: justify;\"><span style=\"font-size: 14pt;\">A multid\u00e3o percorreu a dist\u00e2ncia entre o Pavilh\u00e3o do Artesanato e o antigo pr\u00e9dio do Alagoinhas, j\u00e1 na praia da Ponta Verde. Os participantes levavam faixas e camisas que defendiam a valoriza\u00e7\u00e3o da mulher. Ao final do evento, o MPE\/AL concentrou o p\u00fablico numa tenda onde ofereceu orienta\u00e7\u00f5es sobre a Lei Maria da Penha, informando \u00e0 popula\u00e7\u00e3o sobre os direitos da mulher por meio de v\u00eddeos, di\u00e1logos e panfletos educativos.<\/span><\/p>\n<p style=\"text-align: justify;\"><span style=\"font-size: 14pt;\">O procurador-geral de Justi\u00e7a, S\u00e9rgio Juc\u00e1, um dos primeiros a chegar na concentra\u00e7\u00e3o da caminhada, reafirmou a necessidade de valorizar o p\u00fablico feminino todos os dias. \u201cO Dia Internacional da Mulher deve ser replicado o ano inteiro. Hoje e sempre devemos homenage\u00e1-las, principalmente no Minist\u00e9rio P\u00fablico onde contamos com valorosas servidoras, promotoras e procuradora de Justi\u00e7a. Elas s\u00e3o sin\u00f4nimo de intelig\u00eancia, \u00e9tica, destemor e garra, mas tamb\u00e9m de amor, do\u00e7ura, compreens\u00e3o e solidariedade. Temos no quadro do bravo MPE\/AL as maiores refer\u00eancias do Brasil na defesa dos interesses da sociedade. Por isso, hoje, juntos e irmanados, dizemos n\u00e3o \u00e0 viol\u00eancia contra a mulher\u201d, completou.<\/span><\/p>\n<p style=\"text-align: justify;\"><span style=\"font-size: 14pt;\">J\u00e1 o diretor da Escola Superior, procurador de Justi\u00e7a Eduardo Tavares Mendes, mostrou-se satisfeito com o resultado da caminhada. \u201cA caminhada de hoje \u00e9 uma grande iniciativas das institui\u00e7\u00f5es vinculadas \u00e0 Justi\u00e7a, como o Minist\u00e9rio P\u00fablico Estadual e o Tribunal de Justi\u00e7a de Alagoas, em prol da paz no nosso estado, sobretudo na casa da fam\u00edlia alagoana, com destaque para o respeito \u00e0s mulheres. \u00c9 inadmiss\u00edvel que, em pleno s\u00e9culo XXI, n\u00f3s tenhamos mulheres v\u00edtimas de ataques de seus companheiros, parentes e da comunidade masculina em geral. Todos n\u00f3s juntos devemos amadurecer o combate \u00e0s mais diversas pr\u00e1ticas de viol\u00eancia de g\u00eanero a fim de garantir o respeito que a mulher merece. A Semana Nacional da Justi\u00e7a pela Paz em Casa trar\u00e1 ao longo dos pr\u00f3ximos dias atividades que tratam disso\u201d, disse Tavares.<\/span><\/p>\n<p style=\"text-align: justify;\"><span style=\"font-size: 14pt;\">\u201c\u00c9 importante destacar que a Semana Nacional de Justi\u00e7a pela Paz em Casa surgiu no sentido de apresentar a sociedade medidas de combate e preven\u00e7\u00e3o \u00e0 viol\u00eancia dom\u00e9stica. A sociedade violenta tamb\u00e9m representa um reflexo da viol\u00eancia que ocorre no seio da fam\u00edlia. Assim, ao longo da semana o sistema de Justi\u00e7a se ocupar\u00e1 apenas de casos relacionados \u00e0 Lei Maria da Penha, tal como disponibilizar\u00e1 v\u00e1rios espa\u00e7os de divulga\u00e7\u00e3o da legisla\u00e7\u00e3o porque qualquer mudan\u00e7a social passa pela educa\u00e7\u00e3o, conhecimento e informa\u00e7\u00e3o. Ao contr\u00e1rio do &#8216;oba-oba&#8217; que costuma envolver a comemora\u00e7\u00e3o do Dia Internacional da Mulher, levamos a s\u00e9rio a luta em defesa dos direitos conquistados pelo g\u00eanero feminino\u201d, destacou a promotora de Justi\u00e7a Maria Jos\u00e9 Alves da Silva.<\/span><\/p>\n<p style=\"text-align: justify;\"><span style=\"font-size: 14pt;\">Tamb\u00e9m participaram da atividade membros e servidores do MPE\/AL, a Associa\u00e7\u00e3o do Minist\u00e9rio P\u00fablico do Estado de Alagoas (Ampal) e o programa Minist\u00e9rio P\u00fablico Comunit\u00e1rio. Al\u00e9m deste, institui\u00e7\u00f5es como Tribunal de Justi\u00e7a do Estado de Alagoas, a Defensoria P\u00fablica Estadual, a Ordem dos Advogados do Brasil, a Secretaria dos Direitos da Mulher, Governo do Estado como um todo, por meio de diversas secretarias, e empresas que apoiam a causa estiveram presentes na iniciativa da institui\u00e7\u00e3o ministerial.<\/span><\/p>\n<p style=\"text-align: justify;\"><span style=\"font-size: 14pt;\"><strong>Programa\u00e7\u00e3o recheada<\/strong><\/span><\/p>\n<p style=\"text-align: justify;\"><span style=\"font-size: 14pt;\">Nesta segunda-feira, a Escola Superior do Minist\u00e9rio P\u00fablico do Estado de Alagoas promover\u00e1 mais duas atividades. A primeira delas ser\u00e1 a palestra \u201cTransformando Sonhos em Realidade\u201d, que ocorrer\u00e1 no audit\u00f3rio da Procuradoria Geral de Justi\u00e7a, no bairro do Po\u00e7o, das 9h \u00e0s 11h. Na ocasi\u00e3o, tamb\u00e9m ocorrer\u00e1 a aplica\u00e7\u00e3o da ferramenta de coach \u201cRoda Viva\u201d, com a consultora do Sebrae Gleide Vilela.<\/span><\/p>\n<p style=\"text-align: justify;\"><span style=\"font-size: 14pt;\">No mesmo dia, a titular da Promotoria de Justi\u00e7a de Combate e Preven\u00e7\u00e3o \u00e0 Viol\u00eancia Dom\u00e9stica, Maria Jos\u00e9 Alves, representar\u00e1 o MPE\/AL, numa palestra da Escola da Magistratura do Estado de Alagoas, onde falar\u00e1 sobre a Equidade de G\u00eanero. Pela tarde, o procurador-geral de Justi\u00e7a, S\u00e9rgio Juc\u00e1, e o procurador de Justi\u00e7a Eduardo Tavares Mendes receber\u00e1, junto com a diretoria da Ampal, o p\u00fablico feminino do Minist\u00e9rio P\u00fablico para uma almo\u00e7o de confraterniza\u00e7\u00e3o e homenagem \u00e0s mulheres na sede da entidade de classe.<\/span><\/p>\n<p style=\"text-align: justify;\"><span style=\"font-size: 14pt;\">Na quarta-feira, ser\u00e1 a vez da Escola Superior do MPE\/AL e do programa Minist\u00e9rio P\u00fablico Comunit\u00e1rio promoverem um encontro com a popula\u00e7\u00e3o do bairro Vergel do Lago, na zona sul de Macei\u00f3. Na ocasi\u00e3o, ocorrer\u00e1 mais uma edi\u00e7\u00e3o do \u201cMP vai \u00e0 Pra\u00e7a\u201d. Dessa vez, ser\u00e3o oferecidos servi\u00e7os gratuitos de orienta\u00e7\u00e3o sobre a Lei Maria da Penha.<\/span><\/p>\n<p style=\"text-align: justify;\"><span style=\"font-size: 14pt;\">Haver\u00e1 tamb\u00e9m a promo\u00e7\u00e3o de servi\u00e7os de sa\u00fade, beleza e bem-estar, com o apoio do SENAC, SEBRAE, Cooperativa Pindorama, Cooperativa de Produ\u00e7\u00e3o Leiteira de Alagoas, O Botic\u00e1rio, Toldos e Varanda e outras institui\u00e7\u00f5es.<\/span><\/p>\n<p style=\"text-align: justify;\"><span style=\"font-size: 14pt;\">Por fim, no Macei\u00f3 Shopping, haver\u00e1, no per\u00edodo de 10 a 13 de mar\u00e7o, um stand do Minist\u00e9rio P\u00fablico do Estado de Alagoas para tirar d\u00favidas sobre o uso adequado da Lei Maria da Penha, tal como orientar sobre media\u00e7\u00e3o comunit\u00e1ria de conflitos referentes \u00e0 viol\u00eancia dom\u00e9stica e familiar.<\/span><\/p>\n<p style=\"text-align: justify;\"><span style=\"font-size: 14pt;\"><strong>A Semana Nacional<\/strong><\/span><\/p>\n<p style=\"text-align: justify;\"><span style=\"font-size: 14pt;\">O objetivo da Semana Nacional da Justi\u00e7a pela Paz em Casa \u00e9 mostrar que a paz \u00e9 a justa causa pela qual as mais diversas institui\u00e7\u00f5es de Justi\u00e7a de todo o pa\u00eds se empenham, buscando garanti-la aos lares brasileiros. A campanha ocorrer\u00e1 com a\u00e7\u00f5es de conscientiza\u00e7\u00e3o e com a busca pela realiza\u00e7\u00e3o do maior n\u00famero de julgamentos de casos de viol\u00eancia contra mulheres em todo o Brasil.<\/span><\/p>\n<p style=\"text-align: justify;\"><span style=\"font-size: 14pt;\">\u201cA busca da paz em casa tem motivo simples: a viol\u00eancia n\u00e3o para nos umbrais da porta de entrada. Ganha a rua e da\u00ed lan\u00e7a-se \u00e0 pra\u00e7a, na qual vira f\u00faria. Contra essa for\u00e7a n\u00e3o h\u00e1 for\u00e7a bastante a cont\u00ea-la sem o custo de vidas. Viver em paz \u00e9 direito. Viol\u00eancia n\u00e3o \u00e9 desaven\u00e7a, \u00e9 injusti\u00e7a. A paz \u00e9 constru\u00e7\u00e3o conjunta, sabe-se bem. Paz \u00e9 nossa justa causa\u201d, conclui a ministra C\u00e1rmen L\u00facia Antunes Rocha, uma das respons\u00e1veis pela campanha do STF.<\/span><\/p>\n<p style=\"text-align: justify;\"><span style=\"font-size: 14pt;\">A Semana Nacional vai promover a intensifica\u00e7\u00e3o de j\u00faris, audi\u00eancias e julgamentos de processos, em todas as comarcas, em casos de viol\u00eancia contra a mulher, sempre sob a forma da Lei Maria da Penha, al\u00e9m de outras a\u00e7\u00f5es voltadas \u00e0 efetividade da Lei.<\/span><\/p>\n","protected":false},"excerpt":{"rendered":"<p> [&hellip;]<\/p>\n","protected":false},"author":4,"featured_media":13842,"comment_status":"open","ping_status":"open","sticky":false,"template":"","format":"standard","meta":{"om_disable_all_campaigns":false,"_monsterinsights_skip_tracking":false,"_monsterinsights_sitenote_active":false,"_monsterinsights_sitenote_note":"","_monsterinsights_sitenote_category":0,"_uf_show_specific_survey":0,"_uf_disable_surveys":false,"footnotes":""},"categories":[19,2],"tags":[],"class_list":["post-13837","post","type-post","status-publish","format-standard","has-post-thumbnail","hentry","category-not_esmp","category-not_mpal"],"aioseo_notices":[],"_links":{"self":[{"href":"https:\/\/www.mpal.mp.br\/index.php?rest_route=\/wp\/v2\/posts\/13837","targetHints":{"allow":["GET"]}}],"collection":[{"href":"https:\/\/www.mpal.mp.br\/index.php?rest_route=\/wp\/v2\/posts"}],"about":[{"href":"https:\/\/www.mpal.mp.br\/index.php?rest_route=\/wp\/v2\/types\/post"}],"author":[{"embeddable":true,"href":"https:\/\/www.mpal.mp.br\/index.php?rest_route=\/wp\/v2\/users\/4"}],"replies":[{"embeddable":true,"href":"https:\/\/www.mpal.mp.br\/index.php?rest_route=%2Fwp%2Fv2%2Fcomments&post=13837"}],"version-history":[{"count":1,"href":"https:\/\/www.mpal.mp.br\/index.php?rest_route=\/wp\/v2\/posts\/13837\/revisions"}],"predecessor-version":[{"id":13845,"href":"https:\/\/www.mpal.mp.br\/index.php?rest_route=\/wp\/v2\/posts\/13837\/revisions\/13845"}],"wp:featuredmedia":[{"embeddable":true,"href":"https:\/\/www.mpal.mp.br\/index.php?rest_route=\/wp\/v2\/media\/13842"}],"wp:attachment":[{"href":"https:\/\/www.mpal.mp.br\/index.php?rest_route=%2Fwp%2Fv2%2Fmedia&parent=13837"}],"wp:term":[{"taxonomy":"category","embeddable":true,"href":"https:\/\/www.mpal.mp.br\/index.php?rest_route=%2Fwp%2Fv2%2Fcategories&post=13837"},{"taxonomy":"post_tag","embeddable":true,"href":"https:\/\/www.mpal.mp.br\/index.php?rest_route=%2Fwp%2Fv2%2Ftags&post=13837"}],"curies":[{"name":"wp","href":"https:\/\/api.w.org\/{rel}","templated":true}]}}