{"id":13814,"date":"2015-03-19T08:35:42","date_gmt":"2015-03-19T11:35:42","guid":{"rendered":"https:\/\/www.mpal.mp.br\/?p=13814"},"modified":"2022-07-27T08:45:54","modified_gmt":"2022-07-27T11:45:54","slug":"novo-cpc-membros-servidores-e-estagiarios-que-participarem-de-curso-da-esmp-al-serao-dispensados-do-expediente-na-proxima-terca-feira","status":"publish","type":"post","link":"https:\/\/www.mpal.mp.br\/?p=13814","title":{"rendered":"Novo CPC: membros, servidores e estagi\u00e1rios que participarem de curso da ESMP\/AL ser\u00e3o dispensados do expediente na pr\u00f3xima ter\u00e7a-feira"},"content":{"rendered":"<p style=\"text-align: justify;\"><span style=\"font-size: 14pt;\">A Procuradoria Geral de Justi\u00e7a (PGJ) liberou do expediente membros, servidores e estagi\u00e1rios do Minist\u00e9rio P\u00fablico do Estado de Alagoas que participarem da palestra \u201cSistema recursal e coisa julgada no novo CP\u201d, com o juiz federal Frederico Wildson da Silva Dantas, na pr\u00f3xima ter\u00e7a-feira, (24), das 8h \u00e0s 12h, no audit\u00f3rio Edgar Valente de Lima Filho, na sede da institui\u00e7\u00e3o ministerial.<\/span><\/p>\n<p style=\"text-align: justify;\"><span style=\"font-size: 14pt;\">A apresenta\u00e7\u00e3o do magistrado integra o curso \u201cPropostas de Altera\u00e7\u00f5es ao CPC: Reflex\u00f5es\u201d, que aborda o novo C\u00f3digo Processual Civil. A s\u00e9rie de palestra \u00e9 uma realiza\u00e7\u00e3o da Escola Superior do Minist\u00e9rio P\u00fablico (ESMP) e seguir\u00e1 at\u00e9 abril. Segundo o diretor da ESMP, o procurador de Justi\u00e7a Eduardo Tavares, o conhecimento da reda\u00e7\u00e3o proposta e a discuss\u00e3o aberta \u00e9 essencial.<\/span><\/p>\n<p style=\"text-align: justify;\"><span style=\"font-size: 14pt;\">&#8220;O curso \u00e9 muito importante, pois promove o debate acerca de um tema pol\u00eamico. Diante da oficializa\u00e7\u00e3o da nova reda\u00e7\u00e3o do CPC, a ESMP oferecer\u00e1, na sequ\u00eancia, um curso com conte\u00fado program\u00e1tico e carga hor\u00e1ria mais completos, j\u00e1 estamos nos organizando para isso. Mas, antes disso, \u00e9 fundamental que os membros e servidores do Minist\u00e9rio P\u00fablico j\u00e1 entrem no universo das discuss\u00f5es para conhecer o que est\u00e1 posto no novo c\u00f3digo&#8221;, explicou.<\/span><\/p>\n<p style=\"text-align: justify;\"><span style=\"font-size: 14pt;\"><strong>Curr\u00edculo<\/strong><\/span><\/p>\n<p style=\"text-align: justify;\"><span style=\"font-size: 14pt;\">Frederico Wildson Dantas possui gradua\u00e7\u00e3o em Direito pela Universidade Federal de Alagoas (2000), mestrado em Direito pela Universidade Federal de Pernambuco (2003) e doutorado em Direito pela Universidade Federal de Pernambuco (2010).<\/span><\/p>\n<p style=\"text-align: justify;\"><span style=\"font-size: 14pt;\">Ex-procurador do Estado de Alagoas, ele \u00e9 juiz federal desde 2002, quando passou a ocupar a 1\u00aa Relatoria e Presidente da Turma Recursal dos Juizados Especiais Federais da Se\u00e7\u00e3o Judici\u00e1ria de Alagoas.<\/span><\/p>\n<p style=\"text-align: justify;\"><span style=\"font-size: 14pt;\">O magistrado tamb\u00e9m \u00e9 professor adjunto da Universidade Federal de Alagoas (UFAL), onde ministra aulas na \u00e1rea de Direito Processual Civil e Constitucional em n\u00edvel de gradua\u00e7\u00e3o e p\u00f3s-gradua\u00e7\u00e3o (curso de mestrado). Ele tem experi\u00eancia na \u00e1rea de Direito, com \u00eanfase em Direito P\u00fablico, atuando principalmente nos seguintes temas: Direito Processual Civil e Constitucional.<\/span><\/p>\n","protected":false},"excerpt":{"rendered":"<p> [&hellip;]<\/p>\n","protected":false},"author":4,"featured_media":13471,"comment_status":"open","ping_status":"open","sticky":false,"template":"","format":"standard","meta":{"om_disable_all_campaigns":false,"_monsterinsights_skip_tracking":false,"_monsterinsights_sitenote_active":false,"_monsterinsights_sitenote_note":"","_monsterinsights_sitenote_category":0,"_uf_show_specific_survey":0,"_uf_disable_surveys":false,"footnotes":""},"categories":[19,2],"tags":[],"class_list":["post-13814","post","type-post","status-publish","format-standard","has-post-thumbnail","hentry","category-not_esmp","category-not_mpal"],"aioseo_notices":[],"_links":{"self":[{"href":"https:\/\/www.mpal.mp.br\/index.php?rest_route=\/wp\/v2\/posts\/13814","targetHints":{"allow":["GET"]}}],"collection":[{"href":"https:\/\/www.mpal.mp.br\/index.php?rest_route=\/wp\/v2\/posts"}],"about":[{"href":"https:\/\/www.mpal.mp.br\/index.php?rest_route=\/wp\/v2\/types\/post"}],"author":[{"embeddable":true,"href":"https:\/\/www.mpal.mp.br\/index.php?rest_route=\/wp\/v2\/users\/4"}],"replies":[{"embeddable":true,"href":"https:\/\/www.mpal.mp.br\/index.php?rest_route=%2Fwp%2Fv2%2Fcomments&post=13814"}],"version-history":[{"count":1,"href":"https:\/\/www.mpal.mp.br\/index.php?rest_route=\/wp\/v2\/posts\/13814\/revisions"}],"predecessor-version":[{"id":13827,"href":"https:\/\/www.mpal.mp.br\/index.php?rest_route=\/wp\/v2\/posts\/13814\/revisions\/13827"}],"wp:featuredmedia":[{"embeddable":true,"href":"https:\/\/www.mpal.mp.br\/index.php?rest_route=\/wp\/v2\/media\/13471"}],"wp:attachment":[{"href":"https:\/\/www.mpal.mp.br\/index.php?rest_route=%2Fwp%2Fv2%2Fmedia&parent=13814"}],"wp:term":[{"taxonomy":"category","embeddable":true,"href":"https:\/\/www.mpal.mp.br\/index.php?rest_route=%2Fwp%2Fv2%2Fcategories&post=13814"},{"taxonomy":"post_tag","embeddable":true,"href":"https:\/\/www.mpal.mp.br\/index.php?rest_route=%2Fwp%2Fv2%2Ftags&post=13814"}],"curies":[{"name":"wp","href":"https:\/\/api.w.org\/{rel}","templated":true}]}}