{"id":13806,"date":"2013-08-01T08:32:39","date_gmt":"2013-08-01T11:32:39","guid":{"rendered":"https:\/\/www.mpal.mp.br\/?p=13806"},"modified":"2022-07-27T08:33:18","modified_gmt":"2022-07-27T11:33:18","slug":"a-pedido-do-mp-al-justica-decreta-indisponibilidade-de-bens-de-ex-gestores-de-limoeiro-de-anadia","status":"publish","type":"post","link":"https:\/\/www.mpal.mp.br\/?p=13806","title":{"rendered":"A pedido do MP\/AL, Justi\u00e7a decreta indisponibilidade de bens de ex-gestores de Limoeiro de Anadia"},"content":{"rendered":"<p style=\"text-align: justify;\"><span style=\"font-size: 14pt;\">Acolhendo pedido liminar em a\u00e7\u00e3o civil p\u00fablica pela pr\u00e1tica de ato de improbidade administrativa, proposta pela Promotoria de Justi\u00e7a do munic\u00edpio de Limoeiro de Anadia e pelo N\u00facleo de Defesa do Patrim\u00f4nio P\u00fablico do Minist\u00e9rio P\u00fablico Estadual de Alagoas, o juiz daquela comarca, Phillipe Melo de Alc\u00e2ntara Falc\u00e3o, determinou a indisponibilidade dos bens do ex-prefeito Jorge Nivaldo Ribeiro de Albuquerque e dos ex-secret\u00e1rios municipais Luiz Eduardo Lopes Cavalcanti, Sebasti\u00e3o Vieira de Souza, Sidnaldo Vieira de Souza, Rafael Ribeiro de Albuquerque, Jos\u00e9 Alberto Oliveira Silva e Edjaria Elp\u00eddia Silva Santos. Os r\u00e9us s\u00e3o acusados pelo MP\/AL de terem desviado quase R$ 6 milh\u00f5es dos cofres p\u00fablicos em apenas tr\u00eas anos.<\/span><\/p>\n<p style=\"text-align: justify;\"><span style=\"font-size: 14pt;\">Em n\u00fameros mais precisos, de acordo com as investiga\u00e7\u00f5es do Minist\u00e9rio P\u00fablico que come\u00e7aram no in\u00edcio de 2012, sob o comando do ex-gestor Nivaldo Ribeiro, R$\u00a0<a href=\"5.887.351,19\" target=\"_blank\" rel=\"noopener\">5.887.351,19<\/a>\u00a0foram desviados das contas da Prefeitura de Limoeiro de Anadia \u2013 cidade localizada no Agreste alagoano -, durante os anos de 2005 a 2008.<\/span><\/p>\n<p style=\"text-align: justify;\"><span style=\"font-size: 14pt;\">As fraudes aconteciam atrav\u00e9s da emiss\u00e3o de empenhos, ordens de pagamento e atestados de recebimento de bens e emiss\u00e3o de cheques. Para comprovar o modo criminoso de atua\u00e7\u00e3o dos acusados, os promotores de Justi\u00e7a analisaram 833 notas fiscais e recibos falsos. Todos eles s\u00e3o referentes a supostas despesas para aquisi\u00e7\u00e3o de produtos diversos e, somados, representam o montante indevidamente sacado para pagamento, sem o regular documento fiscal comprobat\u00f3rio.<\/span><\/p>\n<p style=\"text-align: justify;\"><span style=\"font-size: 14pt;\">Ap\u00f3s longa investiga\u00e7\u00e3o, a Promotoria de Limoeiro de Anadia e o N\u00facleo de Defesa do Patrim\u00f4nio P\u00fablico constataram que tais notas e recibos n\u00e3o tinham qualquer validade, fato que foi confirmado por per\u00edcia t\u00e9cnica realizada pela Secretaria de Estado da Fazenda (Sefaz). Al\u00e9m disso, as empresas que tiveram documentos falsificados em seus nomes, confirmaram ao Minist\u00e9rio P\u00fablico que jamais venderam mercadorias aquele Munic\u00edpio.<\/span><\/p>\n<p style=\"text-align: justify;\"><span style=\"font-size: 14pt;\"><strong>Segredo de Justi\u00e7a<\/strong><\/span><\/p>\n<p style=\"text-align: justify;\"><span style=\"font-size: 14pt;\">A instru\u00e7\u00e3o da a\u00e7\u00e3o civil p\u00fablica por ato de improbidade administrativa\u00a0dever\u00e1\u00a0<span id=\"OBJ_PREFIX_DWT770_com_zimbra_date\">ter<\/span>\u00a0in\u00edcio nos pr\u00f3ximos dias. Entretanto, o magistrado decretou segredo de justi\u00e7a na sua tramita\u00e7\u00e3o porque as investiga\u00e7\u00f5es envolvem quebras de sigilos.<\/span><\/p>\n<p style=\"text-align: justify;\"><span style=\"font-size: 14pt;\">\u201cN\u00f3s ficamos escandalizados diante da grandiosidade da fraude. E os desvios parecem que n\u00e3o param por a\u00ed. As investiga\u00e7\u00f5es continuam, s\u00f3 que, dessa vez, com rela\u00e7\u00e3o a outros tipos de crime. H\u00e1 fortes ind\u00edcios que indicam que um valor maior do que aquele at\u00e9 agora encontrado, tamb\u00e9m fora desviado dos cofres da Prefeitura de Limoeiro de Anadia\u201d, explicou Jos\u00e9 Carlos Castro, coordenador do N\u00facleo de Defesa do Patrim\u00f4nio P\u00fablico do MP\/AL.<\/span><\/p>\n<p style=\"text-align: justify;\"><span style=\"font-size: 14pt;\">Caso condenados por esses atos, os acusados poder\u00e3o ser punidos com a perda da fun\u00e7\u00e3o p\u00fablica, caso estejam exercendo-as no dia do julgamento, suspens\u00e3o de direitos pol\u00edticos por at\u00e9 10 anos, pagamento de multa, al\u00e9m do ressarcimento dos danos causados ao er\u00e1rio. A a\u00e7\u00e3o recebeu o n\u00ba\u00a0<a href=\"0000400-78.2013.8.02\" target=\"_blank\" rel=\"noopener\">0000400-78.2013.8.02<\/a>.0017.<\/span><\/p>\n<p style=\"text-align: justify;\"><span style=\"font-size: 14pt;\">\u201cAinda \u00e9 importante informar que, em paralelo, o Minist\u00e9rio P\u00fablico ofertou uma a\u00e7\u00e3o penal contra os mesmos acusados, que agora tamb\u00e9m respondem pelos crimes de responsabilidade, falsidade ideol\u00f3gica, uso de documento falso e forma\u00e7\u00e3o de quadrilha\u201d, acrescentou Jos\u00e9 Carlos Castro.<\/span><\/p>\n","protected":false},"excerpt":{"rendered":"<p> [&hellip;]<\/p>\n","protected":false},"author":5,"featured_media":2857,"comment_status":"open","ping_status":"open","sticky":false,"template":"","format":"standard","meta":{"om_disable_all_campaigns":false,"_monsterinsights_skip_tracking":false,"_monsterinsights_sitenote_active":false,"_monsterinsights_sitenote_note":"","_monsterinsights_sitenote_category":0,"_uf_show_specific_survey":0,"_uf_disable_surveys":false,"footnotes":""},"categories":[2],"tags":[],"class_list":["post-13806","post","type-post","status-publish","format-standard","has-post-thumbnail","hentry","category-not_mpal"],"aioseo_notices":[],"_links":{"self":[{"href":"https:\/\/www.mpal.mp.br\/index.php?rest_route=\/wp\/v2\/posts\/13806","targetHints":{"allow":["GET"]}}],"collection":[{"href":"https:\/\/www.mpal.mp.br\/index.php?rest_route=\/wp\/v2\/posts"}],"about":[{"href":"https:\/\/www.mpal.mp.br\/index.php?rest_route=\/wp\/v2\/types\/post"}],"author":[{"embeddable":true,"href":"https:\/\/www.mpal.mp.br\/index.php?rest_route=\/wp\/v2\/users\/5"}],"replies":[{"embeddable":true,"href":"https:\/\/www.mpal.mp.br\/index.php?rest_route=%2Fwp%2Fv2%2Fcomments&post=13806"}],"version-history":[{"count":1,"href":"https:\/\/www.mpal.mp.br\/index.php?rest_route=\/wp\/v2\/posts\/13806\/revisions"}],"predecessor-version":[{"id":13807,"href":"https:\/\/www.mpal.mp.br\/index.php?rest_route=\/wp\/v2\/posts\/13806\/revisions\/13807"}],"wp:featuredmedia":[{"embeddable":true,"href":"https:\/\/www.mpal.mp.br\/index.php?rest_route=\/wp\/v2\/media\/2857"}],"wp:attachment":[{"href":"https:\/\/www.mpal.mp.br\/index.php?rest_route=%2Fwp%2Fv2%2Fmedia&parent=13806"}],"wp:term":[{"taxonomy":"category","embeddable":true,"href":"https:\/\/www.mpal.mp.br\/index.php?rest_route=%2Fwp%2Fv2%2Fcategories&post=13806"},{"taxonomy":"post_tag","embeddable":true,"href":"https:\/\/www.mpal.mp.br\/index.php?rest_route=%2Fwp%2Fv2%2Ftags&post=13806"}],"curies":[{"name":"wp","href":"https:\/\/api.w.org\/{rel}","templated":true}]}}