{"id":13802,"date":"2013-08-12T08:31:50","date_gmt":"2013-08-12T11:31:50","guid":{"rendered":"https:\/\/www.mpal.mp.br\/?p=13802"},"modified":"2022-07-27T08:32:29","modified_gmt":"2022-07-27T11:32:29","slug":"mpe-al-e-focco-al-cobram-mais-transparencia-da-assembleia-durante-reuniao-com-a-presidencia-da-casa","status":"publish","type":"post","link":"https:\/\/www.mpal.mp.br\/?p=13802","title":{"rendered":"MPE\/AL e FOCCO\/AL cobram mais transpar\u00eancia da Assembleia durante reuni\u00e3o com a presid\u00eancia da Casa"},"content":{"rendered":"<div class=\"content-wrapper-1\">\n<div class=\"content-wrapper-2\">\n<div id=\"mainmiddle\">\n<div id=\"mainmiddle-expand\">\n<div id=\"content\">\n<div id=\"content-shift\">\n<div class=\"floatbox\">\n<div class=\"joomla \">\n<div class=\"article\">\n<div id=\"articlepxfontsize1\">\n<p style=\"text-align: justify;\"><span style=\"font-size: 14pt;\">Mais transpar\u00eancia na divulga\u00e7\u00e3o de sua movimenta\u00e7\u00e3o financeira. Esta foi a cobran\u00e7a feita pelo Minist\u00e9rio P\u00fablico Estadual de Alagoas e o F\u00f3rum de Combate \u00e0 Corrup\u00e7\u00e3o (FOCCO\/AL) \u2013 organiza\u00e7\u00e3o da sociedade civil organizada da qual foi o MPE\/AL faz parte -, durante uma reuni\u00e3o que aconteceu no final da manh\u00e3 desta segunda-feira (12), na sede da Assembleia Legislativa de Alagoas. A presid\u00eancia da Casa de Tavares Bastos prometeu cumprir as normas estabelecidas na Lei de Responsabilidade Fiscal (Lei Complementar n\u00ba 101\/2000) e na Lei de Acesso \u00e0 Informa\u00e7\u00e3o (Lei n\u00ba 12.527\/11) dentro do prazo de 30 dias, recomendado pelos representantes da entidade.<\/span><\/p>\n<p style=\"text-align: justify;\"><span style=\"font-size: 14pt;\">Atrav\u00e9s do of\u00edcio n\u00ba 001\/2013, o FOCCO\/AL argumentou que, ao pedir para que o Poder Legislativo divulgue, nos moldes das legisla\u00e7\u00e3o que trata do assunto, os dados sobre receitas e despesas, est\u00e1 cumprindo com sua obriga\u00e7\u00e3o enquanto entidade criada para facilitar o interc\u00e2mbio de informa\u00e7\u00f5es e de estrat\u00e9gias de preven\u00e7\u00e3o e combate \u00e0 corrup\u00e7\u00e3o no \u00e2mbito do estado de Alagoas.<\/span><\/p>\n<p style=\"text-align: justify;\"><span style=\"font-size: 14pt;\">\u201cLevantamento realizado por nossa entidade nos mostrou que, lamentavelmente, as determina\u00e7\u00f5es dispostas nos referidos dispositivos legais ainda n\u00e3o foram cumpridas pelo Poder Legislativo do Estado de Alagoas, em que pese o transcurso do prazo estabelecido h\u00e1 mais de quatro anos. Em seu s\u00edtio na internet, constam informa\u00e7\u00f5es escassas, incompletas e pouco claras, al\u00e9m de bastante defasadas, mantendo-se \u00e0 margem e sem qualquer aten\u00e7\u00e3o ao que prescreve supracitado dispositivo legal, regente da mat\u00e9ria\u201d, diz trecho do documento entregue \u00e0 presid\u00eancia.<\/span><\/p>\n<p style=\"text-align: justify;\"><span style=\"font-size: 14pt;\">\u201cCabre frisar ainda que, dentre os poderes estaduais, o Legislativo \u00e9 o \u00fanico que n\u00e3o se enquadrou \u00e0s exig\u00eancias dessa Lei, visto que, tanto o Poder Executivo, como o Poder Judici\u00e1rio, al\u00e9m do Minist\u00e9rio P\u00fablico Estadual e o Tribunal de Contas, j\u00e1 disp\u00f5em em s\u00edtios eletr\u00f4nicos pr\u00f3prios as informa\u00e7\u00f5es que s\u00e3o prescritas nessa legisla\u00e7\u00e3o\u201d, continua o of\u00edcio.<\/span><\/p>\n<p style=\"text-align: justify;\"><span style=\"font-size: 14pt;\">Ainda ao falar sobre a import\u00e2ncia na transpar\u00eancia com os gastos p\u00fablicos, o FOCCO\/AL lembrou que a Assembleia deve seguir tamb\u00e9m o que preconiza a Constitui\u00e7\u00e3o Federal em seu artigo n\u00ba 37, onde est\u00e3o estabelecidos os princ\u00edpios da legalidade, publicidade, efici\u00eancia e moralidade.<\/span><\/p>\n<p style=\"text-align: justify;\"><span style=\"font-size: 14pt;\">\u201cAcho que o prazo de 30 dias \u00e9 um tempo razo\u00e1vel para que o Legislativo cumpre as leis de Responsabilidade Fiscal e de Acesso \u00e0 Informa\u00e7\u00e3o. Nesse primeiro momento, viemos pedir para que a Casa se adeque \u00e0s normas e as cumpra da forma como elas est\u00e3o dispostas. Caso percebamos que n\u00e3o esse compromisso n\u00e3o esteja sendo posto em pr\u00e1tica, o FOCCO\/AL dever\u00e1 provocar as institui\u00e7\u00f5es para que, cada uma, dentro da sua atribui\u00e7\u00e3o, adote as medidas cab\u00edveis\u201d, explicou o promotor de Justi\u00e7a Jos\u00e9 Carlos Castro, representante do MPE\/AL na entidade.<\/span><\/p>\n<p style=\"text-align: justify;\"><span style=\"font-size: 14pt;\"><strong>ALE\/AL prometeu se adequar \u00e0 legisla\u00e7\u00e3o<\/strong><\/span><\/p>\n<p style=\"text-align: justify;\"><span style=\"font-size: 14pt;\">O presidente da Assembleia Legislativa, deputado estadual Fernando Toledo, ao tempo em que agradeceu o fato de a cobran\u00e7a ter acontecido de uma forma cort\u00eas, garantiu que o Poder vai atender a solicita\u00e7\u00e3o feita pelo FOCCO\/AL. \u201cVou encaminhar c\u00f3pia do of\u00edcio \u00e0s 1\u00aa e 2\u00aa Secretarias da Mesa Diretora para que possamos fazer a inser\u00e7\u00e3o das informa\u00e7\u00f5es que est\u00e3o sendo cobradas. As provid\u00eancias come\u00e7ar\u00e3o a ser adotadas de imediato\u201d, disse ele.<\/span><\/p>\n<p style=\"text-align: justify;\"><span style=\"font-size: 14pt;\">\u201cSei que estamos muito expostos nas m\u00eddia por conta das den\u00fancias que est\u00e3o sendo feitas sobre a nossa movimenta\u00e7\u00e3o financeira, ent\u00e3o, os dados, quando publicizados no portal da transpar\u00eancia da Assembleia, v\u00e3o nos ajudar a esclarecer muita coisa\u201d, comentou Toledo.<\/span><\/p>\n<p style=\"text-align: justify;\"><span style=\"font-size: 14pt;\">O Minist\u00e9rio P\u00fablico de Contas, que ano passado editou um ato normativo onde orienta as prefeituras sobre os dados que devem ser inseridos em seus portais da transpar\u00eancia, colocou-se \u00e0 disposi\u00e7\u00e3o da ALE\/AL para ajudar em quaisquer esclarecimentos que a Casa precise. \u201cNormatizamos a mat\u00e9ria com base nas leis sancionadas pela presid\u00eancia da Rep\u00fablica e estamos prontos para ajudar naquilo que for preciso\u201d, declarou Pedro Barbosa, procurador-geral do MP de Contas de Alagoas.<\/span><\/p>\n<\/div>\n<\/div>\n<\/div>\n<\/div>\n<\/div>\n<\/div>\n<\/div>\n<\/div>\n<\/div>\n<\/div>\n<div class=\"content-wrapper-b1\">\n<div class=\"content-wrapper-b2\" style=\"text-align: justify;\"><\/div>\n<\/div>\n","protected":false},"excerpt":{"rendered":"<p> [&hellip;]<\/p>\n","protected":false},"author":5,"featured_media":13803,"comment_status":"open","ping_status":"open","sticky":false,"template":"","format":"standard","meta":{"om_disable_all_campaigns":false,"_monsterinsights_skip_tracking":false,"_monsterinsights_sitenote_active":false,"_monsterinsights_sitenote_note":"","_monsterinsights_sitenote_category":0,"_uf_show_specific_survey":0,"_uf_disable_surveys":false,"footnotes":""},"categories":[2],"tags":[],"class_list":["post-13802","post","type-post","status-publish","format-standard","has-post-thumbnail","hentry","category-not_mpal"],"aioseo_notices":[],"_links":{"self":[{"href":"https:\/\/www.mpal.mp.br\/index.php?rest_route=\/wp\/v2\/posts\/13802","targetHints":{"allow":["GET"]}}],"collection":[{"href":"https:\/\/www.mpal.mp.br\/index.php?rest_route=\/wp\/v2\/posts"}],"about":[{"href":"https:\/\/www.mpal.mp.br\/index.php?rest_route=\/wp\/v2\/types\/post"}],"author":[{"embeddable":true,"href":"https:\/\/www.mpal.mp.br\/index.php?rest_route=\/wp\/v2\/users\/5"}],"replies":[{"embeddable":true,"href":"https:\/\/www.mpal.mp.br\/index.php?rest_route=%2Fwp%2Fv2%2Fcomments&post=13802"}],"version-history":[{"count":1,"href":"https:\/\/www.mpal.mp.br\/index.php?rest_route=\/wp\/v2\/posts\/13802\/revisions"}],"predecessor-version":[{"id":13805,"href":"https:\/\/www.mpal.mp.br\/index.php?rest_route=\/wp\/v2\/posts\/13802\/revisions\/13805"}],"wp:featuredmedia":[{"embeddable":true,"href":"https:\/\/www.mpal.mp.br\/index.php?rest_route=\/wp\/v2\/media\/13803"}],"wp:attachment":[{"href":"https:\/\/www.mpal.mp.br\/index.php?rest_route=%2Fwp%2Fv2%2Fmedia&parent=13802"}],"wp:term":[{"taxonomy":"category","embeddable":true,"href":"https:\/\/www.mpal.mp.br\/index.php?rest_route=%2Fwp%2Fv2%2Fcategories&post=13802"},{"taxonomy":"post_tag","embeddable":true,"href":"https:\/\/www.mpal.mp.br\/index.php?rest_route=%2Fwp%2Fv2%2Ftags&post=13802"}],"curies":[{"name":"wp","href":"https:\/\/api.w.org\/{rel}","templated":true}]}}