{"id":13799,"date":"2013-08-14T08:30:57","date_gmt":"2013-08-14T11:30:57","guid":{"rendered":"https:\/\/www.mpal.mp.br\/?p=13799"},"modified":"2022-07-27T08:31:38","modified_gmt":"2022-07-27T11:31:38","slug":"ministerio-publico-e-focco-al-promovem-evento-sobre-combate-a-corrupcao","status":"publish","type":"post","link":"https:\/\/www.mpal.mp.br\/?p=13799","title":{"rendered":"Minist\u00e9rio P\u00fablico e FOCCO\/AL promovem evento sobre combate \u00e0 corrup\u00e7\u00e3o"},"content":{"rendered":"<p style=\"text-align: justify;\"><span style=\"font-size: 14pt;\">&#8220;A Relev\u00e2ncia da transpar\u00eancia no combate \u00e0 corrup\u00e7\u00e3o&#8221;. Este \u00e9 o tema da palestra que ser\u00e1 ministrada por Affonso Ghizzo Neto, promotor de Justi\u00e7a do estado de Santa Catarina, nesta sexta-feira (16), no audit\u00f3rio da sede do Minist\u00e9rio P\u00fablico Estadual de Alagoas. A atividade, que est\u00e1 sendo organizada em parceria com o Focco &#8211; F\u00f3rum de Combate \u00e0 Corrup\u00e7\u00e3o, tem o objetivo de incentivar o trabalho de enfrentamento aos crimes contra os cofres p\u00fablicos.<\/span><\/p>\n<p style=\"text-align: justify;\"><span style=\"font-size: 14pt;\">Affonso Ghizzo Neto, que \u00e9 autor do livro \u201cCorrup\u00e7\u00e3o, Estado Democr\u00e1tico de Direito e Educa\u00e7\u00e3o\u201d, lan\u00e7ado recentemente em Florian\u00f3polis, \u00e9 uma refer\u00eancia no assunto dentro dos MPs brasileiros. Nessa obra, ele explica que o que o motivou a escrever sobre o tema foi a alta demanda de processos administrativos instaurados por conta do descumprimento \u00e0s normas da moralidade p\u00fablica. A mesma tem\u00e1tica serviu de conte\u00fado para a sua tese de mestrado na UFSC &#8211; Universidade Federal de Santa Catarina.<\/span><\/p>\n<p style=\"text-align: justify;\"><span style=\"font-size: 14pt;\">Tanto no livro, passando pela sua atua\u00e7\u00e3o como promotor de Justi\u00e7a e, inclusive nas palestras que confere, Affonso Ghizzo Neto costuma falar sobre a origem da corrup\u00e7\u00e3o, faz uma an\u00e1lise hist\u00f3rica sobre esse tipo de crime e lamenta o fato de ele ter se tornado uma cultura no Pa\u00eds, mesmo tendo consequ\u00eancias somente negativas ao Estado brasileiro.<\/span><\/p>\n<p style=\"text-align: justify;\"><span style=\"font-size: 14pt;\">Durante o evento em Alagoas, o promotor tamb\u00e9m apresentar\u00e1 estat\u00edsticas sobre a corrup\u00e7\u00e3o no Brasil, vai discutir o princ\u00edpio da moralidade, os instrumentos constitucionais para combater esse tipo de crime e fazer uma an\u00e1lise geral da situa\u00e7\u00e3o da infra\u00e7\u00e3o no Pa\u00eds. Na sequ\u00eancia, falar\u00e1 sobre as solu\u00e7\u00f5es que existem para punir, de forma rigorosa, os acusados e at\u00e9 a aplica\u00e7\u00e3o de m\u00e9todos de educa\u00e7\u00e3o para conscientizar sociedade civil organizada e estudantes.<\/span><\/p>\n<p style=\"text-align: justify;\"><span style=\"font-size: 14pt;\">\u201cA educa\u00e7\u00e3o \u00e9 fundamental para que comecemos a trabalhar o conceito de uma nova mentalidade no Brasil. E o Minist\u00e9rio P\u00fablico quer participar desse processo. A corrup\u00e7\u00e3o n\u00e3o \u00e9 um mal que acontece apenas em nosso Pa\u00eds, mas, se \u00e9 que aqui que vivemos, \u00e9 aqui que temos que nos mobilizar. O promotor Ghizzo \u00e9 uma refer\u00eancia no tema e, certamente, vem a Alagoas para dar a sua contribui\u00e7\u00e3o nesse sentindo\u201d, afirmou S\u00e9rgio Juc\u00e1, procurador-geral de Justi\u00e7a.<\/span><\/p>\n<p style=\"text-align: justify;\"><span style=\"font-size: 14pt;\"><strong>O evento<\/strong><\/span><\/p>\n<p style=\"text-align: justify;\"><span style=\"font-size: 14pt;\">A palestra &#8220;A Relev\u00e2ncia da transpar\u00eancia no combate \u00e0 corrup\u00e7\u00e3o&#8221; est\u00e1 sendo organizada pelo Minist\u00e9rio P\u00fablico Estadual de Alagoas, o N\u00facleo de Defesa do\u00a0Patrim\u00f4nio P\u00fablico do MP\/AL, a Escola Superior do Minist\u00e9rio P\u00fablico do Estado de Alagoas e o Focco &#8211; F\u00f3rum de Combate \u00e0 Corrup\u00e7\u00e3o e acontecer\u00e1 hoje, 16 de agosto, a partir das 9h, no audit\u00f3rio da Procuradoria Geral de Justi\u00e7a, situada na Rua Dr. Pedro Jorge de Melo e Silva, n\u00b0 79 \u2013 5\u00ba andar, bairro do Po\u00e7o.<\/span><\/p>\n<p style=\"text-align: justify;\"><span style=\"font-size: 14pt;\">Qualquer pessoa da sociedade civil pode participar do evento, assim como ele tamb\u00e9m estar\u00e1 aberto para institui\u00e7\u00f5es p\u00fablicas e empresas privadas. As vagas s\u00e3o limitadas e as inscri\u00e7\u00f5es devem ser feitas das 8h \u00e0s 13h, na sede da ESMP\/AL \u2013 Escola Superior do Minist\u00e9rio P\u00fablico do Estado de Alagoas, localizada na Rua Humberto Mendes, n\u00ba 636, 1\u00ba andar, Po\u00e7o; pelo telefone: 2122-3700 ou ainda atrav\u00e9s do e-mail:\u00a0<a href=\"mailto:esmpal@mpal.mp.br\">esmpal@mpal.mp.br<\/a>.<\/span><\/p>\n<p style=\"text-align: justify;\"><span style=\"font-size: 14pt;\">\u00c0s 9h haver\u00e1 a abertura do encontro, que ser\u00e1 feita pelo procurador-geral de Justi\u00e7a, S\u00e9rgio Juc\u00e1, por Wagner de Morais, coordenador do Focco\/AL e secret\u00e1rio executivo do TCU\/AL, pelo promotor de Justi\u00e7a e coordenador do N\u00facleo de Defesa do Patrim\u00f4nio P\u00fablico, Jos\u00e9 Carlos Castro e pela promotora e diretora da ESMP\/AL, Stela Val\u00e9ria Cavalcanti.<\/span><\/p>\n<p style=\"text-align: justify;\"><span style=\"font-size: 14pt;\">A palestra ter\u00e1 in\u00edcio \u00e0s 9h15 e, \u00e0s 10h45, ser\u00e1 promovido um debate a cerca do tema.<\/span><\/p>\n<p style=\"text-align: justify;\"><span style=\"font-size: 14pt;\"><strong>Pr\u00eamios<\/strong><\/span><\/p>\n<p style=\"text-align: justify;\"><span style=\"font-size: 14pt;\">Affonso Ghizzo Neto \u00e9 promotor de Justi\u00e7a em Joinville (SC) e idealizador da campanha \u201cO que voc\u00ea tem a ver com a corrup\u00e7\u00e3o?\u201d, que venceu diversos pr\u00eamios jur\u00eddicos. Tamb\u00e9m\u00a0\u00e9 autor das obras \u201cCartilha Legal\u201d, \u201cImprobidade Administrativa e Lei de Responsabilidade Fiscal \u2013 Conex\u00f5es\u201d e \u201cA Nova Lei Eleitoral \u2013 anota\u00e7\u00f5es \u00e0 Lei 9.504, de 30 de setembro de 1997\u201d. Affonso tamb\u00e9m \u00e9 membro-fundador da ABMPE (Associa\u00e7\u00e3o Brasileira de Magistrados, Procuradores e Promotores Eleitorais).<\/span><\/p>\n","protected":false},"excerpt":{"rendered":"<p> [&hellip;]<\/p>\n","protected":false},"author":5,"featured_media":13800,"comment_status":"open","ping_status":"open","sticky":false,"template":"","format":"standard","meta":{"om_disable_all_campaigns":false,"_monsterinsights_skip_tracking":false,"_monsterinsights_sitenote_active":false,"_monsterinsights_sitenote_note":"","_monsterinsights_sitenote_category":0,"_uf_show_specific_survey":0,"_uf_disable_surveys":false,"footnotes":""},"categories":[2],"tags":[],"class_list":["post-13799","post","type-post","status-publish","format-standard","has-post-thumbnail","hentry","category-not_mpal"],"aioseo_notices":[],"_links":{"self":[{"href":"https:\/\/www.mpal.mp.br\/index.php?rest_route=\/wp\/v2\/posts\/13799","targetHints":{"allow":["GET"]}}],"collection":[{"href":"https:\/\/www.mpal.mp.br\/index.php?rest_route=\/wp\/v2\/posts"}],"about":[{"href":"https:\/\/www.mpal.mp.br\/index.php?rest_route=\/wp\/v2\/types\/post"}],"author":[{"embeddable":true,"href":"https:\/\/www.mpal.mp.br\/index.php?rest_route=\/wp\/v2\/users\/5"}],"replies":[{"embeddable":true,"href":"https:\/\/www.mpal.mp.br\/index.php?rest_route=%2Fwp%2Fv2%2Fcomments&post=13799"}],"version-history":[{"count":1,"href":"https:\/\/www.mpal.mp.br\/index.php?rest_route=\/wp\/v2\/posts\/13799\/revisions"}],"predecessor-version":[{"id":13801,"href":"https:\/\/www.mpal.mp.br\/index.php?rest_route=\/wp\/v2\/posts\/13799\/revisions\/13801"}],"wp:featuredmedia":[{"embeddable":true,"href":"https:\/\/www.mpal.mp.br\/index.php?rest_route=\/wp\/v2\/media\/13800"}],"wp:attachment":[{"href":"https:\/\/www.mpal.mp.br\/index.php?rest_route=%2Fwp%2Fv2%2Fmedia&parent=13799"}],"wp:term":[{"taxonomy":"category","embeddable":true,"href":"https:\/\/www.mpal.mp.br\/index.php?rest_route=%2Fwp%2Fv2%2Fcategories&post=13799"},{"taxonomy":"post_tag","embeddable":true,"href":"https:\/\/www.mpal.mp.br\/index.php?rest_route=%2Fwp%2Fv2%2Ftags&post=13799"}],"curies":[{"name":"wp","href":"https:\/\/api.w.org\/{rel}","templated":true}]}}