{"id":13791,"date":"2015-03-24T08:27:04","date_gmt":"2015-03-24T11:27:04","guid":{"rendered":"https:\/\/www.mpal.mp.br\/?p=13791"},"modified":"2022-07-27T08:35:23","modified_gmt":"2022-07-27T11:35:23","slug":"em-curso-promovido-pela-esmp-juiz-federal-aborda-sistema-recursal-e-coisa-julgada-no-novo-cpc","status":"publish","type":"post","link":"https:\/\/www.mpal.mp.br\/?p=13791","title":{"rendered":"Em curso promovido pela ESMP, juiz federal aborda sistema recursal e coisa julgada no novo CPC"},"content":{"rendered":"<p style=\"text-align: justify;\"><span style=\"font-size: 14pt;\">A Escola Superior do Minist\u00e9rio P\u00fablico (ESMP) recebeu, nesta ter\u00e7a-feira (24), o juiz federal Frederico Wilson da Silva Dantas no segundo m\u00f3dulo do curso \u201cPropostas de Altera\u00e7\u00f5es ao CPC: Reflex\u00f5es\u201d, que trata do novo C\u00f3digo de Processo Civil. Em sua apresenta\u00e7\u00e3o, o magistrado abordou o sistema recursal e a coisa jugada na legisla\u00e7\u00e3o sancionada neste m\u00eas pela Presid\u00eancia da Rep\u00fablica, ap\u00f3s cinco anos de debate no Congresso Nacional.<\/span><\/p>\n<p style=\"text-align: justify;\"><span style=\"font-size: 14pt;\">Frederico Dantas explicou que a Justi\u00e7a do pa\u00eds ter\u00e1 o prazo de um ano para estudar as mudan\u00e7as do c\u00f3digo e adaptar-se a ele. Sobre o dilema de garantir a celeridade do processo civil sem prejudicar os direitos e garantias processuais, o juiz entende que a legisla\u00e7\u00e3o alcan\u00e7ou um \u201cbom ponto de equil\u00edbrio\u201d, com mais pontos positivos do que negativos.<\/span><\/p>\n<p style=\"text-align: justify;\"><span style=\"font-size: 14pt;\">\u201cO novo C\u00f3digo de Processo Civil d\u00e1 \u00eanfase na instrumentaliza\u00e7\u00e3o do processo, de modo a simplificar seu tr\u00e2mite e aproveitar os atos processuais. Pode-se dizer que esse \u00e9 o esp\u00edrito do novo c\u00f3digo. Muitas das mudan\u00e7as s\u00e3o apenas incorpora\u00e7\u00e3o de quest\u00f5es que j\u00e1 vinham sendo trabalhadas no c\u00f3digo vigentes, de modo a transformar algumas jurisprud\u00eancias em texto de lei com o objetivo de aumentar a seguran\u00e7a jur\u00eddica\u201d, disse o magistrado.<\/span><\/p>\n<p style=\"text-align: justify;\"><span style=\"font-size: 14pt;\">Diante de uma plateia formada por membros, servidores e estagi\u00e1rios do Minist\u00e9rio P\u00fablico do Estado de Alagoas, Frederico Dantas destacou a simplifica\u00e7\u00e3o do procedimento e a redu\u00e7\u00e3o do formalismo que os processos civis ganharam com as mudan\u00e7as no c\u00f3digo nos mais diversos tipos de recursos, agravos e at\u00e9 do entendimento da coisa julgada.<\/span><\/p>\n<p style=\"text-align: justify;\"><span style=\"font-size: 14pt;\"><strong>Melhoria do servi\u00e7o prestado \u00e0 sociedade<\/strong><\/span><\/p>\n<p style=\"text-align: justify;\"><span style=\"font-size: 14pt;\">Para o diretor da ESMP, procurador de Justi\u00e7a Eduardo Tavares Mendes, o m\u00f3dulo apresentado pelo magistrado federal foi de grande import\u00e2ncia para o p\u00fablico presente porque aprimora e atualiza o trabalho do Minist\u00e9rio P\u00fablico no campo do processo civil, de modo a melhorar o servi\u00e7o prestado \u00e0 sociedade.<\/span><\/p>\n<p style=\"text-align: justify;\"><span style=\"font-size: 14pt;\">\u201cTrouxemos um professor especialista na \u00e1rea de Direito Processual Civil e Constitucional, visto que d\u00e1 aulas sobre o assunto j\u00e1 h\u00e1 algum tempo na Ufal, para apresentar as minud\u00eancias do novo c\u00f3digo, que acabou de iniciar o per\u00edodo de vacatio legis de um ano. Em breve, a Escola Superior apresentar\u00e1 \u00e0 Procuradoria Geral de Justi\u00e7a um projeto de p\u00f3s-gradua\u00e7\u00e3o lattus sensu sobre CPC a fim de aprofundar o estudo das mudan\u00e7as na legisla\u00e7\u00e3o\u201d, afirmou o procurador de Justi\u00e7a.<\/span><\/p>\n<p style=\"text-align: justify;\"><span style=\"font-size: 14pt;\">Eduardo Tavares tamb\u00e9m elogiou a ades\u00e3o de procuradores, promotores, servidores, estagi\u00e1rios do Minist\u00e9rio P\u00fablico Estadual, que apresentaram interesse e entusiasmo nos primeiros m\u00f3dulos do curso promovido pela Escola Superior do Minist\u00e9rio P\u00fablico, lotando o audit\u00f3rio Edgar Valente de Lima Filho, no pr\u00e9dio-sede da Procuradoria Geral de Justi\u00e7a.<\/span><\/p>\n<p style=\"text-align: justify;\"><span style=\"font-size: 14pt;\"><strong>O curso<\/strong><\/span><\/p>\n<p style=\"text-align: justify;\"><span style=\"font-size: 14pt;\">Na pr\u00f3xima segunda-feira (30), ser\u00e1 a vez do advogado e professor Doutor M\u00e1rcio Oliveira Rocha dar sua contribui\u00e7\u00e3o ao curso com o m\u00f3dulo \u201cParte Geral e Tutela de Urg\u00eancia no novo CPC\u201d. A palestra ser\u00e1 realizada das 8h30 \u00e0s 12h, tamb\u00e9m no audit\u00f3rio da Procuradoria Geral de Justi\u00e7a.<\/span><\/p>\n","protected":false},"excerpt":{"rendered":"<p> [&hellip;]<\/p>\n","protected":false},"author":4,"featured_media":13804,"comment_status":"open","ping_status":"open","sticky":false,"template":"","format":"standard","meta":{"om_disable_all_campaigns":false,"_monsterinsights_skip_tracking":false,"_monsterinsights_sitenote_active":false,"_monsterinsights_sitenote_note":"","_monsterinsights_sitenote_category":0,"_uf_show_specific_survey":0,"_uf_disable_surveys":false,"footnotes":""},"categories":[19,2],"tags":[],"class_list":["post-13791","post","type-post","status-publish","format-standard","has-post-thumbnail","hentry","category-not_esmp","category-not_mpal"],"aioseo_notices":[],"_links":{"self":[{"href":"https:\/\/www.mpal.mp.br\/index.php?rest_route=\/wp\/v2\/posts\/13791","targetHints":{"allow":["GET"]}}],"collection":[{"href":"https:\/\/www.mpal.mp.br\/index.php?rest_route=\/wp\/v2\/posts"}],"about":[{"href":"https:\/\/www.mpal.mp.br\/index.php?rest_route=\/wp\/v2\/types\/post"}],"author":[{"embeddable":true,"href":"https:\/\/www.mpal.mp.br\/index.php?rest_route=\/wp\/v2\/users\/4"}],"replies":[{"embeddable":true,"href":"https:\/\/www.mpal.mp.br\/index.php?rest_route=%2Fwp%2Fv2%2Fcomments&post=13791"}],"version-history":[{"count":1,"href":"https:\/\/www.mpal.mp.br\/index.php?rest_route=\/wp\/v2\/posts\/13791\/revisions"}],"predecessor-version":[{"id":13808,"href":"https:\/\/www.mpal.mp.br\/index.php?rest_route=\/wp\/v2\/posts\/13791\/revisions\/13808"}],"wp:featuredmedia":[{"embeddable":true,"href":"https:\/\/www.mpal.mp.br\/index.php?rest_route=\/wp\/v2\/media\/13804"}],"wp:attachment":[{"href":"https:\/\/www.mpal.mp.br\/index.php?rest_route=%2Fwp%2Fv2%2Fmedia&parent=13791"}],"wp:term":[{"taxonomy":"category","embeddable":true,"href":"https:\/\/www.mpal.mp.br\/index.php?rest_route=%2Fwp%2Fv2%2Fcategories&post=13791"},{"taxonomy":"post_tag","embeddable":true,"href":"https:\/\/www.mpal.mp.br\/index.php?rest_route=%2Fwp%2Fv2%2Ftags&post=13791"}],"curies":[{"name":"wp","href":"https:\/\/api.w.org\/{rel}","templated":true}]}}