{"id":13786,"date":"2013-09-25T08:24:53","date_gmt":"2013-09-25T11:24:53","guid":{"rendered":"https:\/\/www.mpal.mp.br\/?p=13786"},"modified":"2022-07-27T08:25:52","modified_gmt":"2022-07-27T11:25:52","slug":"4a-promotoria-de-justica-de-arapiraca-instaura-inquerito-civil-para-apurar-suposta-permuta-irregular-de-terrenos-em-2010","status":"publish","type":"post","link":"https:\/\/www.mpal.mp.br\/?p=13786","title":{"rendered":"4\u00aa Promotoria de Justi\u00e7a de Arapiraca instaura inqu\u00e9rito civil para apurar suposta permuta irregular de terrenos em 2010"},"content":{"rendered":"<div class=\"content-wrapper-1\">\n<div class=\"content-wrapper-2\">\n<div id=\"mainmiddle\">\n<div id=\"mainmiddle-expand\">\n<div id=\"content\">\n<div id=\"content-shift\">\n<div class=\"floatbox\">\n<div class=\"joomla \">\n<div class=\"article\">\n<div id=\"articlepxfontsize1\">\n<p style=\"text-align: justify;\"><span style=\"font-size: 14pt;\">Atrav\u00e9s da Portaria n\u00b0 003\/2013, instaurada pelo promotor de Justi\u00e7a Napole\u00e3oAmaral Franco, titular da 4\u00aa Promotoria de Justi\u00e7a de Arapiraca, o Minist\u00e9rio P\u00fablico Estadual de Alagoas vai investigar uma transa\u00e7\u00e3o realizada pela Prefeitura daquela cidade, e que contou com o aval do Poder Legislativo, que envolveu a permuta de dois terrenos. Uma representa\u00e7\u00e3o foi formulada ao MPE\/AL denunciado que o ato administrativo lesou o er\u00e1rio p\u00fablico, haja vista que a \u00e1rea adquirida pelo Executivo teria valor de mercado bem inferior aquele do espa\u00e7o dado pela Prefeitura. A Portaria foi publicada no Di\u00e1rio Oficial desta quinta-feira (26).<\/span><\/p>\n<p style=\"text-align: justify;\"><span lang=\"pt-BR\" style=\"font-size: 14pt;\">A den\u00fancia chegou \u00e0 4\u00aa Promotoria de Justi\u00e7a h\u00e1 cerca de uma semana e, desde ent\u00e3o, o promotor Napole\u00e3o Amaral Franco tem expedido of\u00edcios ao Munic\u00edpio, requerendo informa\u00e7\u00f5es a respeito da permuta que, provavelmente, ocasionou um ato lesivo ao patrim\u00f4nio p\u00fablico da Prefeitura de Arapiraca.<\/span><\/p>\n<p style=\"text-align: justify;\"><span style=\"font-size: 14pt;\">\u201c<span lang=\"pt-BR\">A permuta \u00e9 prevista em lei desde quando os terrenos tenham valores de mercado equivalentes, o que, claramente, n\u00e3o foi o caso do que ocorreu em 2010. Um bem p\u00fablico n\u00e3o pode ser alvo de qualquer negocia\u00e7\u00e3o que possa causar preju\u00edzo aos cofres do Munic\u00edpio. Por isso, estamos instaurando inqu\u00e9rito civil para apurar o caso\u201d, informou o promotor de Justi\u00e7a.<\/span><\/span><\/p>\n<p style=\"text-align: justify;\"><span lang=\"pt-BR\" style=\"font-size: 14pt;\">Como primeiras provid\u00eancias adotadas, a 4\u00aa Promotoria de Justi\u00e7a remeteu expediente ao Munic\u00edpio, requisitando c\u00f3pia de todo o processo administrativo que resultou na permuta disciplinada pela Lei municipal n\u00ba 2.684\/2010; da mesma forma, foi enviado of\u00edcio \u00e0 C\u00e2mara Municipal, tamb\u00e9m solicitando c\u00f3pia dos procedimentos legislativos que culminaram com a edi\u00e7\u00e3o da referida lei e expedido documento ao cart\u00f3rio de servi\u00e7os registrais &#8211; 1\u00b0 Of\u00edcio da comarca de Arapiraca, pedindo a certid\u00e3o de registro de todos os im\u00f3veis relacionados na transa\u00e7\u00e3o.<\/span><\/p>\n<p style=\"text-align: justify;\"><span lang=\"pt-BR\" style=\"font-size: 14pt;\">O promotor de Justi\u00e7a ainda solicitou ao Conselho Regional de Corretores de Im\u00f3veis de Alagoas (Creci\/AL) uma avalia\u00e7\u00e3o oficial das \u00e1reas a fim de que tal estudo seja comparado com aquele que consta no processo de permuta.<\/span><\/p>\n<p style=\"text-align: justify;\"><span lang=\"pt-BR\" style=\"font-size: 14pt;\"><strong>A troca dos bens<\/strong><\/span><\/p>\n<p style=\"text-align: justify;\"><span lang=\"pt-BR\" style=\"font-size: 14pt;\">A Lei municipal n\u00b0 2.684\/2010 permitiu a troca de um terreno p\u00fablico, localizado nas proximidades do centro administrativo municipal e, ao lado do Arapiraca Garden Shopping, com outra \u00e1rea particular, situada no loteamento Ares da Serra, zona j\u00e1 perif\u00e9rica da cidade. O primeiro terreno mede 1,1 mil m\u00b2 e, o segundo, cerca de 1,8 mil m\u00b2. \u201cTodavia, apesar dos sete lotes que compreendem o 2\u00b0 terreno somarem espa\u00e7o maior, a localiza\u00e7\u00e3o em que ele est\u00e1 se apresenta em total desvantagem com rela\u00e7\u00e3o aquele existente ao lado do shopping. \u00c9 not\u00f3ria a despropor\u00e7\u00e3o entre os valores dos bens im\u00f3veis envolvidos no contrato de permuta\u201d, explicou Napole\u00e3o Amaral Franco.<\/span><\/p>\n<p style=\"text-align: justify;\"><span lang=\"pt-BR\" style=\"font-size: 14pt;\">Por isso, no inqu\u00e9rito, o promotor esclarece que, a princ\u00edpio, h\u00e1 \u201cgraves preju\u00edzos ao patrim\u00f4nio p\u00fablico do Munic\u00edpio de Arapiraca\u201d. E continua: \u201c\u00e9 lesiva ao patrim\u00f4nio publico a lei municipal que autorizou a realiza\u00e7\u00e3o da permuta\u201d.<\/span><\/p>\n<p style=\"text-align: justify;\"><span lang=\"pt-BR\" style=\"font-size: 14pt;\">A Portaria tamb\u00e9m alerta que os princ\u00edpios constitucionais norteadores da conduta ao administrador p\u00fablico est\u00e3o previstos no artigo n\u00b0 37 da Constitui\u00e7\u00e3o Federal e, tamb\u00e9m, dispostos na Lei n\u00b0 8.429\/92, que trata sobre as san\u00e7\u00f5es aplic\u00e1veis aos agentes p\u00fablicos diante da pr\u00e1tica de atos de improbidade administrativa.<\/span><\/p>\n<p style=\"text-align: justify;\"><span lang=\"pt-BR\" style=\"font-size: 14pt;\">Al\u00e9m de apurar a conduta praticada por Luciano Barbosa, ex-prefeito de Arapiraca \u00e0 \u00e9poca, a 4\u00aa Promotoria de Justi\u00e7a tamb\u00e9m vai analisar a responsabilidade da C\u00e2mara de Vereadores na aprova\u00e7\u00e3o da Lei n\u00ba 2.684\/2010, em que pese a imunidade material constitucionalmente prevista.<\/span><\/p>\n<p style=\"text-align: justify;\"><span lang=\"pt-BR\" style=\"font-size: 14pt;\">O inqu\u00e9rito civil p\u00fablico ser\u00e1 conduzido com a\u00e7\u00f5es de coleta de informa\u00e7\u00f5es, depoimentos, certid\u00f5es, per\u00edcias e demais diligencias necess\u00e1rias nos termos da lei.<\/span><\/p>\n<\/div>\n<\/div>\n<\/div>\n<\/div>\n<\/div>\n<\/div>\n<\/div>\n<\/div>\n<\/div>\n<\/div>\n<div class=\"content-wrapper-b1\">\n<div class=\"content-wrapper-b2\" style=\"text-align: justify;\"><\/div>\n<\/div>\n","protected":false},"excerpt":{"rendered":"<p> [&hellip;]<\/p>\n","protected":false},"author":5,"featured_media":13787,"comment_status":"open","ping_status":"open","sticky":false,"template":"","format":"standard","meta":{"om_disable_all_campaigns":false,"_monsterinsights_skip_tracking":false,"_monsterinsights_sitenote_active":false,"_monsterinsights_sitenote_note":"","_monsterinsights_sitenote_category":0,"_uf_show_specific_survey":0,"_uf_disable_surveys":false,"footnotes":""},"categories":[2],"tags":[],"class_list":["post-13786","post","type-post","status-publish","format-standard","has-post-thumbnail","hentry","category-not_mpal"],"aioseo_notices":[],"_links":{"self":[{"href":"https:\/\/www.mpal.mp.br\/index.php?rest_route=\/wp\/v2\/posts\/13786","targetHints":{"allow":["GET"]}}],"collection":[{"href":"https:\/\/www.mpal.mp.br\/index.php?rest_route=\/wp\/v2\/posts"}],"about":[{"href":"https:\/\/www.mpal.mp.br\/index.php?rest_route=\/wp\/v2\/types\/post"}],"author":[{"embeddable":true,"href":"https:\/\/www.mpal.mp.br\/index.php?rest_route=\/wp\/v2\/users\/5"}],"replies":[{"embeddable":true,"href":"https:\/\/www.mpal.mp.br\/index.php?rest_route=%2Fwp%2Fv2%2Fcomments&post=13786"}],"version-history":[{"count":1,"href":"https:\/\/www.mpal.mp.br\/index.php?rest_route=\/wp\/v2\/posts\/13786\/revisions"}],"predecessor-version":[{"id":13788,"href":"https:\/\/www.mpal.mp.br\/index.php?rest_route=\/wp\/v2\/posts\/13786\/revisions\/13788"}],"wp:featuredmedia":[{"embeddable":true,"href":"https:\/\/www.mpal.mp.br\/index.php?rest_route=\/wp\/v2\/media\/13787"}],"wp:attachment":[{"href":"https:\/\/www.mpal.mp.br\/index.php?rest_route=%2Fwp%2Fv2%2Fmedia&parent=13786"}],"wp:term":[{"taxonomy":"category","embeddable":true,"href":"https:\/\/www.mpal.mp.br\/index.php?rest_route=%2Fwp%2Fv2%2Fcategories&post=13786"},{"taxonomy":"post_tag","embeddable":true,"href":"https:\/\/www.mpal.mp.br\/index.php?rest_route=%2Fwp%2Fv2%2Ftags&post=13786"}],"curies":[{"name":"wp","href":"https:\/\/api.w.org\/{rel}","templated":true}]}}