{"id":13775,"date":"2014-03-10T08:20:02","date_gmt":"2014-03-10T11:20:02","guid":{"rendered":"https:\/\/www.mpal.mp.br\/?p=13775"},"modified":"2022-07-27T08:20:35","modified_gmt":"2022-07-27T11:20:35","slug":"promotoria-de-sao-miguel-dos-campos-e-ndpp-instauram-inquerito-civil-para-investigar-evento-nautico-lopana-phoenix","status":"publish","type":"post","link":"https:\/\/www.mpal.mp.br\/?p=13775","title":{"rendered":"Promotoria de S\u00e3o Miguel dos Campos e NDPP instauram inqu\u00e9rito civil para investigar evento n\u00e1utico Lopana Phoenix"},"content":{"rendered":"<p style=\"text-align: justify;\"><span style=\"font-size: 14pt;\">O Minist\u00e9rio P\u00fablico Estadual de Alagoas instaurou, nesta segunda-feira (10), inqu\u00e9rito civil p\u00fablico para investigar, mais detalhadamente, a doa\u00e7\u00e3o de R$ 300 mil, em forma de patroc\u00ednio, feita pela Prefeitura de Roteiro \u00e0 5\u00aa edi\u00e7\u00e3o do Lopana Phoenix Fest, evento n\u00e1utico que j\u00e1 virou tradi\u00e7\u00e3o em Alagoas. Desde janeiro, m\u00eas em que foi realizada a festa, o MPE\/AL come\u00e7ou, atrav\u00e9s de uma apura\u00e7\u00e3o preliminar, a buscar informa\u00e7\u00f5es a respeito do patroc\u00ednio, haja vista que aquele Munic\u00edpio \u00e9 subdesenvolvido e possui supostas defici\u00eancias nas \u00e1reas de Educa\u00e7\u00e3o e Sa\u00fade, por exemplo.<\/span><\/p>\n<p style=\"text-align: justify;\"><span style=\"font-size: 14pt;\">A portaria com a instaura\u00e7\u00e3o do inqu\u00e9rito civil ser\u00e1 publicada no Di\u00e1rio Oficial desta ter\u00e7a-feira (11). Ela est\u00e1 assinada pela promotora de S\u00e3o Miguel dos Campos Rita de C\u00e1ssia Aguirre Stecconi Silva e pelos promotores de Justi\u00e7a Jos\u00e9 Carlos Castro e Napole\u00e3o Amaral Franco, coordenadores, respectivamente, do 1\u00b0 e 2\u00ba N\u00facleos de Defesa do Patrim\u00f4nio P\u00fablico.<\/span><\/p>\n<p style=\"text-align: justify;\"><span style=\"font-size: 14pt;\">A apura\u00e7\u00e3o inicial foi convertida em inqu\u00e9rito porque o Minist\u00e9rio P\u00fablico n\u00e3o ficou satisfeito com as explica\u00e7\u00f5es dadas pela Prefeitura de Roteiro. At\u00e9 ent\u00e3o, o Munic\u00edpio havia apenas enviado c\u00f3pia do contrato assinado com o Lopana, material que n\u00e3o convenceu os promotores de Justi\u00e7a.<\/span><\/p>\n<p style=\"text-align: justify;\"><span style=\"font-size: 14pt;\">\u201cN\u00f3s solicitamos a c\u00f3pia integral do processo, desde o primeiro pedido de apoio feito pelo Lopana at\u00e9 o pagamento do valor de R$ 300 mil, caso ele j\u00e1 tenha sido efetuado. Queremos saber como se deu todo o tr\u00e2mite desse patroc\u00ednio\u201d, informou Jos\u00e9 Carlos Castro.<\/span><\/p>\n<p style=\"text-align: justify;\"><span style=\"font-size: 14pt;\">\u201cA administra\u00e7\u00e3o p\u00fablica \u00e9 regida por v\u00e1rios princ\u00edpios, dentre eles, o da moralidade. Ent\u00e3o, al\u00e9m de verificarmos se o processo seguiu o regramento jur\u00eddico previsto em lei, obedecendo, assim, o princ\u00edpio da legalidade, temos que analisar se a doa\u00e7\u00e3o n\u00e3o pode ser configurada como imoral. Roteiro \u00e9 uma cidade carente de servi\u00e7os essenciais, como Sa\u00fade e Educa\u00e7\u00e3o\u201d, explicou Napole\u00e3o Amaral Franco.<\/span><\/p>\n<p style=\"text-align: justify;\"><span style=\"font-size: 14pt;\">A promotora Rita de C\u00e1ssia Aguirre Stecconi Silva, que iniciou a investiga\u00e7\u00e3o, j\u00e1 havia chamado a aten\u00e7\u00e3o para a realidade pobre de Roteiro. Inclusive, questionou a doa\u00e7\u00e3o de R$ 300 mil para uma festa privada, em detrimento, por exemplo, a constru\u00e7\u00e3o de uma estrada principal para se ter acesso \u00e0 entrada do munic\u00edpio, haja vista que o acesso \u00e0 cidade ainda se d\u00e1 por pista de barro.<\/span><\/p>\n<p style=\"text-align: justify;\"><span style=\"font-size: 14pt;\"><strong>Depoimentos<\/strong><\/span><\/p>\n<p style=\"text-align: justify;\"><span style=\"font-size: 14pt;\">De acordo Jos\u00e9 Carlos Castro, al\u00e9m dos of\u00edcios enviados ao prefeito Wladimir Chaves de Brito, tamb\u00e9m foram cobradas explica\u00e7\u00f5es ao empres\u00e1rio dono do Lopana. \u201cSolicitamos ao Lopana a presta\u00e7\u00e3o de contas da festa, j\u00e1 que, por lei, ele tem obriga\u00e7\u00e3o de comprovar com quais despesas foram gastos os recursos p\u00fablicos. Tanto o Munic\u00edpio, quanto \u00e0 empresa, ter\u00e3o 15 dias para apresentar a documenta\u00e7\u00e3o\u201d, detalhou.<\/span><\/p>\n<p style=\"text-align: justify;\"><span style=\"font-size: 14pt;\">Ap\u00f3s a an\u00e1lise dos documentos, representantes da Prefeitura e do Lopana ser\u00e3o convocados para prestar novos esclarecimentos ao Minist\u00e9rio P\u00fablico Estadual. O resultado da apura\u00e7\u00e3o pode ser o oferecimento de uma a\u00e7\u00e3o civil por ato de improbidade administrativa contra o Prefeito de Roteiro. E, na sequ\u00eancia, se assim houver provas, a propositura de uma a\u00e7\u00e3o penal contra o mesmo acusado.<\/span><\/p>\n<p style=\"text-align: justify;\"><span style=\"font-size: 14pt;\"><strong>O in\u00edcio das investiga\u00e7\u00f5es<\/strong><\/span><\/p>\n<p style=\"text-align: justify;\"><span style=\"font-size: 14pt;\">O extrato de contrato de patroc\u00ednio pela Prefeitura de Roteiro foi publicado na edi\u00e7\u00e3o do dia 10 de janeiro do Di\u00e1rio Oficial do Estado. Constava nele que o contrato com o Lopana foi firmado sob dispensa de licita\u00e7\u00e3o, com base no artigo 24 da Lei Federal n\u00ba 8.666\/93. E \u00e9 esse mesmo dispositivo que especifica o que est\u00e1 sujeito \u00e0 dispensa, a exemplo de &#8216;casos de guerra ou grave perturba\u00e7\u00e3o da ordem; casos de emerg\u00eancia ou de calamidade p\u00fablica; contrata\u00e7\u00e3o de entidades privadas sem fins lucrativos, para a implementa\u00e7\u00e3o de cisternas ou outras tecnologias sociais de acesso \u00e0 \u00e1gua para consumo humano e produ\u00e7\u00e3o de alimentos, para beneficiar as fam\u00edlias rurais de baixa renda atingidas pela seca ou falta regular de \u00e1gua; quando houver possibilidade de comprometimento da seguran\u00e7a nacional; contrata\u00e7\u00e3o de institui\u00e7\u00e3o nacional sem fins lucrativos, incumbida regimental ou estatutariamente da pesquisa, do ensino ou do desenvolvimento institucional, cient\u00edfico ou tecnol\u00f3gico.<\/span><\/p>\n","protected":false},"excerpt":{"rendered":"<p> [&hellip;]<\/p>\n","protected":false},"author":5,"featured_media":2857,"comment_status":"open","ping_status":"open","sticky":false,"template":"","format":"standard","meta":{"om_disable_all_campaigns":false,"_monsterinsights_skip_tracking":false,"_monsterinsights_sitenote_active":false,"_monsterinsights_sitenote_note":"","_monsterinsights_sitenote_category":0,"_uf_show_specific_survey":0,"_uf_disable_surveys":false,"footnotes":""},"categories":[2],"tags":[],"class_list":["post-13775","post","type-post","status-publish","format-standard","has-post-thumbnail","hentry","category-not_mpal"],"aioseo_notices":[],"_links":{"self":[{"href":"https:\/\/www.mpal.mp.br\/index.php?rest_route=\/wp\/v2\/posts\/13775","targetHints":{"allow":["GET"]}}],"collection":[{"href":"https:\/\/www.mpal.mp.br\/index.php?rest_route=\/wp\/v2\/posts"}],"about":[{"href":"https:\/\/www.mpal.mp.br\/index.php?rest_route=\/wp\/v2\/types\/post"}],"author":[{"embeddable":true,"href":"https:\/\/www.mpal.mp.br\/index.php?rest_route=\/wp\/v2\/users\/5"}],"replies":[{"embeddable":true,"href":"https:\/\/www.mpal.mp.br\/index.php?rest_route=%2Fwp%2Fv2%2Fcomments&post=13775"}],"version-history":[{"count":1,"href":"https:\/\/www.mpal.mp.br\/index.php?rest_route=\/wp\/v2\/posts\/13775\/revisions"}],"predecessor-version":[{"id":13776,"href":"https:\/\/www.mpal.mp.br\/index.php?rest_route=\/wp\/v2\/posts\/13775\/revisions\/13776"}],"wp:featuredmedia":[{"embeddable":true,"href":"https:\/\/www.mpal.mp.br\/index.php?rest_route=\/wp\/v2\/media\/2857"}],"wp:attachment":[{"href":"https:\/\/www.mpal.mp.br\/index.php?rest_route=%2Fwp%2Fv2%2Fmedia&parent=13775"}],"wp:term":[{"taxonomy":"category","embeddable":true,"href":"https:\/\/www.mpal.mp.br\/index.php?rest_route=%2Fwp%2Fv2%2Fcategories&post=13775"},{"taxonomy":"post_tag","embeddable":true,"href":"https:\/\/www.mpal.mp.br\/index.php?rest_route=%2Fwp%2Fv2%2Ftags&post=13775"}],"curies":[{"name":"wp","href":"https:\/\/api.w.org\/{rel}","templated":true}]}}