{"id":13770,"date":"2014-04-24T08:18:12","date_gmt":"2014-04-24T11:18:12","guid":{"rendered":"https:\/\/www.mpal.mp.br\/?p=13770"},"modified":"2022-07-27T08:18:50","modified_gmt":"2022-07-27T11:18:50","slug":"promotoria-de-justica-de-rio-largo-e-nucleo-de-defesa-do-patrimonio-publico-investigam-irregularidades-no-pagamento-de-vereadores","status":"publish","type":"post","link":"https:\/\/www.mpal.mp.br\/?p=13770","title":{"rendered":"Promotoria de Justi\u00e7a de Rio Largo e N\u00facleo de Defesa do Patrim\u00f4nio P\u00fablico investigam irregularidades no pagamento de vereadores"},"content":{"rendered":"<div class=\"content-wrapper-1\">\n<div class=\"content-wrapper-2\">\n<div id=\"mainmiddle\">\n<div id=\"mainmiddle-expand\">\n<div id=\"content\">\n<div id=\"content-shift\">\n<div class=\"floatbox\">\n<div class=\"joomla \">\n<div class=\"article\">\n<div id=\"articlepxfontsize1\">\n<p style=\"text-align: justify;\" align=\"JUSTIFY\"><span style=\"font-size: 14pt;\">Em decorr\u00eancia de den\u00fancias de que vereadores da C\u00e2mara Municipal de Rio Largo estariam recebendo sal\u00e1rios integrais, sem desconto de qualquer falta \u00e0s sess\u00f5es ordin\u00e1rias, a 2\u00aa Promotoria de Justi\u00e7a do Munic\u00edpio e o N\u00facleo de Defesa do Patrim\u00f4nio P\u00fablico do Minist\u00e9rio P\u00fablico do Estado de Alagoas (MPE\/AL) instauraram, nesta quinta-feira (24), um inqu\u00e9rito civil para investigar a suposta irregularidade no processo de pagamento.<\/span><\/p>\n<p style=\"text-align: justify;\" align=\"JUSTIFY\"><span style=\"font-size: 14pt;\">Segundo o que foi apurado pelo MPE\/AL, h\u00e1 not\u00edcias de que alguns vereadores chegaram a faltar mais de um ter\u00e7o das sess\u00f5es no ano de 2013 e, mesmo assim, receberam os subs\u00eddios integrais, o que caracterizaria flagrante preju\u00edzo ao er\u00e1rio municipal.<\/span><\/p>\n<p style=\"text-align: justify;\" align=\"JUSTIFY\"><span style=\"font-size: 14pt;\">Tamb\u00e9m foi constatado que, desde janeiro do ano passado, o plen\u00e1rio da C\u00e2mara Municipal n\u00e3o teve acesso aos demonstrativos de recursos recebidos e aplicados em cada m\u00eas. A presta\u00e7\u00e3o de contas aos vereadores de Rio largo deve ocorrer at\u00e9 o dia 25 de cada m\u00eas posterior \u00e0 receita e aos gastos.<\/span><\/p>\n<p style=\"text-align: justify;\" align=\"JUSTIFY\"><span style=\"font-size: 14pt;\">Com o inqu\u00e9rito civil p\u00fablico, o promotor de Justi\u00e7a de Rio Largo Jorge Bezerra e os promotores Jos\u00e9 Carlos Castro, T\u00e1cito Yuri Melo e Napole\u00e3o Amaral Franco, que comp\u00f5em o N\u00facleo de Defesa do Patrim\u00f4nio P\u00fablico (NDPP), v\u00e3o colher mais informa\u00e7\u00f5es acerca das eventuais irregularidades denunciadas, identificar novos fatos correlatos e apontar responsabilidades dos gestores p\u00fablicos.<\/span><\/p>\n<p style=\"text-align: justify;\" align=\"JUSTIFY\"><span style=\"font-size: 14pt;\">Uma das primeiras medidas do MPE\/AL ser\u00e1 ouvir o presidente da C\u00e2mara Municipal, vereador Thales Luiz Peixoto Cavalcante Diniz, no dia 28 de abril, \u00e0s 15h, na sede da Procuradoria Geral de Justi\u00e7a, no bairro do Po\u00e7o. Na ocasi\u00e3o, o chefe do Legislativo de Rio Largo tamb\u00e9m dever\u00e1 apresentar c\u00f3pia integral e autenticada do regimento interno da Casa que comanda e a Lei Org\u00e2nica do Munic\u00edpio.<\/span><\/p>\n<p style=\"text-align: justify;\" align=\"JUSTIFY\"><span style=\"font-size: 14pt;\"><strong>Pagamentos irregulares<\/strong><\/span><\/p>\n<p style=\"text-align: justify;\" align=\"JUSTIFY\"><span style=\"font-size: 14pt;\">Em outro inqu\u00e9rito civil p\u00fablico, o grupo de promotores de Justi\u00e7a investigar\u00e1 o pagamento de R$ 700 mil, em nome de um dos propriet\u00e1rios da empresa M.F. Contabilidade Geral Ltda, Moacir Jos\u00e9 Silva, por parte da C\u00e2mara Municipal de Rio largo.<\/span><\/p>\n<p style=\"text-align: justify;\" align=\"JUSTIFY\"><span style=\"font-size: 14pt;\">O empres\u00e1rio procurou o Minist\u00e9rio P\u00fablico ap\u00f3s identificar, no Portal da Transpar\u00eancia do Poder Legislativo do Munic\u00edpio, hospedado no site do Tribunal de Contas de Alagoas, que sua empresa teria recebido o dinheiro entre os meses de janeiro e dezembro de 2013. O pr\u00f3prio presidente da C\u00e2mara Municipal admitiu ao MPE\/AL que o pagamento n\u00e3o foi realizado.<\/span><\/p>\n<p style=\"text-align: justify;\" align=\"JUSTIFY\"><span style=\"font-size: 14pt;\">O Minist\u00e9rio P\u00fablico Estadual ir\u00e1 apurar as supostas falhas em procedimentos cont\u00e1beis na C\u00e2mara, tal como poss\u00edvel irregularidade na contrata\u00e7\u00e3o de empresa de contabilidade e o atraso na remessa de informa\u00e7\u00f5es do Portal da Transpar\u00eancia.<\/span><\/p>\n<p style=\"text-align: justify;\" align=\"JUSTIFY\"><span style=\"font-size: 14pt;\">A Promotoria de Justi\u00e7a de Rio Largo e o N\u00facleo de Defesa do Patrim\u00f4nio P\u00fablico tamb\u00e9m querem entender a origem das comprovadas e j\u00e1 confessadas diverg\u00eancias entre os processos de pagamento e os dados que constam no portal a partir da iniciativa dos vereadores.<\/span><\/p>\n<p style=\"text-align: justify;\" align=\"JUSTIFY\"><span style=\"font-size: 14pt;\">Por fim, os promotores Jorge Bezerra e Jos\u00e9 Carlos Castro, este na condi\u00e7\u00e3o de coordenador do NDPP, instauraram procedimento preparat\u00f3rio preliminar para apurar a den\u00fancia da coordena\u00e7\u00e3o da Vigil\u00e2ncia Sanit\u00e1ria de Rio Largo de que uma agente sanit\u00e1ria estaria recebendo sal\u00e1rios normal e integralmente mesmo sem trabalhar h\u00e1 dez anos pelo munic\u00edpio.<\/span><\/p>\n<p style=\"text-align: justify;\" align=\"JUSTIFY\"><span style=\"font-size: 14pt;\">\u201cOs fatos alegados s\u00e3o graves e constituem, em tese, ato de improbidade administrativa, enriquecimento il\u00edcito e outras infra\u00e7\u00f5es\u201d, consideraram os dois promotores na portaria que oficializou o procedimento. Nesta sexta-feira, Bezerra e Castro colher\u00e3o o depoimento da servidora, a partir das 7h30, na sede da Procuradoria Geral de Justi\u00e7a.<\/span><\/p>\n<\/div>\n<\/div>\n<\/div>\n<\/div>\n<\/div>\n<\/div>\n<\/div>\n<\/div>\n<\/div>\n<\/div>\n<div class=\"content-wrapper-b1\">\n<div class=\"content-wrapper-b2\" style=\"text-align: justify;\"><\/div>\n<\/div>\n","protected":false},"excerpt":{"rendered":"<p> [&hellip;]<\/p>\n","protected":false},"author":5,"featured_media":2857,"comment_status":"open","ping_status":"open","sticky":false,"template":"","format":"standard","meta":{"om_disable_all_campaigns":false,"_monsterinsights_skip_tracking":false,"_monsterinsights_sitenote_active":false,"_monsterinsights_sitenote_note":"","_monsterinsights_sitenote_category":0,"_uf_show_specific_survey":0,"_uf_disable_surveys":false,"footnotes":""},"categories":[2],"tags":[],"class_list":["post-13770","post","type-post","status-publish","format-standard","has-post-thumbnail","hentry","category-not_mpal"],"aioseo_notices":[],"_links":{"self":[{"href":"https:\/\/www.mpal.mp.br\/index.php?rest_route=\/wp\/v2\/posts\/13770","targetHints":{"allow":["GET"]}}],"collection":[{"href":"https:\/\/www.mpal.mp.br\/index.php?rest_route=\/wp\/v2\/posts"}],"about":[{"href":"https:\/\/www.mpal.mp.br\/index.php?rest_route=\/wp\/v2\/types\/post"}],"author":[{"embeddable":true,"href":"https:\/\/www.mpal.mp.br\/index.php?rest_route=\/wp\/v2\/users\/5"}],"replies":[{"embeddable":true,"href":"https:\/\/www.mpal.mp.br\/index.php?rest_route=%2Fwp%2Fv2%2Fcomments&post=13770"}],"version-history":[{"count":1,"href":"https:\/\/www.mpal.mp.br\/index.php?rest_route=\/wp\/v2\/posts\/13770\/revisions"}],"predecessor-version":[{"id":13771,"href":"https:\/\/www.mpal.mp.br\/index.php?rest_route=\/wp\/v2\/posts\/13770\/revisions\/13771"}],"wp:featuredmedia":[{"embeddable":true,"href":"https:\/\/www.mpal.mp.br\/index.php?rest_route=\/wp\/v2\/media\/2857"}],"wp:attachment":[{"href":"https:\/\/www.mpal.mp.br\/index.php?rest_route=%2Fwp%2Fv2%2Fmedia&parent=13770"}],"wp:term":[{"taxonomy":"category","embeddable":true,"href":"https:\/\/www.mpal.mp.br\/index.php?rest_route=%2Fwp%2Fv2%2Fcategories&post=13770"},{"taxonomy":"post_tag","embeddable":true,"href":"https:\/\/www.mpal.mp.br\/index.php?rest_route=%2Fwp%2Fv2%2Ftags&post=13770"}],"curies":[{"name":"wp","href":"https:\/\/api.w.org\/{rel}","templated":true}]}}