{"id":13768,"date":"2014-06-02T08:15:12","date_gmt":"2014-06-02T11:15:12","guid":{"rendered":"https:\/\/www.mpal.mp.br\/?p=13768"},"modified":"2022-07-27T08:17:46","modified_gmt":"2022-07-27T11:17:46","slug":"mpe-al-investiga-irregularidades-em-institutos-de-previdencia-social-de-vicosa-e-sao-sebastiao","status":"publish","type":"post","link":"https:\/\/www.mpal.mp.br\/?p=13768","title":{"rendered":"MPE\/AL investiga irregularidades em institutos de Previd\u00eancia Social de Vi\u00e7osa e S\u00e3o Sebasti\u00e3o"},"content":{"rendered":"<p style=\"text-align: justify;\" align=\"justify\"><span style=\"font-size: 14pt;\">O Minist\u00e9rio P\u00fablico do Estado de Alagoas (MPE\/AL), por meio da Promotoria de Justi\u00e7a de Vi\u00e7osa e do N\u00facleo de Defesa do Patrim\u00f4nio P\u00fablico (NDPP), instaurou, nesta segunda-feira (2), um inqu\u00e9rito civil p\u00fablico para investigar as den\u00fancias de irregularidades no Instituto de Previd\u00eancia do Munic\u00edpio. Os promotores de Justi\u00e7a Anderson Cl\u00e1udio de Almeida Barbosa, Napole\u00e3o Amaral Franco e Jos\u00e9 Carlos Castro assinam o procedimento.<\/span><\/p>\n<p style=\"text-align: justify;\" align=\"justify\"><span style=\"font-size: 14pt;\">A investiga\u00e7\u00e3o foi provocada pela presidente da C\u00e2mara de Vereadores de Vi\u00e7osa, Micheline Fernandes Toledo, que tamb\u00e9m levou ao MPE\/AL um relat\u00f3rio do Instituto Nacional de Servi\u00e7o Social (INSS) sobre os servi\u00e7os de previd\u00eancia da cidade. Al\u00e9m das irregularidades, o \u00f3rg\u00e3o estadual apurar\u00e1 a ocorr\u00eancia de novos fatos correlatos e apontar\u00e1 responsabilidades.<\/span><\/p>\n<p style=\"text-align: justify;\" align=\"justify\"><span style=\"font-size: 14pt;\">O coordenador do NDPP, promotor Jos\u00e9 Carlos Castro, afirma que o Minist\u00e9rio P\u00fablico acompanha h\u00e1 algum tempo informa\u00e7\u00f5es relacionadas a poss\u00edveis fraudes na Previd\u00eancia Social em munic\u00edpios alagoanos, como j\u00e1 foi identificado em Flexeiras, Pilar, Maribondo, Paulo Jacinto, S\u00e3o Lu\u00eds do Quitunde e Monteir\u00f3polis.<\/span><\/p>\n<p style=\"text-align: justify;\" align=\"justify\"><span style=\"font-size: 14pt;\">\u201cAo que se percebe, os gestores tratam com descaso a gest\u00e3o e as finan\u00e7as dos institutos de previd\u00eancia social, trazendo enorme preju\u00edzo aos servidores municipais, que t\u00eam o pagamento dos seus benef\u00edcios atrasados ou mesmo suspensos. Essas irregularidades podem se caracterizar como ato de improbidade administrativa ou atividades criminosas por se tratarem de desvio de recursos p\u00fablicos e apropria\u00e7\u00e3o ind\u00e9bita previdenci\u00e1ria\u201d\u201d, explica Jos\u00e9 Carlos Castro.<\/span><\/p>\n<p style=\"text-align: justify;\" align=\"justify\"><span style=\"font-size: 14pt;\">No caso de Vi\u00e7osa, o MPE\/AL requisitou informa\u00e7\u00f5es e documentos referentes aos fatos em apura\u00e7\u00e3o para a Prefeitura Municipal, Instituto Previd\u00eancia de Vi\u00e7osa, Departamento de Regimes Pr\u00f3prios no Servi\u00e7o P\u00fablico do Minist\u00e9rio da Previd\u00eancia Social. O Minist\u00e9rio P\u00fablico de Contas tamb\u00e9m ser\u00e1 informado sobre o procedimento.<\/span><\/p>\n<p style=\"text-align: justify;\" align=\"justify\"><span style=\"font-size: 14pt;\">Segundo o coordenador do NDPP, o Minist\u00e9rio P\u00fablico Estadual recebe o apoio do Minist\u00e9rio da Previd\u00eancia Social, que tem realizado auditoria nas contas dos munic\u00edpios. Tais auditorias servem como subs\u00eddio para o MPE\/AL instaurar as investiga\u00e7\u00f5es.<\/span><\/p>\n<p style=\"text-align: justify;\" align=\"justify\"><span style=\"font-size: 14pt;\"><strong>S\u00e3o Sebasti\u00e3o<\/strong><\/span><\/p>\n<p style=\"text-align: justify;\" align=\"justify\"><span style=\"font-size: 14pt;\">A Promotoria de Justi\u00e7a de S\u00e3o Sebasti\u00e3o tamb\u00e9m instaurou um inqu\u00e9rito civil p\u00fablico para apurar sobre irregularidades no Instituto de Previd\u00eancia Social de S\u00e3o Sebasti\u00e3o \u2013 IPAM. Com base nas den\u00fancias de Atla Lima Santos e Manoel Silv\u00e2nio Santos, bem como de documentos encaminhados pelo Minist\u00e9rio P\u00fablico de Trabalho, o MPE\/AL investigar\u00e1 a ocorr\u00eancia de ato de improbidade administrativa e crime de apropria\u00e7\u00e3o ind\u00e9bita previdenci\u00e1ria.<\/span><\/p>\n<p style=\"text-align: justify;\" align=\"justify\"><span style=\"font-size: 14pt;\">Para colaborar com a investiga\u00e7\u00e3o, o promotor de Justi\u00e7a Cla\u00fadio Pereira Pinheiro solicitou apoio do N\u00facleo de Defesa do Patrim\u00f4nio P\u00fablico e do Grupo Estadual de Combate \u00e0s Organiza\u00e7\u00f5es Criminosas (Gecoc). Cl\u00e1udio Pinheiro tamb\u00e9m requisitou ao Minist\u00e9rio da Previd\u00eancia Social uma auditoria no munic\u00edpio.<\/span><\/p>\n","protected":false},"excerpt":{"rendered":"<p> [&hellip;]<\/p>\n","protected":false},"author":5,"featured_media":2857,"comment_status":"open","ping_status":"open","sticky":false,"template":"","format":"standard","meta":{"om_disable_all_campaigns":false,"_monsterinsights_skip_tracking":false,"_monsterinsights_sitenote_active":false,"_monsterinsights_sitenote_note":"","_monsterinsights_sitenote_category":0,"_uf_show_specific_survey":0,"_uf_disable_surveys":false,"footnotes":""},"categories":[2],"tags":[],"class_list":["post-13768","post","type-post","status-publish","format-standard","has-post-thumbnail","hentry","category-not_mpal"],"aioseo_notices":[],"_links":{"self":[{"href":"https:\/\/www.mpal.mp.br\/index.php?rest_route=\/wp\/v2\/posts\/13768","targetHints":{"allow":["GET"]}}],"collection":[{"href":"https:\/\/www.mpal.mp.br\/index.php?rest_route=\/wp\/v2\/posts"}],"about":[{"href":"https:\/\/www.mpal.mp.br\/index.php?rest_route=\/wp\/v2\/types\/post"}],"author":[{"embeddable":true,"href":"https:\/\/www.mpal.mp.br\/index.php?rest_route=\/wp\/v2\/users\/5"}],"replies":[{"embeddable":true,"href":"https:\/\/www.mpal.mp.br\/index.php?rest_route=%2Fwp%2Fv2%2Fcomments&post=13768"}],"version-history":[{"count":1,"href":"https:\/\/www.mpal.mp.br\/index.php?rest_route=\/wp\/v2\/posts\/13768\/revisions"}],"predecessor-version":[{"id":13769,"href":"https:\/\/www.mpal.mp.br\/index.php?rest_route=\/wp\/v2\/posts\/13768\/revisions\/13769"}],"wp:featuredmedia":[{"embeddable":true,"href":"https:\/\/www.mpal.mp.br\/index.php?rest_route=\/wp\/v2\/media\/2857"}],"wp:attachment":[{"href":"https:\/\/www.mpal.mp.br\/index.php?rest_route=%2Fwp%2Fv2%2Fmedia&parent=13768"}],"wp:term":[{"taxonomy":"category","embeddable":true,"href":"https:\/\/www.mpal.mp.br\/index.php?rest_route=%2Fwp%2Fv2%2Fcategories&post=13768"},{"taxonomy":"post_tag","embeddable":true,"href":"https:\/\/www.mpal.mp.br\/index.php?rest_route=%2Fwp%2Fv2%2Ftags&post=13768"}],"curies":[{"name":"wp","href":"https:\/\/api.w.org\/{rel}","templated":true}]}}