{"id":13760,"date":"2014-09-10T08:10:23","date_gmt":"2014-09-10T11:10:23","guid":{"rendered":"https:\/\/www.mpal.mp.br\/?p=13760"},"modified":"2022-07-27T08:11:46","modified_gmt":"2022-07-27T11:11:46","slug":"nucleo-de-defesa-do-patrimonio-publico-e-promotoria-de-sao-luis-do-quitunde-expedem-recomendacao-contra-nepotismo-em-prefeitura","status":"publish","type":"post","link":"https:\/\/www.mpal.mp.br\/?p=13760","title":{"rendered":"N\u00facleo de Defesa do Patrim\u00f4nio P\u00fablico e Promotoria de S\u00e3o Lu\u00eds do Quitunde expedem recomenda\u00e7\u00e3o contra nepotismo em Prefeitura"},"content":{"rendered":"<p style=\"text-align: justify;\"><span style=\"font-size: 14pt;\">A Prefeitura de S\u00e3o Lu\u00eds do Quitunde ter\u00e1 que demitir todos os funcion\u00e1rios que ocupam fun\u00e7\u00f5es comissionadas e possuem grau de parentesco com o prefeito da cidade, vice-prefeito, vereadores, secret\u00e1rios e chefes de departamento daquele munic\u00edpio. Atrav\u00e9s de recomenda\u00e7\u00e3o expedida, o Minist\u00e9rio P\u00fablico Estadual de Alagoas (MPE\/AL) determinou prazo de 15 dias para que as exonera\u00e7\u00f5es sejam realizadas.<\/span><\/p>\n<p style=\"text-align: justify;\"><span style=\"font-size: 14pt;\">A constata\u00e7\u00e3o de que os gestores contrataram familiares e c\u00f4njuges levou a Promotoria de Justi\u00e7a do munic\u00edpio e o N\u00facleo de Defesa do Patrim\u00f4nio P\u00fablico do MPE\/AL a adotarem o procedimento. Em alguns casos, os funcion\u00e1rios beneficiados pelo nepotismo recebiam sal\u00e1rios sem trabalhar, morando, inclusive, fora da cidade.<\/span><\/p>\n<p style=\"text-align: justify;\"><span style=\"font-size: 14pt;\">Um grupo de servidores compareceram \u00e0 Promotoria de Justi\u00e7a de S\u00e3o Lu\u00eds do Quitunde para reclamar de valores que a Prefeitura deixou de pagar. Eles informaram que o secret\u00e1rio Municipal de Cultura, Bruno Gama, contratou-os com a intermedia\u00e7\u00e3o direta de vereadores.<\/span><\/p>\n<p style=\"text-align: justify;\"><span style=\"font-size: 14pt;\">Os promotores de Justi\u00e7a Jorge Lu\u00eds Bezerra, Jos\u00e9 Carlos Castro e Napole\u00e3o Amaral Franco destacam que a omiss\u00e3o dolosa por parte do executivo local poder\u00e1 conduzir ao cometimento de atos de improbidade administrativa por afrontar princ\u00edpios constitucionais e potencialmente danosos ao patrim\u00f4nio p\u00fablico. Eles consideram que Prefeitura e C\u00e2mara Municipais agem de m\u00e1-f\u00e9 com o objetivo de perpetuar a pr\u00e1tica de nepotismo na cidade.<\/span><\/p>\n<p style=\"text-align: justify;\"><span style=\"font-size: 14pt;\">\u201cJ\u00e1 tramitou na C\u00e2mara de Vereadores de S\u00e3o Lu\u00eds do Quitunde pedidos de instaura\u00e7\u00e3o de comiss\u00e3o especial de inqu\u00e9rito, os quais at\u00e9 este momento n\u00e3o foram aprovados pelo plen\u00e1rio da Casa, mesmo diante da exist\u00eancia de v\u00e1rias a\u00e7\u00f5es de improbidade administrativa e a\u00e7\u00f5es penais em desfavor do prefeito, sugerindo assim a troca de favores entre ele e os vereadores\u201d, consideraram na recomenda\u00e7\u00e3o.<\/span><\/p>\n<p style=\"text-align: justify;\"><span style=\"font-size: 14pt;\">A pr\u00e1tica de nepotismo \u00e9 contr\u00e1ria aos princ\u00edpios norteadores da Administra\u00e7\u00e3o P\u00fablica, quais sejam da legalidade, da moralidade, da impessoalidade, da isonomia e da efici\u00eancia, sendo vedada sua pr\u00e1tica em todos os Poderes constitu\u00eddos no Brasil.<\/span><\/p>\n","protected":false},"excerpt":{"rendered":"<p> [&hellip;]<\/p>\n","protected":false},"author":5,"featured_media":2857,"comment_status":"open","ping_status":"open","sticky":false,"template":"","format":"standard","meta":{"om_disable_all_campaigns":false,"_monsterinsights_skip_tracking":false,"_monsterinsights_sitenote_active":false,"_monsterinsights_sitenote_note":"","_monsterinsights_sitenote_category":0,"_uf_show_specific_survey":0,"_uf_disable_surveys":false,"footnotes":""},"categories":[2],"tags":[],"class_list":["post-13760","post","type-post","status-publish","format-standard","has-post-thumbnail","hentry","category-not_mpal"],"aioseo_notices":[],"_links":{"self":[{"href":"https:\/\/www.mpal.mp.br\/index.php?rest_route=\/wp\/v2\/posts\/13760","targetHints":{"allow":["GET"]}}],"collection":[{"href":"https:\/\/www.mpal.mp.br\/index.php?rest_route=\/wp\/v2\/posts"}],"about":[{"href":"https:\/\/www.mpal.mp.br\/index.php?rest_route=\/wp\/v2\/types\/post"}],"author":[{"embeddable":true,"href":"https:\/\/www.mpal.mp.br\/index.php?rest_route=\/wp\/v2\/users\/5"}],"replies":[{"embeddable":true,"href":"https:\/\/www.mpal.mp.br\/index.php?rest_route=%2Fwp%2Fv2%2Fcomments&post=13760"}],"version-history":[{"count":1,"href":"https:\/\/www.mpal.mp.br\/index.php?rest_route=\/wp\/v2\/posts\/13760\/revisions"}],"predecessor-version":[{"id":13761,"href":"https:\/\/www.mpal.mp.br\/index.php?rest_route=\/wp\/v2\/posts\/13760\/revisions\/13761"}],"wp:featuredmedia":[{"embeddable":true,"href":"https:\/\/www.mpal.mp.br\/index.php?rest_route=\/wp\/v2\/media\/2857"}],"wp:attachment":[{"href":"https:\/\/www.mpal.mp.br\/index.php?rest_route=%2Fwp%2Fv2%2Fmedia&parent=13760"}],"wp:term":[{"taxonomy":"category","embeddable":true,"href":"https:\/\/www.mpal.mp.br\/index.php?rest_route=%2Fwp%2Fv2%2Fcategories&post=13760"},{"taxonomy":"post_tag","embeddable":true,"href":"https:\/\/www.mpal.mp.br\/index.php?rest_route=%2Fwp%2Fv2%2Ftags&post=13760"}],"curies":[{"name":"wp","href":"https:\/\/api.w.org\/{rel}","templated":true}]}}