{"id":13754,"date":"2014-11-13T11:46:15","date_gmt":"2014-11-13T13:46:15","guid":{"rendered":"https:\/\/www.mpal.mp.br\/?p=13754"},"modified":"2022-07-26T11:48:32","modified_gmt":"2022-07-26T14:48:32","slug":"mpe-al-instaura-procedimento-preparatorio-para-averiguar-irregularidades-no-pagamento-de-diarias-em-vicosa","status":"publish","type":"post","link":"https:\/\/www.mpal.mp.br\/?p=13754","title":{"rendered":"MPE\/AL instaura procedimento preparat\u00f3rio para averiguar irregularidades no pagamento de di\u00e1rias em Vi\u00e7osa"},"content":{"rendered":"<p style=\"text-align: justify;\"><span style=\"font-size: 14pt;\">O Minist\u00e9rio P\u00fablico do Estado de Alagoas (MPE\/AL), por meio da Promotoria de Justi\u00e7a de Vi\u00e7osa e do N\u00facleo de Defesa do Patrim\u00f4nio P\u00fablico, instaurou, nesta quinta-feira (13), procedimento preparat\u00f3rio para colher informa\u00e7\u00f5es sobre poss\u00edveis irregularidades na concess\u00e3o e pagamento de di\u00e1rias a agentes pol\u00edticos e servidores p\u00fablicos.<\/span><\/p>\n<p style=\"text-align: justify;\"><span style=\"font-size: 14pt;\">As informa\u00e7\u00f5es que basearam o procedimento adotado pelo \u00f3rg\u00e3o ministerial foram encaminhadas pela presidente da C\u00e2mara de Vereadores de Vi\u00e7osa, Micheline Fernandes, e tamb\u00e9m obtidas no Portal de Transpar\u00eancia. Um dos destaques que chamou maior aten\u00e7\u00e3o para o caso \u00e9 que o prefeito vi\u00e7osense, Flaubert Filho, apenas em 2014, recebeu R$ 65.100,00 a t\u00edtulo de di\u00e1rias.<\/span><\/p>\n<p style=\"text-align: justify;\"><span style=\"font-size: 14pt;\">\u201cFizemos um comparativo dos gastos de di\u00e1rias da Prefeitura de Vi\u00e7osa com outras gest\u00f5es municipais de Alagoas e percebemos que o valor destinado ao pagamento de di\u00e1rias n\u00e3o \u00e9 compat\u00edvel com a realidade das demais, por isso, o prefeito de Vi\u00e7osa ter\u00e1 que esclarecer e justificar as viagens realizadas por ele e por secret\u00e1rios municipais sob pena de responder por tal enriquecimento il\u00edcito\u201d, disse o promotor de Justi\u00e7a Jos\u00e9 Carlos Castro, do N\u00facleo de Defesa do Patrim\u00f4nio P\u00fablico.<\/span><\/p>\n<p style=\"text-align: justify;\"><span style=\"font-size: 14pt;\">Para apurar esta situa\u00e7\u00e3o e novos fatos correlatos, apontando as devidas responsabilidades, o MPE\/AL requisitou, por meio de of\u00edcio, que a Prefeitura de Vi\u00e7osa apresente informa\u00e7\u00f5es e documentos.<\/span><\/p>\n<p style=\"text-align: justify;\"><span style=\"font-size: 14pt;\">Outra a\u00e7\u00e3o<\/span><\/p>\n<p style=\"text-align: justify;\"><span style=\"font-size: 14pt;\">O Minist\u00e9rio P\u00fablico do Estado de Alagoas (MPE\/AL), por meio da Promotoria de Justi\u00e7a de Vi\u00e7osa e da Promotoria de Defesa da Sa\u00fade P\u00fablica, tamb\u00e9m instaurou nesta segunda-feira um inqu\u00e9rito civil para apurar a aplica\u00e7\u00e3o dos recursos recebidos pelo munic\u00edpio de Vi\u00e7osa na \u00e1rea de sa\u00fade.<\/span><\/p>\n<p style=\"text-align: justify;\"><span style=\"font-size: 14pt;\">O \u00f3rg\u00e3o ministerial adotou este procedimento administrativo investigat\u00f3rio ap\u00f3s uma reuni\u00e3o realizada em sua sede com servidores da sa\u00fade deste munic\u00edpio. Dentre os relatos, os profissionais reclamaram da determina\u00e7\u00e3o do prefeito Flaubert Filho pela redu\u00e7\u00e3o da carga hor\u00e1ria do Programa de Sa\u00fade da Fam\u00edlia (PSF), o que gerar\u00e1 consequentemente redu\u00e7\u00e3o salarial a partir deste m\u00eas. Os servidores destacaram ainda a exonera\u00e7\u00e3o de m\u00e9dicos especialistas.<\/span><\/p>\n","protected":false},"excerpt":{"rendered":"<p> [&hellip;]<\/p>\n","protected":false},"author":5,"featured_media":8970,"comment_status":"open","ping_status":"open","sticky":false,"template":"","format":"standard","meta":{"om_disable_all_campaigns":false,"_monsterinsights_skip_tracking":false,"_monsterinsights_sitenote_active":false,"_monsterinsights_sitenote_note":"","_monsterinsights_sitenote_category":0,"_uf_show_specific_survey":0,"_uf_disable_surveys":false,"footnotes":""},"categories":[2],"tags":[],"class_list":["post-13754","post","type-post","status-publish","format-standard","has-post-thumbnail","hentry","category-not_mpal"],"aioseo_notices":[],"_links":{"self":[{"href":"https:\/\/www.mpal.mp.br\/index.php?rest_route=\/wp\/v2\/posts\/13754","targetHints":{"allow":["GET"]}}],"collection":[{"href":"https:\/\/www.mpal.mp.br\/index.php?rest_route=\/wp\/v2\/posts"}],"about":[{"href":"https:\/\/www.mpal.mp.br\/index.php?rest_route=\/wp\/v2\/types\/post"}],"author":[{"embeddable":true,"href":"https:\/\/www.mpal.mp.br\/index.php?rest_route=\/wp\/v2\/users\/5"}],"replies":[{"embeddable":true,"href":"https:\/\/www.mpal.mp.br\/index.php?rest_route=%2Fwp%2Fv2%2Fcomments&post=13754"}],"version-history":[{"count":1,"href":"https:\/\/www.mpal.mp.br\/index.php?rest_route=\/wp\/v2\/posts\/13754\/revisions"}],"predecessor-version":[{"id":13755,"href":"https:\/\/www.mpal.mp.br\/index.php?rest_route=\/wp\/v2\/posts\/13754\/revisions\/13755"}],"wp:featuredmedia":[{"embeddable":true,"href":"https:\/\/www.mpal.mp.br\/index.php?rest_route=\/wp\/v2\/media\/8970"}],"wp:attachment":[{"href":"https:\/\/www.mpal.mp.br\/index.php?rest_route=%2Fwp%2Fv2%2Fmedia&parent=13754"}],"wp:term":[{"taxonomy":"category","embeddable":true,"href":"https:\/\/www.mpal.mp.br\/index.php?rest_route=%2Fwp%2Fv2%2Fcategories&post=13754"},{"taxonomy":"post_tag","embeddable":true,"href":"https:\/\/www.mpal.mp.br\/index.php?rest_route=%2Fwp%2Fv2%2Ftags&post=13754"}],"curies":[{"name":"wp","href":"https:\/\/api.w.org\/{rel}","templated":true}]}}