{"id":13752,"date":"2014-11-14T11:45:12","date_gmt":"2014-11-14T13:45:12","guid":{"rendered":"https:\/\/www.mpal.mp.br\/?p=13752"},"modified":"2022-07-26T11:45:58","modified_gmt":"2022-07-26T14:45:58","slug":"mpe-al-pede-afastamento-de-prefeito-de-vicosa-por-irregularidades-na-previdencia-municipal","status":"publish","type":"post","link":"https:\/\/www.mpal.mp.br\/?p=13752","title":{"rendered":"MPE\/AL pede afastamento de prefeito de Vi\u00e7osa por irregularidades na Previd\u00eancia Municipal"},"content":{"rendered":"<p style=\"text-align: justify;\"><span style=\"font-size: 14pt;\">O Minist\u00e9rio P\u00fablico do Estado de Alagoas (MPE\/AL) , por meio da Promotoria de Justi\u00e7a de Vi\u00e7osa e do N\u00facleo de Defesa do Patrim\u00f4nio P\u00fablico, ajuizaram, nesta quinta-feira (13), uma a\u00e7\u00e3o civil de responsabilidade por ato de improbidade administrativa em desfavor do prefeito do munic\u00edpio Flaubert Torres Filho. O gestor \u00e9 acusado de cometer irregularidades frente ao Instituto de Previd\u00eancia e Assist\u00eancia dos Servidores Municipais de Vi\u00e7osa (IPASMV).<\/span><\/p>\n<p style=\"text-align: justify;\"><span style=\"font-size: 14pt;\">Tamb\u00e9m s\u00e3o acusados de improbidade a presidente do Instituto, Maria Delma Carna\u00faba Passos, o diretor financeiro Jos\u00e9 de Alc\u00e2ntara Moura e o diretor previdenci\u00e1rio C\u00edcero Lima de Melo. Na a\u00e7\u00e3o, o Minist\u00e9rio P\u00fablico pede o afastamento de todos os envolvidos enquanto durar a instru\u00e7\u00e3o processual do caso.<\/span><\/p>\n<p style=\"text-align: justify;\"><span style=\"font-size: 14pt;\">A Prefeitura de Vi\u00e7osa deixou de repassar as contribui\u00e7\u00f5es previdenci\u00e1rias descontadas dos servidores ativos, inativos e pensionistas, bem como ultrapassou o limite legal de 2% da base contributiva com despesas administrativas pass\u00edveis de pagamento atrav\u00e9s da taxa de administra\u00e7\u00e3o. Com isso, o dano ao er\u00e1rio municipal chega a R$ 7.217,782,38, que, somados aos R$ 51.295,24 referentes \u00e0 contribui\u00e7\u00e3o patronal n\u00e3o paga, totaliza um preju\u00edzo de R$ 7.268.077,62 aos cofres p\u00fablicos.<\/span><\/p>\n<p style=\"text-align: justify;\"><span style=\"font-size: 14pt;\">O Minist\u00e9rio da Previd\u00eancia Social e a C\u00e2mara de Vereadores de Vi\u00e7osa foram os autores da den\u00fancia de irregularidades no IPASMV, que teriam acontecido entre janeiro de 2009 e setembro de 2013.<\/span><\/p>\n<p style=\"text-align: justify;\"><span style=\"font-size: 14pt;\">\u201cAp\u00f3s ano o passivo previdenci\u00e1rio aumenta no IPASMV, gerando um d\u00e9ficit que ser\u00e1 impag\u00e1vel e afetar\u00e1 de forma dr\u00e1stica a vida dos Mun\u00edcipes e a aposentadorias dos servidores Municipais. O Munic\u00edpio de Vi\u00e7osa tamb\u00e9m arcar\u00e1 com as consequ\u00eancias econ\u00f4micas e fiscais produzidas pelos demandados, o que certamente ir\u00e1 prejudicar os servidores municipais e principalmente a popula\u00e7\u00e3o\u201d, destaca a a\u00e7\u00e3o civil, assinada pelos promotores de Justi\u00e7a Anderson Cl\u00e1udio de Almeida Barbosa, Jos\u00e9 Carlos Castro, Jorge Luiz Bezerra e Napole\u00e3o Amaral Franco.<\/span><\/p>\n<p style=\"text-align: justify;\"><span style=\"font-size: 14pt;\"><strong>Mais pedidos<\/strong><\/span><\/p>\n<p style=\"text-align: justify;\"><span style=\"font-size: 14pt;\">Al\u00e9m do imediato afastamento dos acusados, o Minist\u00e9rio P\u00fablico tamb\u00e9m pede a condena\u00e7\u00e3o deles por atos de improbidade administrativa decorrentes de afronta ao princ\u00edpio constitucional da ilegalidade e dilapida\u00e7\u00e3o e malbaratamento do dinehiro. O \u00f3rg\u00e3o ministerial solicita ainda indisponibilidade de bens e valores dos re\u00fas limitados ao valor do dano apurado.<\/span><\/p>\n<p style=\"text-align: justify;\"><span style=\"font-size: 14pt;\">A condena\u00e7\u00e3o por ato de improbidade administrativa acarreta em perda da fun\u00e7\u00e3o p\u00fablica, suspens\u00e3o de direitos pol\u00edticos, pagamento de multa e proibi\u00e7\u00e3o de contratar com o poder p\u00fablico ou receber benef\u00edcios fiscais ou credit\u00edcios.<\/span><\/p>\n","protected":false},"excerpt":{"rendered":"<p> [&hellip;]<\/p>\n","protected":false},"author":5,"featured_media":2857,"comment_status":"open","ping_status":"open","sticky":false,"template":"","format":"standard","meta":{"om_disable_all_campaigns":false,"_monsterinsights_skip_tracking":false,"_monsterinsights_sitenote_active":false,"_monsterinsights_sitenote_note":"","_monsterinsights_sitenote_category":0,"_uf_show_specific_survey":0,"_uf_disable_surveys":false,"footnotes":""},"categories":[2],"tags":[],"class_list":["post-13752","post","type-post","status-publish","format-standard","has-post-thumbnail","hentry","category-not_mpal"],"aioseo_notices":[],"_links":{"self":[{"href":"https:\/\/www.mpal.mp.br\/index.php?rest_route=\/wp\/v2\/posts\/13752","targetHints":{"allow":["GET"]}}],"collection":[{"href":"https:\/\/www.mpal.mp.br\/index.php?rest_route=\/wp\/v2\/posts"}],"about":[{"href":"https:\/\/www.mpal.mp.br\/index.php?rest_route=\/wp\/v2\/types\/post"}],"author":[{"embeddable":true,"href":"https:\/\/www.mpal.mp.br\/index.php?rest_route=\/wp\/v2\/users\/5"}],"replies":[{"embeddable":true,"href":"https:\/\/www.mpal.mp.br\/index.php?rest_route=%2Fwp%2Fv2%2Fcomments&post=13752"}],"version-history":[{"count":1,"href":"https:\/\/www.mpal.mp.br\/index.php?rest_route=\/wp\/v2\/posts\/13752\/revisions"}],"predecessor-version":[{"id":13753,"href":"https:\/\/www.mpal.mp.br\/index.php?rest_route=\/wp\/v2\/posts\/13752\/revisions\/13753"}],"wp:featuredmedia":[{"embeddable":true,"href":"https:\/\/www.mpal.mp.br\/index.php?rest_route=\/wp\/v2\/media\/2857"}],"wp:attachment":[{"href":"https:\/\/www.mpal.mp.br\/index.php?rest_route=%2Fwp%2Fv2%2Fmedia&parent=13752"}],"wp:term":[{"taxonomy":"category","embeddable":true,"href":"https:\/\/www.mpal.mp.br\/index.php?rest_route=%2Fwp%2Fv2%2Fcategories&post=13752"},{"taxonomy":"post_tag","embeddable":true,"href":"https:\/\/www.mpal.mp.br\/index.php?rest_route=%2Fwp%2Fv2%2Ftags&post=13752"}],"curies":[{"name":"wp","href":"https:\/\/api.w.org\/{rel}","templated":true}]}}