{"id":13745,"date":"2014-12-12T11:42:06","date_gmt":"2014-12-12T13:42:06","guid":{"rendered":"https:\/\/www.mpal.mp.br\/?p=13745"},"modified":"2022-07-26T11:42:38","modified_gmt":"2022-07-26T14:42:38","slug":"promotoria-de-justica-de-sao-luis-do-quitunde-e-nucleo-do-patrimonio-publico-ajuizam-nova-acao-contra-ex-prefeito-por-fraude-em-previdencia-municipal","status":"publish","type":"post","link":"https:\/\/www.mpal.mp.br\/?p=13745","title":{"rendered":"Promotoria de Justi\u00e7a de S\u00e3o Lu\u00eds do Quitunde e N\u00facleo do Patrim\u00f4nio P\u00fablico aju\u00edzam nova a\u00e7\u00e3o contra ex-prefeito por fraude em Previd\u00eancia Municipal"},"content":{"rendered":"<p style=\"text-align: justify;\"><span style=\"font-size: 14pt;\">O Minist\u00e9rio P\u00fablico do Estado de Alagoas (MPE\/AL), por meio da Promotoria de Justi\u00e7a de S\u00e3o Lu\u00eds do Quitunde e do N\u00facleo de Defesa do Patrim\u00f4nio P\u00fablico, ajuizou, neta sexta-feira (12), mais uma a\u00e7\u00e3o de responsabilidade por ato de improbidade administrativa, com pedido de ressarcimento ao er\u00e1rio, em desfavor do ex-prefeito do munic\u00edpio, Jean F\u00e1bio Braga Cordeiro.<\/span><\/p>\n<p style=\"text-align: justify;\"><span style=\"font-size: 14pt;\">Dessa vez, pesa contra o gestor a acusa\u00e7\u00e3o de que ele teria deixado de recolher aos cofres do Instituto de Previd\u00eancia dos Servidores de S\u00e3o Lu\u00eds do Quitunde (IPREVSLQ) o valor de R$ 1.292.380,32 no per\u00edodo de janeiro a novembro de 2009, quando Jean F\u00e1bio ainda comandava a Prefeitura. O valor atualizado do d\u00e9bito supera hoje a casa de R$ 2.672.000,00, na forma prevista na Lei Municipal n\u00ba 814.<\/span><\/p>\n<p style=\"text-align: justify;\"><span style=\"font-size: 14pt;\">\u201cO Instituto de Previd\u00eancia do munic\u00edpio est\u00e1 falido. N\u00e3o disp\u00f5e de recursos financeiros sequer para pagar a folha de pagamento de aposentados, pensionistas e aux\u00edlio-doen\u00e7a. A &#8216;quebra&#8217; foi motivada pela m\u00e1 gest\u00e3o dos chefes do Poder Executivo Municipal, dentre eles, o demandado, que, ao longo anos, promoveu apropria\u00e7\u00e3o ind\u00e9bita consistente em reter nos contracheques dos servidores os valores devido ao \u00f3rg\u00e3o previdenci\u00e1rio. A gest\u00e3o n\u00e3o repassava tal montante ou, quando o fazia, repassava valores menores, al\u00e9m de deixar de pagar os valores correspondentes \u00e0s contribui\u00e7\u00f5es patronais\u201d, detalha o procedimento assinado pelos promotores de Justi\u00e7a Jorge Bezerra, Jos\u00e9 Carlos Castro, Napole\u00e3o Amaral e T\u00e1cito Yuri.<\/span><\/p>\n<p style=\"text-align: justify;\"><span style=\"font-size: 14pt;\">Em decorr\u00eancia dos preju\u00edzos causados ao IPREVSLQ, o MPE\/AL j\u00e1 ajuizou duas a\u00e7\u00f5es civis p\u00fablicas com o objetivo de fazer com que o munic\u00edpio efetue os repasses nos valores devidos e proporcione condi\u00e7\u00f5es de pagamento aos aposentados e demais benefici\u00e1rios. Uma delas, de setembro deste ano, mostra que o rombo na Previd\u00eancia Municipal chega a R$ 12.511.317,97, se consideradas as irregularidades ocorridas entre 1\u00aa de janeiro de 2009 e 31 de agosto de 2013, quando foi feita uma auditoria no munic\u00edpio a pedido do MPE\/AL.<\/span><\/p>\n<p style=\"text-align: justify;\"><span style=\"font-size: 14pt;\">\u201cEsta a\u00e7\u00e3o de responsabilidade por ato de improbidade administrativa \u00e9 apenas a primeira de uma s\u00e9rie que faremos em desfavor dos gestores que trouxeram preju\u00edzo ao er\u00e1rio p\u00fablico oriundo da Previd\u00eancia Municipal, como se pode perceber pelos valores e per\u00edodos mencionados no procedimento\u201d, afirma o promotor de Justi\u00e7a Jorge Bezerra.<\/span><\/p>\n<p style=\"text-align: justify;\"><span style=\"font-size: 14pt;\">Os promotores lembram ainda que, em rela\u00e7\u00e3o ao n\u00e3o recolhimento da contribui\u00e7\u00e3o previdenci\u00e1ria descontada dos servidores, Jean F\u00e1bio cometeu o crime de apropria\u00e7\u00e3o ind\u00e9bita previdenci\u00e1ria previsto no art.168-A do C\u00f3digo Penal Brasileiro. \u201cAo reter as consigna\u00e7\u00f5es dos servidores e n\u00e3o repass\u00e1-las para o IPREVSLQ, o prefeito tamb\u00e9m obrigava o Instituto a emprestar dinheiro ao Munic\u00edpio. Isto mesmo. Empr\u00e9stimo compuls\u00f3rio. O dinheiro n\u00e3o era do Munic\u00edpio, era do IPREVSLQ\u201d, destacam.<\/span><\/p>\n<p style=\"text-align: justify;\"><span style=\"font-size: 14pt;\"><strong>Penalidades<\/strong><\/span><\/p>\n<p style=\"text-align: justify;\"><span style=\"font-size: 14pt;\">Pelos atos de improbidade administrativa cometidos contra o Instituto de Previd\u00eancia dos Servidores de S\u00e3o Lu\u00eds do Quitunde, o MPE\/AL pede \u00e0 Justi\u00e7a que seja determinada a indisponibilidade de bens e valores do ex-prefeito equivalentes ao dano apurado de R$ 1.292.380,32.<\/span><\/p>\n<p style=\"text-align: justify;\"><span style=\"font-size: 14pt;\">Os promotores tamb\u00e9m solicitam a condena\u00e7\u00e3o do r\u00e9u segundo a Lei n\u00ba 8.429\/92, que disp\u00f5e sobre as san\u00e7\u00f5es aplic\u00e1veis aos agentes p\u00fablicos nos casos de enriquecimento il\u00edcito no exerc\u00edcio de mandato, cargo, emprego ou fun\u00e7\u00e3o na administra\u00e7\u00e3o p\u00fablica direta, indireta ou fundacional.<\/span><\/p>\n<p style=\"text-align: justify;\"><span style=\"font-size: 14pt;\">Assim, al\u00e9m do ressarcimento integral do dano, Jean F\u00e1bio pode ser condenado \u00e0 perda de fun\u00e7\u00e3o p\u00fablica, suspens\u00e3o dos direitos pol\u00edticos por at\u00e9 oito anos, pagamento de multa civil de at\u00e9 cem vezes o valor da remunera\u00e7\u00e3o percebida quando ainda era agente p\u00fablico, e proibi\u00e7\u00e3o de contratar com o poder p\u00fablico ou receber benef\u00edcios ou incentivos fiscais ou credit\u00edcios, direta ou indiretamente, por at\u00e9 cinco anos.<\/span><\/p>\n","protected":false},"excerpt":{"rendered":"<p> [&hellip;]<\/p>\n","protected":false},"author":5,"featured_media":8970,"comment_status":"open","ping_status":"open","sticky":false,"template":"","format":"standard","meta":{"om_disable_all_campaigns":false,"_monsterinsights_skip_tracking":false,"_monsterinsights_sitenote_active":false,"_monsterinsights_sitenote_note":"","_monsterinsights_sitenote_category":0,"_uf_show_specific_survey":0,"_uf_disable_surveys":false,"footnotes":""},"categories":[2],"tags":[],"class_list":["post-13745","post","type-post","status-publish","format-standard","has-post-thumbnail","hentry","category-not_mpal"],"aioseo_notices":[],"_links":{"self":[{"href":"https:\/\/www.mpal.mp.br\/index.php?rest_route=\/wp\/v2\/posts\/13745","targetHints":{"allow":["GET"]}}],"collection":[{"href":"https:\/\/www.mpal.mp.br\/index.php?rest_route=\/wp\/v2\/posts"}],"about":[{"href":"https:\/\/www.mpal.mp.br\/index.php?rest_route=\/wp\/v2\/types\/post"}],"author":[{"embeddable":true,"href":"https:\/\/www.mpal.mp.br\/index.php?rest_route=\/wp\/v2\/users\/5"}],"replies":[{"embeddable":true,"href":"https:\/\/www.mpal.mp.br\/index.php?rest_route=%2Fwp%2Fv2%2Fcomments&post=13745"}],"version-history":[{"count":1,"href":"https:\/\/www.mpal.mp.br\/index.php?rest_route=\/wp\/v2\/posts\/13745\/revisions"}],"predecessor-version":[{"id":13746,"href":"https:\/\/www.mpal.mp.br\/index.php?rest_route=\/wp\/v2\/posts\/13745\/revisions\/13746"}],"wp:featuredmedia":[{"embeddable":true,"href":"https:\/\/www.mpal.mp.br\/index.php?rest_route=\/wp\/v2\/media\/8970"}],"wp:attachment":[{"href":"https:\/\/www.mpal.mp.br\/index.php?rest_route=%2Fwp%2Fv2%2Fmedia&parent=13745"}],"wp:term":[{"taxonomy":"category","embeddable":true,"href":"https:\/\/www.mpal.mp.br\/index.php?rest_route=%2Fwp%2Fv2%2Fcategories&post=13745"},{"taxonomy":"post_tag","embeddable":true,"href":"https:\/\/www.mpal.mp.br\/index.php?rest_route=%2Fwp%2Fv2%2Ftags&post=13745"}],"curies":[{"name":"wp","href":"https:\/\/api.w.org\/{rel}","templated":true}]}}