{"id":13742,"date":"2014-12-15T11:41:12","date_gmt":"2014-12-15T13:41:12","guid":{"rendered":"https:\/\/www.mpal.mp.br\/?p=13742"},"modified":"2022-07-26T11:41:49","modified_gmt":"2022-07-26T14:41:49","slug":"mpe-al-ajuiza-acp-para-obrigar-camara-de-vereadores-a-realizar-tomada-de-contas-especial-dos-gastos-de-sao-luis-do-quitunde-em-2009","status":"publish","type":"post","link":"https:\/\/www.mpal.mp.br\/?p=13742","title":{"rendered":"MPE\/AL aju\u00edza ACP para obrigar C\u00e2mara de Vereadores a realizar tomada de contas especial dos gastos de S\u00e3o Lu\u00eds do Quitunde em 2009"},"content":{"rendered":"<p style=\"text-align: justify;\"><span style=\"font-size: 14pt;\">A Promotoria de Justi\u00e7a de S\u00e3o Lu\u00eds do Quitunde e o N\u00facleo de Defesa do Patrim\u00f4nio P\u00fablico do Minist\u00e9rio P\u00fablico do Estado de Alagoas ajuizaram, na sexta-feira (12), uma a\u00e7\u00e3o civil p\u00fablica, com pedido de liminar, para que a C\u00e2mara de Vereadores do Munic\u00edpio realize a tomada de contas especial referente ao exerc\u00edcio da Prefeitura Municipal em 2009.<\/span><\/p>\n<p style=\"text-align: justify;\"><span style=\"font-size: 14pt;\">Segundo o pedido do Minist\u00e9rio P\u00fablico, o Legislativo teria o prazo de 15 dias para dar in\u00edcio ao procedimento por meio de sua comiss\u00e3o permanente de fiscaliza\u00e7\u00e3o e controle, concluindo-o no prazo previsto em lei e no regimento interno da C\u00e2mara, sob pena de multa di\u00e1ria de R$ 1 mil por descumprimento de decis\u00e3o judicial.<\/span><\/p>\n<p style=\"text-align: justify;\"><span style=\"font-size: 14pt;\">De acordo com a Lei Org\u00e2nica de S\u00e3o Lu\u00eds do Quitunde, o presidente da C\u00e2mara de Vereadores, ap\u00f3s receber o parecer pr\u00e9vio do Tribunal de Contas do Estado, deve colocar as contas do munic\u00edpio \u00e0 disposi\u00e7\u00e3o de qualquer contribuinte para exame e aprecia\u00e7\u00e3o pelo prazo de 60 dias.<\/span><\/p>\n<p style=\"text-align: justify;\"><span style=\"font-size: 14pt;\">No dia 21 de fevereiro, o Tribunal de Contas emitiu o parecer em que aponta as responsabilidades dos ex-prefeitos C\u00edcero Cavalcante de Ara\u00fajo e Jean F\u00e1bio Braga Cordeiro por deixarem de prestar contas do exerc\u00edcio de 2009, mas at\u00e9 o momento, o Legislativo Municipal nada fez.<\/span><\/p>\n<p style=\"text-align: justify;\"><span style=\"font-size: 14pt;\">\u201cCabe \u00e0 C\u00e2mara de Vereadores o exerc\u00edcio pleno do controle externo da administra\u00e7\u00e3o p\u00fablica municipal. N\u00e3o pode se quedar inerte, sob pena de igualmente os seus membros tornarem-se correspons\u00e1veis pelos atos de improbidade\u201d, destaca o texto da a\u00e7\u00e3o civil p\u00fablico assinado pelos promotores de Justi\u00e7a Jorge Bezerra, Jos\u00e9 Carlos Castro, Napole\u00e3o Amaral e T\u00e1cito Yuri.<\/span><\/p>\n<p style=\"text-align: justify;\"><span style=\"font-size: 14pt;\">Os promotores dedicaram a a\u00e7\u00e3o aos estudantes, professores e profissionais da Escola Estadual Professora Maria Margarida Publiesi, que sofrem com a falta de estrutura do pr\u00e9dio no cotidiano de ensino por falta de recursos para a educa\u00e7\u00e3o municipal. Em outubro, a Promotoria de Justi\u00e7a de S\u00e3o Lu\u00eds do Quitunde ajuizou uma a\u00e7\u00e3o civil p\u00fablica para garantir a reforma da escola.<\/span><\/p>\n<p style=\"text-align: justify;\"><span style=\"font-size: 14pt;\"><strong>O caso<\/strong><\/span><\/p>\n<p style=\"text-align: justify;\"><span style=\"font-size: 14pt;\">O Minist\u00e9rio P\u00fablico do Estado de Alagoas ajuizou na semana passada uma a\u00e7\u00e3o de responsabilidade por atos de improbidade administrativa e uma den\u00fancia em desfavor dos ex-prefeitos Jean Cordeiro e C\u00edcero Cavalcante. Eles deixaram de apresentar as contas do exerc\u00edcio financeiro do munic\u00edpio em 2009 ao Tribunal de Contas do Estado de Alagoas.<\/span><\/p>\n<p style=\"text-align: justify;\"><span style=\"font-size: 14pt;\">O MPE\/AL soube por meio do Minist\u00e9rio P\u00fablico de Contas que a Prefeitura continuava em d\u00edvida com a transpar\u00eancia de gest\u00e3o daquele ano. Jean F\u00e1bio foi prefeito de S\u00e3o Lu\u00eds do Quitunde at\u00e9 o dia 17 de dezembro, enquanto C\u00edcero Cavalcante esteve \u00e0 frente do Executivo do dia 18 a 31 do mesmo m\u00eas, seguindo no cargo at\u00e9 a realiza\u00e7\u00e3o das elei\u00e7\u00f5es municipais em 2012.<\/span><\/p>\n<p style=\"text-align: justify;\"><span style=\"font-size: 14pt;\">Devido \u00e0 conduta, os dois gestores podem ser condenados \u00e0 pena de deten\u00e7\u00e3o de at\u00e9 tr\u00eas anos. Eles tamb\u00e9m podem perder, pelo prazo de cinco anos, o direito de exercerem cargo ou fun\u00e7\u00e3o p\u00fablica, eletivo ou de nomea\u00e7\u00e3o, sem preju\u00edzo da repara\u00e7\u00e3o civil do dano causado ao patrim\u00f4nio p\u00fablico ou particular, al\u00e9m das penalidades previstas por lei para quem comete ato de improbidade administrativa, tais como a proibi\u00e7\u00e3o de contratar com o poder p\u00fablico ou receber benef\u00edcios fiscais ou credit\u00edcios.<\/span><\/p>\n","protected":false},"excerpt":{"rendered":"<p> [&hellip;]<\/p>\n","protected":false},"author":5,"featured_media":8970,"comment_status":"open","ping_status":"open","sticky":false,"template":"","format":"standard","meta":{"om_disable_all_campaigns":false,"_monsterinsights_skip_tracking":false,"_monsterinsights_sitenote_active":false,"_monsterinsights_sitenote_note":"","_monsterinsights_sitenote_category":0,"_uf_show_specific_survey":0,"_uf_disable_surveys":false,"footnotes":""},"categories":[2],"tags":[],"class_list":["post-13742","post","type-post","status-publish","format-standard","has-post-thumbnail","hentry","category-not_mpal"],"aioseo_notices":[],"_links":{"self":[{"href":"https:\/\/www.mpal.mp.br\/index.php?rest_route=\/wp\/v2\/posts\/13742","targetHints":{"allow":["GET"]}}],"collection":[{"href":"https:\/\/www.mpal.mp.br\/index.php?rest_route=\/wp\/v2\/posts"}],"about":[{"href":"https:\/\/www.mpal.mp.br\/index.php?rest_route=\/wp\/v2\/types\/post"}],"author":[{"embeddable":true,"href":"https:\/\/www.mpal.mp.br\/index.php?rest_route=\/wp\/v2\/users\/5"}],"replies":[{"embeddable":true,"href":"https:\/\/www.mpal.mp.br\/index.php?rest_route=%2Fwp%2Fv2%2Fcomments&post=13742"}],"version-history":[{"count":1,"href":"https:\/\/www.mpal.mp.br\/index.php?rest_route=\/wp\/v2\/posts\/13742\/revisions"}],"predecessor-version":[{"id":13744,"href":"https:\/\/www.mpal.mp.br\/index.php?rest_route=\/wp\/v2\/posts\/13742\/revisions\/13744"}],"wp:featuredmedia":[{"embeddable":true,"href":"https:\/\/www.mpal.mp.br\/index.php?rest_route=\/wp\/v2\/media\/8970"}],"wp:attachment":[{"href":"https:\/\/www.mpal.mp.br\/index.php?rest_route=%2Fwp%2Fv2%2Fmedia&parent=13742"}],"wp:term":[{"taxonomy":"category","embeddable":true,"href":"https:\/\/www.mpal.mp.br\/index.php?rest_route=%2Fwp%2Fv2%2Fcategories&post=13742"},{"taxonomy":"post_tag","embeddable":true,"href":"https:\/\/www.mpal.mp.br\/index.php?rest_route=%2Fwp%2Fv2%2Ftags&post=13742"}],"curies":[{"name":"wp","href":"https:\/\/api.w.org\/{rel}","templated":true}]}}