{"id":13739,"date":"2014-12-17T11:40:09","date_gmt":"2014-12-17T13:40:09","guid":{"rendered":"https:\/\/www.mpal.mp.br\/?p=13739"},"modified":"2022-07-26T11:40:54","modified_gmt":"2022-07-26T14:40:54","slug":"mpe-al-quer-que-ex-prefeitos-de-sao-luis-do-quitunde-devolvam-dinheiro-nao-repassados-a-bancos-por-emprestimos-consignados-a-servidores","status":"publish","type":"post","link":"https:\/\/www.mpal.mp.br\/?p=13739","title":{"rendered":"MPE\/AL quer que ex-prefeitos de S\u00e3o Lu\u00eds do Quitunde devolvam dinheiro n\u00e3o repassados a bancos por empr\u00e9stimos consignados a servidores"},"content":{"rendered":"<p style=\"text-align: justify;\"><span style=\"font-size: 14pt;\">A Promotoria de Justi\u00e7a de S\u00e3o Lu\u00eds do Quitunde e o N\u00facleo de Defesa do Patrim\u00f4nio P\u00fablico ajuizaram mais duas a\u00e7\u00f5es de responsabilidade por atos de improbidade administrativa em desfavor dos ex-prefeitos C\u00edcero Cavalcante de Ara\u00fajo, Jean F\u00e1bio Braga Cordeiro e Ant\u00f4nio da Silva Pedro J\u00fanior. Eles s\u00e3o acusados de n\u00e3o efetuarem os repasses de empr\u00e9stimos para o Banco do Brasil e para o Banco de Minas Gerais (BMG) descontados dos sal\u00e1rios dos servidores no per\u00edodo de 2008 a 2012.<\/span><\/p>\n<p style=\"text-align: justify;\"><span style=\"font-size: 14pt;\">Em 2007, o Munic\u00edpio firmou um conv\u00eanio com as institui\u00e7\u00f5es banc\u00e1rias para a contra\u00e7\u00e3o de empr\u00e9stimos em benef\u00edcio dos servidores. No acordo, o primeiro se compromete a descontar nos contracheques os valores das parcelas e a repass\u00e1-los aos bancos at\u00e9 as datas de vencimentos das presta\u00e7\u00f5es. No entanto, Prefeitura Municipal n\u00e3o repassou os valores descontados ou, quando o fez, repassou valores menores que o devido.<\/span><\/p>\n<p style=\"text-align: justify;\"><span style=\"font-size: 14pt;\">A d\u00edvida com os bancos fez com que dezenas de servidores p\u00fablicos municipais fossem negativados nos \u00f3rg\u00e3os de prote\u00e7\u00e3o de cr\u00e9dito SPC\/SERASA. Atualmente, o d\u00e9bito do Munic\u00edpio com o Banco do Brasil \u00e9 de R$ 526.787,91, enquanto que o do BMG est\u00e1 em R$ 125.455,89, fora a atualiza\u00e7\u00e3o at\u00e9 a presente data. S\u00f3 pela d\u00edvida com o Banco de Minas Gerais, os servidores j\u00e1 movimentaram 26 a\u00e7\u00f5es por danos morais contra o Munic\u00edpio.<\/span><\/p>\n<p style=\"text-align: justify;\"><span style=\"font-size: 14pt;\">\u201cUm fato extremamente grave e que revela o dolo dos agentes p\u00fablicos \u00e9 que o Banco do Brasil ajuizou a primeira de duas a\u00e7\u00f5es de cobran\u00e7a de d\u00e9bito no dia 05 de abril de 2010 e, mesmo assim, os gestores continuaram reiterando na mesma pr\u00e1tica \u00edmproba, gerando novos preju\u00edzos para a institui\u00e7\u00e3o financeira, para os servidores e para o er\u00e1rio municipal\u201d, destacam os promotores de Justi\u00e7a Jorge Bezerra, Jos\u00e9 Carlos Castro, Napole\u00e3o Amaral e T\u00e1cito Yuri, que assinam os procedimentos.<\/span><\/p>\n<p style=\"text-align: justify;\"><span style=\"font-size: 14pt;\"><strong>Condena\u00e7\u00e3o<\/strong><\/span><\/p>\n<p style=\"text-align: justify;\"><span style=\"font-size: 14pt;\">Pelos atos de improbidade administrativa, os gestores podem ser condenados \u00e0 pena de deten\u00e7\u00e3o de at\u00e9 tr\u00eas anos. Eles tamb\u00e9m podem perder, pelo prazo de cinco anos, o direito de exercerem cargo ou fun\u00e7\u00e3o p\u00fablica, eletivo ou de nomea\u00e7\u00e3o, sem preju\u00edzo da repara\u00e7\u00e3o civil do dano causado ao patrim\u00f4nio p\u00fablico ou particular, al\u00e9m de serem proibidos de contratar com o poder p\u00fablico ou receber benef\u00edcios fiscais ou credit\u00edcios.<\/span><\/p>\n<p style=\"text-align: justify;\"><span style=\"font-size: 14pt;\">O Minist\u00e9rio P\u00fablico tamb\u00e9m pede \u00e0 Justi\u00e7a que os ex-prefeitos sejam obrigados a ressarcir o Munic\u00edpio de todos os valores n\u00e3o repassados aos dois bancos e aqueles apurados em liquida\u00e7\u00e3o referentes \u00e0s indeniza\u00e7\u00f5es por danos morais que ele tenha de pagar aos servidores prejudicados, mais os juros, atualiza\u00e7\u00e3o monet\u00e1ria, honor\u00e1rios de sucumb\u00eancia e custas judiciais da d\u00edvida.<\/span><\/p>\n<p style=\"text-align: justify;\"><span style=\"font-size: 14pt;\">C\u00edcero Cavalcante foi prefeito de S\u00e3o Lu\u00eds do Quitunde por tr\u00eas vezes: de 2005 a 2008, de 18 de dezembro de 2009 a 03 de outubro de 2010 e de 1\u00ba de junho de 2011 a 31 de dezembro de 2012. J\u00e1 Jean Cordeiro comandou o munic\u00edpio no per\u00edodo de 1\u00ba de janeiro a 17 de dezembro de 2009, enquanto Pedro J\u00fanior foi o chefe da Prefeitura de 04 de outubro de 2010 a 31 de maio de 2011.<\/span><\/p>\n<p style=\"text-align: justify;\"><span style=\"font-size: 14pt;\">Recentemente, foram ajuizadas duas a\u00e7\u00f5es de protesto com o objetivo de evitar a prescri\u00e7\u00e3o da pretens\u00e3o investigativa relacionada \u00e0s irregularidades no Munic\u00edpio. \u201cCom as a\u00e7\u00f5es, fica assegurado o prazo de mais cinco anos para ajuizar a\u00e7\u00f5es por atos de improbidade contra os prefeitos de 2009 e 2010 por todos os erros cometidos. Trata-se de uma medida cautelar e assecurat\u00f3ria dos direitos da sociedade\u201d, explicou Jorge Bezerra.<\/span><\/p>\n","protected":false},"excerpt":{"rendered":"<p> [&hellip;]<\/p>\n","protected":false},"author":5,"featured_media":2857,"comment_status":"open","ping_status":"open","sticky":false,"template":"","format":"standard","meta":{"om_disable_all_campaigns":false,"_monsterinsights_skip_tracking":false,"_monsterinsights_sitenote_active":false,"_monsterinsights_sitenote_note":"","_monsterinsights_sitenote_category":0,"_uf_show_specific_survey":0,"_uf_disable_surveys":false,"footnotes":""},"categories":[2],"tags":[],"class_list":["post-13739","post","type-post","status-publish","format-standard","has-post-thumbnail","hentry","category-not_mpal"],"aioseo_notices":[],"_links":{"self":[{"href":"https:\/\/www.mpal.mp.br\/index.php?rest_route=\/wp\/v2\/posts\/13739","targetHints":{"allow":["GET"]}}],"collection":[{"href":"https:\/\/www.mpal.mp.br\/index.php?rest_route=\/wp\/v2\/posts"}],"about":[{"href":"https:\/\/www.mpal.mp.br\/index.php?rest_route=\/wp\/v2\/types\/post"}],"author":[{"embeddable":true,"href":"https:\/\/www.mpal.mp.br\/index.php?rest_route=\/wp\/v2\/users\/5"}],"replies":[{"embeddable":true,"href":"https:\/\/www.mpal.mp.br\/index.php?rest_route=%2Fwp%2Fv2%2Fcomments&post=13739"}],"version-history":[{"count":1,"href":"https:\/\/www.mpal.mp.br\/index.php?rest_route=\/wp\/v2\/posts\/13739\/revisions"}],"predecessor-version":[{"id":13741,"href":"https:\/\/www.mpal.mp.br\/index.php?rest_route=\/wp\/v2\/posts\/13739\/revisions\/13741"}],"wp:featuredmedia":[{"embeddable":true,"href":"https:\/\/www.mpal.mp.br\/index.php?rest_route=\/wp\/v2\/media\/2857"}],"wp:attachment":[{"href":"https:\/\/www.mpal.mp.br\/index.php?rest_route=%2Fwp%2Fv2%2Fmedia&parent=13739"}],"wp:term":[{"taxonomy":"category","embeddable":true,"href":"https:\/\/www.mpal.mp.br\/index.php?rest_route=%2Fwp%2Fv2%2Fcategories&post=13739"},{"taxonomy":"post_tag","embeddable":true,"href":"https:\/\/www.mpal.mp.br\/index.php?rest_route=%2Fwp%2Fv2%2Ftags&post=13739"}],"curies":[{"name":"wp","href":"https:\/\/api.w.org\/{rel}","templated":true}]}}