{"id":13729,"date":"2015-04-07T11:31:13","date_gmt":"2015-04-07T14:31:13","guid":{"rendered":"https:\/\/www.mpal.mp.br\/?p=13729"},"modified":"2022-07-26T11:37:48","modified_gmt":"2022-07-26T14:37:48","slug":"abertas-as-inscricoes-para-o-curso-de-atualizacao-ortografica-da-lingua-portuguesa-e-redacao-oficial","status":"publish","type":"post","link":"https:\/\/www.mpal.mp.br\/?p=13729","title":{"rendered":"Abertas as inscri\u00e7\u00f5es para o curso de Atualiza\u00e7\u00e3o Ortogr\u00e1fica da L\u00edngua Portuguesa e Reda\u00e7\u00e3o Oficial"},"content":{"rendered":"<div class=\"content-wrapper-1\">\n<div class=\"content-wrapper-2\">\n<div id=\"mainmiddle\">\n<div id=\"mainmiddle-expand\">\n<div id=\"content\">\n<div id=\"content-shift\">\n<div class=\"floatbox\">\n<div class=\"joomla \">\n<div class=\"article\">\n<div id=\"articlepxfontsize1\">\n<p style=\"text-align: justify;\"><span style=\"font-size: 14pt;\">A Escola Superior do Minist\u00e9rio P\u00fablico de Alagoas (ESMP\/AL), cada dia mais atuante em prol de cumprir a miss\u00e3o que possui, tra\u00e7ou um cronograma de atividades para todos os meses deste ano. No dia 13 de abril se encerra o curso \u201cPropostas de Altera\u00e7\u00f5es ao CPC: reflex\u00f5es\u201d, mas j\u00e1 est\u00e3o abertas as inscri\u00e7\u00f5es para o curso de \u201cA<em>tualiza\u00e7\u00e3o Ortogr\u00e1fica da L\u00edngua Portuguesa e Reda\u00e7\u00e3o Oficial\u201d<\/em>.<\/span><\/p>\n<p style=\"text-align: justify;\"><span style=\"font-size: 14pt;\">Podem participar deste novo curso, os ser<em>vidores, estagi\u00e1rios, terceirizados<\/em>\u00a0e membros do Minist\u00e9rio P\u00fablico do Estado de Alagoas. \u00a0As aulas acontecer\u00e3o nos dias 04, 11, 18 e 25 de maio, das 8h \u00e0s 12h, no audit\u00f3rio da Procuradoria-Geral de Justi\u00e7a. Os interessados devem enviar email, com brevidade, para a ESMP (\u00a0<a href=\"mailto:esmp@mpal.mp.br\">esmp@mpal.mp.br<\/a>), pois as vagas s\u00e3o limitadas.<\/span><\/p>\n<p style=\"text-align: justify;\"><span style=\"font-size: 14pt;\">O diretor da escola, o procurador de Justi\u00e7a Eduardo Tavares destaca que o curso possibilitar\u00e1 melhoria nas comunica\u00e7\u00f5es expedidas por todos os setores do Minist\u00e9rio P\u00fablico do Estado de Alagoas, por isso, refor\u00e7a o convite para que o p\u00fablico interno participe.<\/span><\/p>\n<p style=\"text-align: justify;\"><span style=\"font-size: 14pt;\">\u201c\u00c9 importante que haja a participa\u00e7\u00e3o de, ao menos, um representante de cada setor e promotoria do Minist\u00e9rio P\u00fablico, quer seja os que trabalham na capital, como os que atuam nos demais munic\u00edpios alagoanos, pois o curso possibilitar\u00e1 o aprimoramento na elabora\u00e7\u00e3o dos documentos que, diariamente, s\u00e3o emitidos por todos. \u00c9 essencial que o maior n\u00famero de servidores, estagi\u00e1rios e membros participem, pois a qualifica\u00e7\u00e3o do p\u00fablico interno significa melhor presta\u00e7\u00e3o de servi\u00e7o \u00e0 sociedade. A qualifica\u00e7\u00e3o permite o crescimento intelecto-profissional. Por isso, esperamos que muitos participem do curso\u201d, concluiu Tavares.<\/span><\/p>\n<p style=\"text-align: justify;\"><span style=\"font-size: 14pt;\"><strong>Reda\u00e7\u00e3o Oficial<\/strong><\/span><\/p>\n<p style=\"text-align: justify;\"><span style=\"font-size: 14pt;\">A Reda\u00e7\u00e3o Oficial \u00e9 a maneira pela qual s\u00e3o redigidos atos normativos e comunica\u00e7\u00f5es. \u00a0Caracteriza-se pela impessoalidade, uso do padr\u00e3o culto de linguagem, clareza, concis\u00e3o, formalidade e uniformidade.<\/span><\/p>\n<p style=\"text-align: justify;\"><span style=\"font-size: 14pt;\">Esses atributos decorrem da Constitui\u00e7\u00e3o, que disp\u00f5e, no artigo 37: &#8220;A administra\u00e7\u00e3o p\u00fablica direta, indireta ou fundacional, de qualquer dos Poderes da Uni\u00e3o, dos Estados, do Distrito Federal e dos Munic\u00edpios obedecer\u00e1 aos princ\u00edpios de legalidade, impessoalidade, moralidade, publicidade e efici\u00eancia (&#8230;)&#8221;. Sendo a publicidade e a impessoalidade princ\u00edpios fundamentais de toda administra\u00e7\u00e3o p\u00fablica, claro est\u00e1 que devem igualmente nortear a elabora\u00e7\u00e3o dos atos e comunica\u00e7\u00f5es oficiais.<\/span><\/p>\n<p style=\"text-align: justify;\"><span style=\"font-size: 14pt;\">A Reda\u00e7\u00e3o Oficial exige o uso de certo n\u00edvel de linguagem, independente de qual seja o destinat\u00e1rio. Devem ser observados aspectos como as formas de tratamento e de cortesia, certos clich\u00eas de reda\u00e7\u00e3o, a estrutura dos expedientes, dentre outros aspectos que ser\u00e3o tratados no curso oferecido pela ESMP de Alagoas.<\/span><\/p>\n<\/div>\n<\/div>\n<\/div>\n<\/div>\n<\/div>\n<\/div>\n<\/div>\n<\/div>\n<\/div>\n<\/div>\n<div class=\"content-wrapper-b1\">\n<div class=\"content-wrapper-b2\" style=\"text-align: justify;\"><\/div>\n<\/div>\n","protected":false},"excerpt":{"rendered":"<p> [&hellip;]<\/p>\n","protected":false},"author":4,"featured_media":13471,"comment_status":"open","ping_status":"open","sticky":false,"template":"","format":"standard","meta":{"om_disable_all_campaigns":false,"_monsterinsights_skip_tracking":false,"_monsterinsights_sitenote_active":false,"_monsterinsights_sitenote_note":"","_monsterinsights_sitenote_category":0,"_uf_show_specific_survey":0,"_uf_disable_surveys":false,"footnotes":""},"categories":[19,2],"tags":[],"class_list":["post-13729","post","type-post","status-publish","format-standard","has-post-thumbnail","hentry","category-not_esmp","category-not_mpal"],"aioseo_notices":[],"_links":{"self":[{"href":"https:\/\/www.mpal.mp.br\/index.php?rest_route=\/wp\/v2\/posts\/13729","targetHints":{"allow":["GET"]}}],"collection":[{"href":"https:\/\/www.mpal.mp.br\/index.php?rest_route=\/wp\/v2\/posts"}],"about":[{"href":"https:\/\/www.mpal.mp.br\/index.php?rest_route=\/wp\/v2\/types\/post"}],"author":[{"embeddable":true,"href":"https:\/\/www.mpal.mp.br\/index.php?rest_route=\/wp\/v2\/users\/4"}],"replies":[{"embeddable":true,"href":"https:\/\/www.mpal.mp.br\/index.php?rest_route=%2Fwp%2Fv2%2Fcomments&post=13729"}],"version-history":[{"count":1,"href":"https:\/\/www.mpal.mp.br\/index.php?rest_route=\/wp\/v2\/posts\/13729\/revisions"}],"predecessor-version":[{"id":13731,"href":"https:\/\/www.mpal.mp.br\/index.php?rest_route=\/wp\/v2\/posts\/13729\/revisions\/13731"}],"wp:featuredmedia":[{"embeddable":true,"href":"https:\/\/www.mpal.mp.br\/index.php?rest_route=\/wp\/v2\/media\/13471"}],"wp:attachment":[{"href":"https:\/\/www.mpal.mp.br\/index.php?rest_route=%2Fwp%2Fv2%2Fmedia&parent=13729"}],"wp:term":[{"taxonomy":"category","embeddable":true,"href":"https:\/\/www.mpal.mp.br\/index.php?rest_route=%2Fwp%2Fv2%2Fcategories&post=13729"},{"taxonomy":"post_tag","embeddable":true,"href":"https:\/\/www.mpal.mp.br\/index.php?rest_route=%2Fwp%2Fv2%2Ftags&post=13729"}],"curies":[{"name":"wp","href":"https:\/\/api.w.org\/{rel}","templated":true}]}}