{"id":13724,"date":"2015-03-03T11:30:11","date_gmt":"2015-03-03T14:30:11","guid":{"rendered":"https:\/\/www.mpal.mp.br\/?p=13724"},"modified":"2022-07-26T11:30:46","modified_gmt":"2022-07-26T14:30:46","slug":"mpe-e-focco-definem-comissao-para-acompanhar-atividades-da-assembleia-entidade-fara-tambem-manifesto-de-apoio-a-17a-vara-e-encaminhara-a-deputados","status":"publish","type":"post","link":"https:\/\/www.mpal.mp.br\/?p=13724","title":{"rendered":"MPE e Focco definem comiss\u00e3o para acompanhar atividades da Assembleia; entidade far\u00e1 tamb\u00e9m manifesto de apoio \u00e0 17\u00aa Vara e encaminhar\u00e1 a deputados"},"content":{"rendered":"<p style=\"text-align: justify;\"><span style=\"font-size: 14pt;\">Sob a primeira reuni\u00e3o comandada pelo promotor de Justi\u00e7a Jos\u00e9 Carlos Castro, eleito coordenador do F\u00f3rum de Combate \u00e0 Corrup\u00e7\u00e3o de Alagoas \u2013 FOCCO\/AL, a entidade formou, nesta ter\u00e7a-feira (03), uma comiss\u00e3o especial para acompanhar os trabalhos da Assembleia Legislativa de Alagoas. A ideia \u00e9 monitorar a Casa de Tavares Bastos e evitar que novas irregularidades sejam cometidas por aquele Parlamento. Al\u00e9m disso, o FOCCO\/AL tamb\u00e9m decidiu enviar um manifesto de apoio aos vetos promovidos pelo Executivo no projeto de lei referente a 17\u00aa Vara Criminal da Capital para cada um dos deputados estaduais.<\/span><\/p>\n<p style=\"text-align: justify;\"><span style=\"font-size: 14pt;\">A reuni\u00e3o aconteceu no pr\u00e9dio-sede do Minist\u00e9rio P\u00fablico Estadual de Alagoas. Durante o encontro, o F\u00f3rum deliberou pela cria\u00e7\u00e3o de uma comiss\u00e3o que ter\u00e1 a miss\u00e3o de se manter vigilante quanto as atividades da Assembleia Legislativa. \u201cEsse grupo acompanhar\u00e1 de forma permanente o trabalho realizado pelo Legislativo estadual, a exemplo da execu\u00e7\u00e3o or\u00e7ament\u00e1ria da Casa, nomea\u00e7\u00f5es de cargos comissionados, cumprimento da Lei de Responsabilidade Fiscal e da Lei de Acesso \u00e0 Informa\u00e7\u00e3o e a alimenta\u00e7\u00e3o do Portal da Transpar\u00eancia\u201d, explicou Jos\u00e9 Carlos Castro.<\/span><\/p>\n<p style=\"text-align: justify;\"><span style=\"font-size: 14pt;\">\u201cTemos que monitorar as atividades legislativas de perto, haja vista que a Assembleia j\u00e1 foi palco e muitos esc\u00e2ndalos\u201d, alegou Pedro Guido, do Instituto S\u00edlvio Viana. Al\u00e9m dele, tamb\u00e9m far\u00e3o parte da comiss\u00e3o Val\u00e9ria Barros, da Receita Federal; Nadja Peixoto, da Uneal; e Rosa Ten\u00f3rio, do Tribunal de Contas do Estado.<\/span><\/p>\n<p style=\"text-align: justify;\"><span style=\"font-size: 14pt;\"><strong>Apoio \u00e0 17\u00aa Vara e visitas aos demais poderes<\/strong><\/span><\/p>\n<p style=\"text-align: justify;\"><span style=\"font-size: 14pt;\">Tamb\u00e9m ficou definido que o FOCCO\/AL enviar\u00e1 para cada deputado estadual, assim como a Mesa Diretora, um manifesto de apoio aos vetos que foram promovidos pelo Governo do Estado ao projeto de lei que modifica a estrutura da 17\u00aa Vara Criminal da Capital.\u00a0<\/span><br \/>\n<span style=\"font-size: 14pt;\">\u201cNosso objetivo \u00e9 deixar claro aos parlamentares que o F\u00f3rum defende o projeto original. A 17\u00aa Vara precisa continuar tendo compet\u00eancia para julgar crimes cometidos contra a administra\u00e7\u00e3o p\u00fablica. Ela \u00e9 uma ferramenta important\u00edssima no combate \u00e0 corrup\u00e7\u00e3o\u201d, defendeu o promotor e coordenador da entidade.<\/span><\/p>\n<p style=\"text-align: justify;\"><span style=\"font-size: 14pt;\">E n\u00e3o somente os deputados ver\u00e3o de perto a atua\u00e7\u00e3o do FOCCO\/AL. Os membros do colegiado avaliaram como importante visitas aos Poderes Executivo e Judici\u00e1rio e ao Tribunal de Contas. Cada um receber\u00e1 demandas espec\u00edficas do F\u00f3rum, de acordo com as compet\u00eancias que lhe s\u00e3o atribu\u00eddas constitucionalmente.<\/span><\/p>\n<p style=\"text-align: justify;\"><span style=\"font-size: 14pt;\"><strong>Demais demandas<\/strong><\/span><\/p>\n<p style=\"text-align: justify;\"><span style=\"font-size: 14pt;\">A reuni\u00e3o de hoje tamb\u00e9m serviu para aprovar o planejamento das atividades do F\u00f3rum para o ano de 2015. Dentre elas, est\u00e3o previstos dois grandes eventos de combate \u00e0 corrup\u00e7\u00e3o e o in\u00edcio do projeto Parlamento Universit\u00e1rio, que visa capacitar jovens no tocante a cobran\u00e7a e a fiscaliza\u00e7\u00e3o das finan\u00e7as p\u00fablicas.<\/span><\/p>\n<p style=\"text-align: justify;\"><span style=\"font-size: 14pt;\">\u201cTamb\u00e9m vamos tra\u00e7ar um calend\u00e1rio para que cada institui\u00e7\u00e3o, dentro das suas atribui\u00e7\u00f5es, cobre as prefeituras e as c\u00e2maras municipais a implanta\u00e7\u00e3o dos seus portais da transpar\u00eancia, um instrumento essencial para que os \u00f3rg\u00e3os de controle possam desempenhar melhor suas tarefas\u201d, destacou Enio Pimenta, procurador de Contas e integrante do F\u00f3rum.<\/span><\/p>\n","protected":false},"excerpt":{"rendered":"<p> [&hellip;]<\/p>\n","protected":false},"author":5,"featured_media":13725,"comment_status":"open","ping_status":"open","sticky":false,"template":"","format":"standard","meta":{"om_disable_all_campaigns":false,"_monsterinsights_skip_tracking":false,"_monsterinsights_sitenote_active":false,"_monsterinsights_sitenote_note":"","_monsterinsights_sitenote_category":0,"_uf_show_specific_survey":0,"_uf_disable_surveys":false,"footnotes":""},"categories":[2],"tags":[],"class_list":["post-13724","post","type-post","status-publish","format-standard","has-post-thumbnail","hentry","category-not_mpal"],"aioseo_notices":[],"_links":{"self":[{"href":"https:\/\/www.mpal.mp.br\/index.php?rest_route=\/wp\/v2\/posts\/13724","targetHints":{"allow":["GET"]}}],"collection":[{"href":"https:\/\/www.mpal.mp.br\/index.php?rest_route=\/wp\/v2\/posts"}],"about":[{"href":"https:\/\/www.mpal.mp.br\/index.php?rest_route=\/wp\/v2\/types\/post"}],"author":[{"embeddable":true,"href":"https:\/\/www.mpal.mp.br\/index.php?rest_route=\/wp\/v2\/users\/5"}],"replies":[{"embeddable":true,"href":"https:\/\/www.mpal.mp.br\/index.php?rest_route=%2Fwp%2Fv2%2Fcomments&post=13724"}],"version-history":[{"count":1,"href":"https:\/\/www.mpal.mp.br\/index.php?rest_route=\/wp\/v2\/posts\/13724\/revisions"}],"predecessor-version":[{"id":13727,"href":"https:\/\/www.mpal.mp.br\/index.php?rest_route=\/wp\/v2\/posts\/13724\/revisions\/13727"}],"wp:featuredmedia":[{"embeddable":true,"href":"https:\/\/www.mpal.mp.br\/index.php?rest_route=\/wp\/v2\/media\/13725"}],"wp:attachment":[{"href":"https:\/\/www.mpal.mp.br\/index.php?rest_route=%2Fwp%2Fv2%2Fmedia&parent=13724"}],"wp:term":[{"taxonomy":"category","embeddable":true,"href":"https:\/\/www.mpal.mp.br\/index.php?rest_route=%2Fwp%2Fv2%2Fcategories&post=13724"},{"taxonomy":"post_tag","embeddable":true,"href":"https:\/\/www.mpal.mp.br\/index.php?rest_route=%2Fwp%2Fv2%2Ftags&post=13724"}],"curies":[{"name":"wp","href":"https:\/\/api.w.org\/{rel}","templated":true}]}}