{"id":13710,"date":"2015-05-18T11:25:11","date_gmt":"2015-05-18T14:25:11","guid":{"rendered":"https:\/\/www.mpal.mp.br\/?p=13710"},"modified":"2022-07-26T11:26:08","modified_gmt":"2022-07-26T14:26:08","slug":"focco-al-lanca-projeto-de-parlamento-universitario-de-maceio-capacitacao-permitira-que-jovens-entendam-a-funcao-de-vereador","status":"publish","type":"post","link":"https:\/\/www.mpal.mp.br\/?p=13710","title":{"rendered":"Focco\/AL lan\u00e7a projeto de Parlamento Universit\u00e1rio de Macei\u00f3; capacita\u00e7\u00e3o permitir\u00e1 que jovens entendam a fun\u00e7\u00e3o de vereador"},"content":{"rendered":"<p style=\"text-align: justify;\"><span style=\"font-size: 14pt;\">O F\u00f3rum de Combate \u00e0 Corrup\u00e7\u00e3o em Alagoas (Focco\/AL) realizar\u00e1, nesta ter\u00e7a-feira (19), a partir das 14h, uma solenidade de diploma\u00e7\u00e3o e instala\u00e7\u00e3o do Parlamento Universit\u00e1rio de Macei\u00f3 no audit\u00f3rio do Instituto Federal de Alagoas (Ifal), localizado no bairro do Po\u00e7o, em Macei\u00f3. O espa\u00e7o referente ao legislativo \u00e9 composto de alunos das universidades p\u00fablicas do estado e faz parte da Caravana da Cidadania, projeto desenvolvido pelo F\u00f3rum, com atua\u00e7\u00e3o em diversos munic\u00edpios alagoanos.<\/span><\/p>\n<p style=\"text-align: justify;\"><span style=\"font-size: 14pt;\">Na programa\u00e7\u00e3o do evento, os membros do Focco\/AL apresentar\u00e3o o projeto e realizar\u00e3o a diploma\u00e7\u00e3o dos estudantes. Haver\u00e1 tamb\u00e9m uma fala do representante do Parlamento Universit\u00e1rio e palestra com o procurador Regional Eleitoral, procurador da Rep\u00fablica Marcial Duarte. Ser\u00e3o destinadas 50 vagas para discentes do Ifal, Universidade Federal de Alagoas e Universidade Estadual de Alagoas, cada, participarem da atividade.<\/span><\/p>\n<p style=\"text-align: justify;\"><span style=\"font-size: 14pt;\">\u201cA iniciativa trar\u00e1 aos jovens uma oportunidade de conscientiza\u00e7\u00e3o sobre a import\u00e2ncia da fun\u00e7\u00e3o parlamentar. Queremos que eles entendam como o representante da popula\u00e7\u00e3o atua, capacitando-se a exercitar o controle social desde cedo. J\u00e1 desenvolvemos no ano passado um trabalho educativo com jovens do Ensino M\u00e9dio. Agora \u00e9 a vez de estudantes do Ensino Superior\u201d, disse o coordenador-executivo do Focco\/AL, promotor de Justi\u00e7a Jos\u00e9 Carlos Castro.<\/span><\/p>\n<p style=\"text-align: justify;\"><span style=\"font-size: 14pt;\">O coordenador da Comiss\u00e3o de Capacita\u00e7\u00e3o do F\u00f3rum, Pedro Guido da Silva, explica que o trabalho \u00e9 dividido em duas partes: a te\u00f3rica e a pr\u00e1tica. \u201cNa primeira, vamos expor para os estudantes temas relacionados \u00e0 administra\u00e7\u00e3o p\u00fablica por meio de palestras com profissionais e acad\u00eamicos da \u00e1rea. J\u00e1 na segunda, haver\u00e1 visitas dos pr\u00f3prios parlamentares-mirins a institui\u00e7\u00f5es de ensino da rede p\u00fablica para que eles mostrem aos outros alunos o que aprenderam conosco\u201d, explicou Pedro Guido.<\/span><\/p>\n<p style=\"text-align: justify;\"><span style=\"font-size: 14pt;\">Ainda sobre o trabalho pr\u00e1tico, o coordenador da Comiss\u00e3o completa: \u201cNa sequ\u00eancia, vamos para a C\u00e2mera de Vereadores de Macei\u00f3, onde equipes formadas por professores e discentes &#8216;adotar\u00e3o&#8217; um parlamentar a fim de conhecer sua produ\u00e7\u00e3o legislativa, frequ\u00eancias nas sess\u00f5es plen\u00e1rias e uso do duod\u00e9cimo concedido ao Legislativo do munic\u00edpio. Por fim, faremos um trabalho junto ao Poder Executivo para saber como \u00e9 gasto o dinheiro p\u00fablico da Capital\u201d.<\/span><\/p>\n<p style=\"text-align: justify;\"><span style=\"font-size: 14pt;\">O Parlamento Jovem \u00e9 uma esp\u00e9cie de C\u00e2mara Popular de Vereadores que tem como objetivo capacitar os jovens a partir de uma vis\u00e3o cr\u00edtica, com foco na participa\u00e7\u00e3o popular e no controle social da gest\u00e3o p\u00fablica. Ser\u00e3o 30 horas de aulas divididas em dez encontros, tal como num curso de extens\u00e3o universit\u00e1ria. Entre os palestrantes, encontram-se o procurador-geral de Justi\u00e7a, S\u00e9rgio Juc\u00e1, e o pr\u00f3prio promotor Jos\u00e9 Carlos Castro.<\/span><\/p>\n<p style=\"text-align: justify;\"><span style=\"font-size: 14pt;\"><strong>Focco\/AL<\/strong><\/span><\/p>\n<p style=\"text-align: justify;\"><span style=\"font-size: 14pt;\">Criado e instalado em 28 de novembro de 2008, o F\u00f3rum de Combate \u00e0 Corrup\u00e7\u00e3o de Alagoas (Focco\/AL) \u00e9 uma iniciativa conjunta da sociedade civil local e de institui\u00e7\u00f5es p\u00fablicas que, unidas mediante Termo de Compromisso de Coopera\u00e7\u00e3o, atuam para facilitar o interc\u00e2mbio de informa\u00e7\u00f5es e de estrat\u00e9gias de preven\u00e7\u00e3o e combate \u00e0 corrup\u00e7\u00e3o, tendo como ferramentas a fiscaliza\u00e7\u00e3o institucional e o controle social do repasse e aplica\u00e7\u00e3o de recursos p\u00fablicos.<\/span><\/p>\n","protected":false},"excerpt":{"rendered":"<p> [&hellip;]<\/p>\n","protected":false},"author":5,"featured_media":13712,"comment_status":"open","ping_status":"open","sticky":false,"template":"","format":"standard","meta":{"om_disable_all_campaigns":false,"_monsterinsights_skip_tracking":false,"_monsterinsights_sitenote_active":false,"_monsterinsights_sitenote_note":"","_monsterinsights_sitenote_category":0,"_uf_show_specific_survey":0,"_uf_disable_surveys":false,"footnotes":""},"categories":[2],"tags":[],"class_list":["post-13710","post","type-post","status-publish","format-standard","has-post-thumbnail","hentry","category-not_mpal"],"aioseo_notices":[],"_links":{"self":[{"href":"https:\/\/www.mpal.mp.br\/index.php?rest_route=\/wp\/v2\/posts\/13710","targetHints":{"allow":["GET"]}}],"collection":[{"href":"https:\/\/www.mpal.mp.br\/index.php?rest_route=\/wp\/v2\/posts"}],"about":[{"href":"https:\/\/www.mpal.mp.br\/index.php?rest_route=\/wp\/v2\/types\/post"}],"author":[{"embeddable":true,"href":"https:\/\/www.mpal.mp.br\/index.php?rest_route=\/wp\/v2\/users\/5"}],"replies":[{"embeddable":true,"href":"https:\/\/www.mpal.mp.br\/index.php?rest_route=%2Fwp%2Fv2%2Fcomments&post=13710"}],"version-history":[{"count":1,"href":"https:\/\/www.mpal.mp.br\/index.php?rest_route=\/wp\/v2\/posts\/13710\/revisions"}],"predecessor-version":[{"id":13713,"href":"https:\/\/www.mpal.mp.br\/index.php?rest_route=\/wp\/v2\/posts\/13710\/revisions\/13713"}],"wp:featuredmedia":[{"embeddable":true,"href":"https:\/\/www.mpal.mp.br\/index.php?rest_route=\/wp\/v2\/media\/13712"}],"wp:attachment":[{"href":"https:\/\/www.mpal.mp.br\/index.php?rest_route=%2Fwp%2Fv2%2Fmedia&parent=13710"}],"wp:term":[{"taxonomy":"category","embeddable":true,"href":"https:\/\/www.mpal.mp.br\/index.php?rest_route=%2Fwp%2Fv2%2Fcategories&post=13710"},{"taxonomy":"post_tag","embeddable":true,"href":"https:\/\/www.mpal.mp.br\/index.php?rest_route=%2Fwp%2Fv2%2Ftags&post=13710"}],"curies":[{"name":"wp","href":"https:\/\/api.w.org\/{rel}","templated":true}]}}