{"id":13705,"date":"2015-08-03T11:22:08","date_gmt":"2015-08-03T14:22:08","guid":{"rendered":"https:\/\/www.mpal.mp.br\/?p=13705"},"modified":"2022-07-26T11:23:20","modified_gmt":"2022-07-26T14:23:20","slug":"depois-de-acp-mpe-al-pede-condenacao-de-prefeito-de-sao-luis-do-quitunde-por-ato-de-improbidade-administrativa-devido-a-ausencia-de-portal-da-transparencia","status":"publish","type":"post","link":"https:\/\/www.mpal.mp.br\/?p=13705","title":{"rendered":"Depois de ACP, MPE\/AL pede condena\u00e7\u00e3o de prefeito de S\u00e3o Lu\u00eds do Quitunde por ato de improbidade administrativa devido \u00e0 aus\u00eancia de Portal da Transpar\u00eancia"},"content":{"rendered":"<p style=\"text-align: justify;\"><span style=\"font-size: 14pt;\">A aus\u00eancia de transpar\u00eancia na gest\u00e3o do Munic\u00edpio de S\u00e3o Lu\u00eds do Quitunde levou o Minist\u00e9rio P\u00fablico do Estado de Alagoas (MPE\/AL) a tomar nova medida contra o prefeito Eraldo Pedro da Silva. Ap\u00f3s ajuizar uma a\u00e7\u00e3o civil p\u00fablica e obter do Ju\u00edzo local uma liminar que obriga a Prefeitura a prestar contas em at\u00e9 60 dias, a Promotoria de Justi\u00e7a do Munic\u00edpio e do N\u00facleo de Defesa do Patrim\u00f4nio P\u00fablico da Procuradoria Geral de Justi\u00e7a pedem a condena\u00e7\u00e3o do gestor por ato de improbidade administrativa.<\/span><\/p>\n<p style=\"text-align: justify;\"><span style=\"font-size: 14pt;\">A a\u00e7\u00e3o de responsabiliza\u00e7\u00e3o de Eraldo Pedro trata do descumprimento da Lei Complementar n\u00ba 101\/2000, que estabeleceu o prazo para implementa\u00e7\u00e3o de instrumentos de transpar\u00eancia de gest\u00e3o fiscal, a exemplo de s\u00edtio virtual hom\u00f4nimo. A data-limite venceu no dia 27 de maio, mesmo diante da atua\u00e7\u00e3o do MPE\/AL em defesa da publicidade das receitas e despesas p\u00fablicas.<\/span><\/p>\n<p style=\"text-align: justify;\"><span style=\"font-size: 14pt;\">Segundo o Minist\u00e9rio P\u00fablico, a Prefeitura Municipal n\u00e3o disponibiliza em seu s\u00edtio eletr\u00f4nico qualquer informa\u00e7\u00e3o sobre a gest\u00e3o dos recursos p\u00fablicos sob sua responsabilidade. Para a institui\u00e7\u00e3o ministerial, prejudica a fiscaliza\u00e7\u00e3o dos atos administrativos pelo cidad\u00e3o comum, tal como por \u00f3rg\u00e3os de controle como o Tribunal de Contas do Estado e o pr\u00f3prio MPE\/AL, no que se refere a atos n\u00e3o sujeitos a qualquer sigilo: folha de pessoal, contratos, pagamento realizado a fornecedor, entre outros.<\/span><\/p>\n<p style=\"text-align: justify;\"><span style=\"font-size: 14pt;\">\u201cO atual est\u00e1gio da sociedade exige que o Poder P\u00fablico d\u00ea amplo acesso \u00e0s informa\u00e7\u00f5es atrav\u00e9s de meio eletr\u00f4nico na internet, especialmente nas suas p\u00e1ginas oficiais. Redimensionando e potencializando, com a for\u00e7a comunicativa da internet, desta forma, o alcance do princ\u00edpio da publicidade. N\u00e3o se deve ocultar dos cidad\u00e3os os assuntos que a todos interessam, da\u00ed a necessidade de utilizar m\u00faltiplos instrumentos para garantir a transpar\u00eancia de gest\u00e3o\u201d, destacaram os promotores de Justi\u00e7a Jorge Bezerra e Jos\u00e9 Carlos Castro, que assinam a a\u00e7\u00e3o.<\/span><\/p>\n<p style=\"text-align: justify;\"><span style=\"font-size: 14pt;\">Para os promotores, a transpar\u00eancia na presta\u00e7\u00e3o de contas do Munic\u00edpio pode ajudar a explicar a raz\u00e3o nos constantes atrasos no pagamento dos sal\u00e1rios dos servidores p\u00fablicos, que ocorre de modo recorrente h\u00e1 quase um ano; o atraso no pagamento dos proventos dos aposentados e pensionistas; os valores incorretos no repasse do duod\u00e9cimo para a C\u00e2mara de Vereadores; os atrasos nos pagamentos de alugu\u00e9is sociais; e dezenas de a\u00e7\u00f5es c\u00edveis p\u00fablicas com o objetivo de garantir a presta\u00e7\u00e3o de servi\u00e7os p\u00fablicos essenciais.<\/span><\/p>\n<p style=\"text-align: justify;\"><span style=\"font-size: 14pt;\"><strong>Condena\u00e7\u00e3o<\/strong><\/span><\/p>\n<p style=\"text-align: justify;\"><span style=\"font-size: 14pt;\">O Minist\u00e9rio P\u00fablico defende ainda a condena\u00e7\u00e3o do r\u00e9u nas penas previstas pela Lei n\u00ba 8.429\/1992, que prev\u00ea suspens\u00e3o dos direitos pol\u00edticos, perda de qualquer cargo ou fun\u00e7\u00e3o p\u00fablica, proibi\u00e7\u00e3o de ocupar cargos ou fun\u00e7\u00f5es p\u00fablicas pelo mesmo per\u00edodo de suspens\u00e3o dos direitos pol\u00edticos, ressarcimento dos danos materiais causados pela a\u00e7\u00e3o dos r\u00e9us e pagamento de multa civil.<\/span><\/p>\n<p style=\"text-align: justify;\"><span style=\"font-size: 14pt;\">A lei tamb\u00e9m prev\u00ea a proibi\u00e7\u00e3o dos r\u00e9us de contratar com o poder p\u00fablico, bem como prosseguir com os contratos por ventura em curso, receber benef\u00edcios fiscais e credit\u00edcios, direta ou indiretamente, ainda que por intermedi\u00e1rio de pessoa jur\u00eddica da qual seja s\u00f3cio majorit\u00e1rio, pelo prazo cinco anos.<\/span><\/p>\n","protected":false},"excerpt":{"rendered":"<p> [&hellip;]<\/p>\n","protected":false},"author":5,"featured_media":2857,"comment_status":"open","ping_status":"open","sticky":false,"template":"","format":"standard","meta":{"om_disable_all_campaigns":false,"_monsterinsights_skip_tracking":false,"_monsterinsights_sitenote_active":false,"_monsterinsights_sitenote_note":"","_monsterinsights_sitenote_category":0,"_uf_show_specific_survey":0,"_uf_disable_surveys":false,"footnotes":""},"categories":[2],"tags":[],"class_list":["post-13705","post","type-post","status-publish","format-standard","has-post-thumbnail","hentry","category-not_mpal"],"aioseo_notices":[],"_links":{"self":[{"href":"https:\/\/www.mpal.mp.br\/index.php?rest_route=\/wp\/v2\/posts\/13705","targetHints":{"allow":["GET"]}}],"collection":[{"href":"https:\/\/www.mpal.mp.br\/index.php?rest_route=\/wp\/v2\/posts"}],"about":[{"href":"https:\/\/www.mpal.mp.br\/index.php?rest_route=\/wp\/v2\/types\/post"}],"author":[{"embeddable":true,"href":"https:\/\/www.mpal.mp.br\/index.php?rest_route=\/wp\/v2\/users\/5"}],"replies":[{"embeddable":true,"href":"https:\/\/www.mpal.mp.br\/index.php?rest_route=%2Fwp%2Fv2%2Fcomments&post=13705"}],"version-history":[{"count":1,"href":"https:\/\/www.mpal.mp.br\/index.php?rest_route=\/wp\/v2\/posts\/13705\/revisions"}],"predecessor-version":[{"id":13706,"href":"https:\/\/www.mpal.mp.br\/index.php?rest_route=\/wp\/v2\/posts\/13705\/revisions\/13706"}],"wp:featuredmedia":[{"embeddable":true,"href":"https:\/\/www.mpal.mp.br\/index.php?rest_route=\/wp\/v2\/media\/2857"}],"wp:attachment":[{"href":"https:\/\/www.mpal.mp.br\/index.php?rest_route=%2Fwp%2Fv2%2Fmedia&parent=13705"}],"wp:term":[{"taxonomy":"category","embeddable":true,"href":"https:\/\/www.mpal.mp.br\/index.php?rest_route=%2Fwp%2Fv2%2Fcategories&post=13705"},{"taxonomy":"post_tag","embeddable":true,"href":"https:\/\/www.mpal.mp.br\/index.php?rest_route=%2Fwp%2Fv2%2Ftags&post=13705"}],"curies":[{"name":"wp","href":"https:\/\/api.w.org\/{rel}","templated":true}]}}