{"id":13702,"date":"2015-05-04T11:20:53","date_gmt":"2015-05-04T14:20:53","guid":{"rendered":"https:\/\/www.mpal.mp.br\/?p=13702"},"modified":"2022-07-26T11:26:19","modified_gmt":"2022-07-26T14:26:19","slug":"escola-superior-do-mpe-al-realiza-curso-de-atualizacao-ortografica-e-redacao-oficial","status":"publish","type":"post","link":"https:\/\/www.mpal.mp.br\/?p=13702","title":{"rendered":"Escola Superior do MPE\/AL realiza Curso de Atualiza\u00e7\u00e3o Ortogr\u00e1fica e Reda\u00e7\u00e3o Oficial"},"content":{"rendered":"<p style=\"text-align: justify;\"><span style=\"font-size: 14pt;\">Come\u00e7ou nesta segunda-feira (04) o curso de \u201cAtualiza\u00e7\u00e3o Ortogr\u00e1fica da L\u00edngua Portuguesa e Reda\u00e7\u00e3o Oficial&#8221;. O curso promovido pela Escola Superior do Minist\u00e9rio P\u00fablico (ESMP) tem por objetivo capacitar os membros, servidores e estagi\u00e1rios do Minist\u00e9rio P\u00fablico do Estado de Alagoas (MPE\/AL), visando o aprimoramento profissional e a padroniza\u00e7\u00e3o da comunica\u00e7\u00e3o oficial da institui\u00e7\u00e3o.<\/span><\/p>\n<p style=\"text-align: justify;\"><span style=\"font-size: 14pt;\">De acordo com o diretor da ESMP, o procurador de Justi\u00e7a Eduardo Tavares Mendes, o curso tem como objetivo maior o desenvolvimento do MPE\/AL. \u201cQuando n\u00f3s capacitamos o nosso p\u00fablico interno, estamos possibilitando que a institui\u00e7\u00e3o se desenvolva cada dia mais e, assim, cumpra sempre, da melhor forma poss\u00edvel, a miss\u00e3o que possui\u201d, disse o diretor.<\/span><\/p>\n<p style=\"text-align: justify;\"><span style=\"font-size: 14pt;\">O procurador-geral de Justi\u00e7a, S\u00e9rgio Juc\u00e1, durante a abertura do curso, destacou o curr\u00edculo e a capacidade intelectual do professor Marcus Robson que \u00e9 mestre em Direito, promotor de Justi\u00e7a aposentado.<\/span><\/p>\n<p style=\"text-align: justify;\"><span style=\"font-size: 14pt;\">\u201cAprender \u00e9 sempre uma oportunidade extraordin\u00e1ria, principalmente, quando temos a honra de ter um professor extremamente capacitado e que \u00e9 um tesouro para o Minist\u00e9rio P\u00fablico de Alagoas. Marcus \u00e9 um amante da boa escrita e dos livros. Pode-se dizer que ele \u00e9 um patrim\u00f4nio intelectual da nossa institui\u00e7\u00e3o, com destaque na academia e na sua atua\u00e7\u00e3o profissional tamb\u00e9m como membro. Temos muito a aprender por meio do conhecimento que ele possui\u201d, destacou o chefe do MPE\/AL.<\/span><\/p>\n<p style=\"text-align: justify;\"><span style=\"font-size: 14pt;\">Segundo o professor Marcus Robson Nascimento, a Reda\u00e7\u00e3o Oficial deve seguir um padr\u00e3o t\u00e9cnico, com o uso culto da linguagem, para facilitar a comunica\u00e7\u00e3o estabelecida pela institui\u00e7\u00e3o por meio da escrita, tanto interna quanto externamente.<\/span><\/p>\n<p style=\"text-align: justify;\"><span style=\"font-size: 14pt;\">\u201cA quest\u00e3o da Reda\u00e7\u00e3o Oficial vinha sendo negligenciada h\u00e1 muito tempo, at\u00e9 que as discuss\u00f5es em torno da nova reforma ortogr\u00e1fica da L\u00edngua Portuguesa reavivou o apetite das pessoas que trabalham no servi\u00e7o p\u00fablico pela forma correta do conte\u00fado e na superf\u00edcie do texto, reabrindo os estudos nessa \u00e1rea. A Reda\u00e7\u00e3o Oficial deve ser de conhecimento de todos que lidam com a mat\u00e9ria para evitar descompassos na comunica\u00e7\u00e3o institucional e interinstitucional. Esta \u00e9 a raz\u00e3o do curso: reciclar os nossos membros, servidores e estagi\u00e1rios nessa complexa arte de escrever no \u00e2mbito da administra\u00e7\u00e3o p\u00fablica\u201d, exp\u00f4s o professor.<\/span><\/p>\n<p style=\"text-align: justify;\"><span style=\"font-size: 14pt;\">O chefe de Gabinete da 3\u00aa Procuradoria de Justi\u00e7a Criminal, Fellipe Ramos, foi um dos participantes do curso e demonstrou entusiasmo com a primeira aula. &#8220;O curso \u00e9 muito interessante, o professor possui boa did\u00e1tica e linguagem acess\u00edvel, o que nos incentiva a aproveitar o m\u00e1ximo poss\u00edvel e a continuar participando das pr\u00f3ximas aulas. A \u00a0exposi\u00e7\u00e3o foi t\u00e3o produtiva, que despertou o desejo de partilharmos com outros colegas da institui\u00e7\u00e3o e do nosso conv\u00edvio o conhecimento obtido. Al\u00e9m disso, vai contribuir para que possamos uniformizar, padronizar ainda mais as comunica\u00e7\u00f5es expedidas pelo setor ao qual atuamos. Realmente, excelente&#8221;.<\/span><\/p>\n<p style=\"text-align: justify;\"><span style=\"font-size: 14pt;\">As pr\u00f3ximas aulas acontecer\u00e3o nos dias 11, 18 e 25 de maio, das 8h \u00e0s 12h, no audit\u00f3rio da Procuradoria Geral de Justi\u00e7a. Os interessados no curso ainda podem se inscrever para participar, basta enviar e-mail para a ESMP (\u00a0<a href=\"mailto:esmp@mpal.mp.br\">esmp@mpal.mp.br<\/a>).<\/span><\/p>\n<p style=\"text-align: justify;\"><span style=\"font-size: 14pt;\"><strong>Reda\u00e7\u00e3o Oficial<\/strong><\/span><\/p>\n<p style=\"text-align: justify;\"><span style=\"font-size: 14pt;\">A &#8220;Reda\u00e7\u00e3o Oficial&#8221; \u00e9 a maneira pela qual s\u00e3o redigidos atos normativos e comunica\u00e7\u00f5es. Caracteriza-se pela impessoalidade, uso do padr\u00e3o culto de linguagem, clareza, concis\u00e3o, formalidade e uniformidade.<\/span><\/p>\n<p style=\"text-align: justify;\"><span style=\"font-size: 14pt;\"><strong>Atualiza\u00e7\u00e3o Ortogr\u00e1fica<\/strong><\/span><\/p>\n<p style=\"text-align: justify;\"><span style=\"font-size: 14pt;\">Em setembro de 2009, o presidente Luiz In\u00e1cio Lula da Silva assinou o acordo ortogr\u00e1fico aprovado em 1990, estabelecendo um cronograma para a vig\u00eancia do mesmo at\u00e9 o dia 31 de dezembro de 2012, por\u00e9m a presidente Dilma Roussef assinou um decreto modificando esta data para o dia 31 de dezembro de 2015.<\/span><\/p>\n<p style=\"text-align: justify;\"><span style=\"font-size: 14pt;\">O acordo assinado em Lisboa, em 16 de dezembro de 1990, teve como objetivo unificar o registro escrito nos oito pa\u00edses que falam portugu\u00eas: Angola, Mo\u00e7ambique, Cabo Verde, Guin\u00e9-Bissau, S\u00e3o Tom\u00e9 e Pr\u00edncipe, Timor Leste, Brasil e Portugal.<\/span><\/p>\n","protected":false},"excerpt":{"rendered":"<p> [&hellip;]<\/p>\n","protected":false},"author":4,"featured_media":13708,"comment_status":"open","ping_status":"open","sticky":false,"template":"","format":"standard","meta":{"om_disable_all_campaigns":false,"_monsterinsights_skip_tracking":false,"_monsterinsights_sitenote_active":false,"_monsterinsights_sitenote_note":"","_monsterinsights_sitenote_category":0,"_uf_show_specific_survey":0,"_uf_disable_surveys":false,"footnotes":""},"categories":[19,2],"tags":[],"class_list":["post-13702","post","type-post","status-publish","format-standard","has-post-thumbnail","hentry","category-not_esmp","category-not_mpal"],"aioseo_notices":[],"_links":{"self":[{"href":"https:\/\/www.mpal.mp.br\/index.php?rest_route=\/wp\/v2\/posts\/13702","targetHints":{"allow":["GET"]}}],"collection":[{"href":"https:\/\/www.mpal.mp.br\/index.php?rest_route=\/wp\/v2\/posts"}],"about":[{"href":"https:\/\/www.mpal.mp.br\/index.php?rest_route=\/wp\/v2\/types\/post"}],"author":[{"embeddable":true,"href":"https:\/\/www.mpal.mp.br\/index.php?rest_route=\/wp\/v2\/users\/4"}],"replies":[{"embeddable":true,"href":"https:\/\/www.mpal.mp.br\/index.php?rest_route=%2Fwp%2Fv2%2Fcomments&post=13702"}],"version-history":[{"count":1,"href":"https:\/\/www.mpal.mp.br\/index.php?rest_route=\/wp\/v2\/posts\/13702\/revisions"}],"predecessor-version":[{"id":13711,"href":"https:\/\/www.mpal.mp.br\/index.php?rest_route=\/wp\/v2\/posts\/13702\/revisions\/13711"}],"wp:featuredmedia":[{"embeddable":true,"href":"https:\/\/www.mpal.mp.br\/index.php?rest_route=\/wp\/v2\/media\/13708"}],"wp:attachment":[{"href":"https:\/\/www.mpal.mp.br\/index.php?rest_route=%2Fwp%2Fv2%2Fmedia&parent=13702"}],"wp:term":[{"taxonomy":"category","embeddable":true,"href":"https:\/\/www.mpal.mp.br\/index.php?rest_route=%2Fwp%2Fv2%2Fcategories&post=13702"},{"taxonomy":"post_tag","embeddable":true,"href":"https:\/\/www.mpal.mp.br\/index.php?rest_route=%2Fwp%2Fv2%2Ftags&post=13702"}],"curies":[{"name":"wp","href":"https:\/\/api.w.org\/{rel}","templated":true}]}}