{"id":13698,"date":"2015-05-11T11:13:41","date_gmt":"2015-05-11T14:13:41","guid":{"rendered":"https:\/\/www.mpal.mp.br\/?p=13698"},"modified":"2022-07-26T11:20:48","modified_gmt":"2022-07-26T14:20:48","slug":"esmp-realiza-segunda-aula-do-curso-de-atualizacao-ortografica-e-redacao-oficial","status":"publish","type":"post","link":"https:\/\/www.mpal.mp.br\/?p=13698","title":{"rendered":"ESMP realiza segunda aula do curso de Atualiza\u00e7\u00e3o Ortogr\u00e1fica e Reda\u00e7\u00e3o Oficial"},"content":{"rendered":"<p style=\"text-align: justify;\"><span style=\"font-size: 14pt;\">Dando continuidade \u00e0s atividades de qualifica\u00e7\u00e3o dos membros e servidores do Minist\u00e9rio P\u00fablico do Estado de Alagoas (MPE\/AL), a Escola Superior da institui\u00e7\u00e3o realizou na manh\u00e3 desta segunda-feira (11), a segunda aula do curso de \u201cAtualiza\u00e7\u00e3o Ortogr\u00e1fica da L\u00edngua Portuguesa e Reda\u00e7\u00e3o Oficial&#8221;.<\/span><\/p>\n<p style=\"text-align: justify;\"><span style=\"font-size: 14pt;\">Segundo o procurador de Justi\u00e7a Eduardo Tavares Mendes, que \u00e9 o diretor da Escola, o curso tem por objetivos o aprimoramento profissional e a padroniza\u00e7\u00e3o da comunica\u00e7\u00e3o oficial do MPE\/AL.<\/span><\/p>\n<p style=\"text-align: justify;\"><span style=\"font-size: 14pt;\">\u201c\u00c9 not\u00e1vel a import\u00e2ncia da comunica\u00e7\u00e3o escrita no dia a dia. Escrever bem \u00e9 uma arte, mais que isso \u00e9 uma necessidade primordial da administra\u00e7\u00e3o p\u00fablica, onde h\u00e1 comunica\u00e7\u00f5es, por meio de documentos oficiais, entre os mais diversos p\u00fablicos de interesse, tanto no \u00e2mbito interno quanto externo. Por isso, o curso tem o escopo de permitir que estejamos cada vez mais qualificados e que haja a padroniza\u00e7\u00e3o dos documentos que levam a marca da institui\u00e7\u00e3o\u201d, explicou o diretor.<\/span><\/p>\n<p style=\"text-align: justify;\"><span style=\"font-size: 14pt;\">Para a estagi\u00e1ria Marianny Raynara, participante do curso, a escrita tem suas peculiaridades que exige conhecimento constante. \u201cS\u00e3o muitas regras e normas na L\u00edngua Portuguesa, principalmente agora com o novo acordo ortogr\u00e1fico. Quanto mais aprendemos, maior \u00e9 a possibilidade de melhorar a comunica\u00e7\u00e3o escrita, evitando que erros sejam cometidos. \u00c9 uma aprendizagem cont\u00ednua\u201d, exp\u00f4s a aluna.<\/span><\/p>\n<p style=\"text-align: justify;\"><span style=\"font-size: 14pt;\">De acordo com o professor Marcus Robson Nascimento, conhecer as normas da escrita permite a elabora\u00e7\u00e3o de textos concisos e bem estruturados que transmitam de forma clara a mensagem, estabelecendo, dessa forma, uma comunica\u00e7\u00e3o mais eficiente.<\/span><\/p>\n<p style=\"text-align: justify;\"><span style=\"font-size: 14pt;\">\u201cA Reda\u00e7\u00e3o Oficial deve ser de conhecimento de todos que lidam com a mat\u00e9ria para evitar descompassos na comunica\u00e7\u00e3o institucional e interinstitucional. Esta \u00e9 a raz\u00e3o do curso: reciclar os nossos membros, servidores e estagi\u00e1rios nessa complexa arte de escrever no \u00e2mbito da administra\u00e7\u00e3o p\u00fablica\u201d, exp\u00f4s o professor.<\/span><\/p>\n<p style=\"text-align: justify;\"><span style=\"font-size: 14pt;\">As pr\u00f3ximas aulas acontecer\u00e3o nos dias 18 e 25 de maio, das 8h \u00e0s 12h, no audit\u00f3rio da Procuradoria Geral de Justi\u00e7a. Os interessados no curso ainda podem se inscrever para participar, basta enviar e-mail para a ESMP (\u00a0<a href=\"mailto:esmp@mpal.mp.br\">esmp@mpal.mp.br<\/a>).<\/span><\/p>\n<p style=\"text-align: justify;\"><span style=\"font-size: 14pt;\"><strong>Reda\u00e7\u00e3o Oficial<\/strong><\/span><\/p>\n<p style=\"text-align: justify;\"><span style=\"font-size: 14pt;\">A &#8220;Reda\u00e7\u00e3o Oficial&#8221; \u00e9 a maneira pela qual s\u00e3o redigidos atos normativos e comunica\u00e7\u00f5es. Caracteriza-se pela impessoalidade, uso do padr\u00e3o culto de linguagem, clareza, concis\u00e3o, formalidade e uniformidade.<\/span><\/p>\n<p style=\"text-align: justify;\"><span style=\"font-size: 14pt;\"><strong>Atualiza\u00e7\u00e3o Ortogr\u00e1fica<\/strong><\/span><\/p>\n<p style=\"text-align: justify;\"><span style=\"font-size: 14pt;\">Em setembro de 2009, o presidente Luiz In\u00e1cio Lula da Silva assinou o acordo ortogr\u00e1fico aprovado em 1990, estabelecendo um cronograma para a vig\u00eancia do mesmo at\u00e9 o dia 31 de dezembro de 2012, por\u00e9m a presidente Dilma Roussef assinou um decreto modificando esta data para o dia 31 de dezembro de 2015.<\/span><\/p>\n<p style=\"text-align: justify;\"><span style=\"font-size: 14pt;\">O acordo assinado em Lisboa, em 16 de dezembro de 1990, teve como objetivo unificar o registro escrito nos oito pa\u00edses que falam portugu\u00eas: Angola, Mo\u00e7ambique, Cabo Verde, Guin\u00e9-Bissau, S\u00e3o Tom\u00e9 e Pr\u00edncipe, Timor Leste, Brasil e Portugal.<\/span><\/p>\n","protected":false},"excerpt":{"rendered":"<p> [&hellip;]<\/p>\n","protected":false},"author":4,"featured_media":13699,"comment_status":"open","ping_status":"open","sticky":false,"template":"","format":"standard","meta":{"om_disable_all_campaigns":false,"_monsterinsights_skip_tracking":false,"_monsterinsights_sitenote_active":false,"_monsterinsights_sitenote_note":"","_monsterinsights_sitenote_category":0,"_uf_show_specific_survey":0,"_uf_disable_surveys":false,"footnotes":""},"categories":[19,2],"tags":[],"class_list":["post-13698","post","type-post","status-publish","format-standard","has-post-thumbnail","hentry","category-not_esmp","category-not_mpal"],"aioseo_notices":[],"_links":{"self":[{"href":"https:\/\/www.mpal.mp.br\/index.php?rest_route=\/wp\/v2\/posts\/13698","targetHints":{"allow":["GET"]}}],"collection":[{"href":"https:\/\/www.mpal.mp.br\/index.php?rest_route=\/wp\/v2\/posts"}],"about":[{"href":"https:\/\/www.mpal.mp.br\/index.php?rest_route=\/wp\/v2\/types\/post"}],"author":[{"embeddable":true,"href":"https:\/\/www.mpal.mp.br\/index.php?rest_route=\/wp\/v2\/users\/4"}],"replies":[{"embeddable":true,"href":"https:\/\/www.mpal.mp.br\/index.php?rest_route=%2Fwp%2Fv2%2Fcomments&post=13698"}],"version-history":[{"count":1,"href":"https:\/\/www.mpal.mp.br\/index.php?rest_route=\/wp\/v2\/posts\/13698\/revisions"}],"predecessor-version":[{"id":13700,"href":"https:\/\/www.mpal.mp.br\/index.php?rest_route=\/wp\/v2\/posts\/13698\/revisions\/13700"}],"wp:featuredmedia":[{"embeddable":true,"href":"https:\/\/www.mpal.mp.br\/index.php?rest_route=\/wp\/v2\/media\/13699"}],"wp:attachment":[{"href":"https:\/\/www.mpal.mp.br\/index.php?rest_route=%2Fwp%2Fv2%2Fmedia&parent=13698"}],"wp:term":[{"taxonomy":"category","embeddable":true,"href":"https:\/\/www.mpal.mp.br\/index.php?rest_route=%2Fwp%2Fv2%2Fcategories&post=13698"},{"taxonomy":"post_tag","embeddable":true,"href":"https:\/\/www.mpal.mp.br\/index.php?rest_route=%2Fwp%2Fv2%2Ftags&post=13698"}],"curies":[{"name":"wp","href":"https:\/\/api.w.org\/{rel}","templated":true}]}}