{"id":13692,"date":"2015-08-12T11:01:50","date_gmt":"2015-08-12T14:01:50","guid":{"rendered":"https:\/\/www.mpal.mp.br\/?p=13692"},"modified":"2022-07-26T11:02:44","modified_gmt":"2022-07-26T14:02:44","slug":"mpe-al-ajuiza-acao-por-ato-de-improbidade-administrativa-em-desfavor-de-prefeito-de-sao-sebastiao-prefeitura-deixou-de-repassar-contribuicoes-previdenciarias","status":"publish","type":"post","link":"https:\/\/www.mpal.mp.br\/?p=13692","title":{"rendered":"MPE\/AL aju\u00edza a\u00e7\u00e3o por ato de improbidade administrativa em desfavor de prefeito de S\u00e3o Sebasti\u00e3o; Prefeitura deixou de repassar contribui\u00e7\u00f5es previdenci\u00e1rias"},"content":{"rendered":"<p style=\"text-align: justify;\"><span style=\"font-size: 14pt;\">O Minist\u00e9rio P\u00fablico do Estado de Alagoas (MPE\/AL), por meio da Promotoria de Justi\u00e7a de S\u00e3o Sebasti\u00e3o e do N\u00facleo de Defesa do Patrim\u00f4nio P\u00fablico da Procuradoria Geral de Justi\u00e7a, ajuizaram, no in\u00edcio desta semana, uma a\u00e7\u00e3o civil de responsabilidade por atos de improbidade administrativa, com pedido de liminar, em desfavor do prefeito do munic\u00edpio, Charles Nunes Regueira. Ele \u00e9 acusado de n\u00e3o repassar as contribui\u00e7\u00f5es previdenci\u00e1rias descontadas dos servidores, tal como a contribui\u00e7\u00e3o patronal, para o Instituto de Previd\u00eancia e Assist\u00eancia dos Servidores Municipais de S\u00e3o Sebasti\u00e3o (IPAM).<\/span><\/p>\n<p style=\"text-align: justify;\"><span style=\"font-size: 14pt;\">Pela irregularidade, o MPE\/AL tamb\u00e9m responsabiliza o ex-prefeito Jos\u00e9 Pacheco Filho, o presidente do IPAM, Jos\u00e9 Donizete Mac\u00e1rio, e a gestora anterior do instituto, Alissandra Regueira Lucena, estes dois pela conduta omissa diante da a\u00e7\u00e3o il\u00edcita. O dano ao er\u00e1rio municipal \u00e9 de R$ 2.191.550,03 em rela\u00e7\u00e3o ao n\u00e3o repasse das contribui\u00e7\u00f5es descontadas dos servidores, e de R$ 9.047.820,72, pela contribui\u00e7\u00e3o patronal, num total de R$ 11.239.370,75. Os valores se referem ao per\u00edodo de 2010 a 2013.<\/span><\/p>\n<p style=\"text-align: justify;\"><span style=\"font-size: 14pt;\">Segundo o Minist\u00e9rio P\u00fablico Estadual, quando a Prefeitura deixa de repassar as duas esp\u00e9cies de contribui\u00e7\u00e3o ao IPAM, ocorre uma s\u00e9rie de preju\u00edzos ao Munic\u00edpio: incid\u00eancia de multas, juros e corre\u00e7\u00f5es monet\u00e1rias a serem arcados desnecessariamente pelos cofres p\u00fablicos municipais, assim como inevit\u00e1veis riscos e preju\u00edzos financeiros e atuariais impostos ao instituto.<\/span><\/p>\n<p style=\"text-align: justify;\"><span style=\"font-size: 14pt;\">\u201cOs r\u00e9us da presente a\u00e7\u00e3o de improbidade, portanto, ao optarem por reter e dar destino diverso \u00e0s contribui\u00e7\u00f5es dos servidores e deliberadamente deixar de recolher as contribui\u00e7\u00f5es previdenci\u00e1rias patronais, demonstram claramente seu dolo em descumprir o ordenamento jur\u00eddico, medir for\u00e7a com os \u00f3rg\u00e3os de controle envoltos na defesa da previd\u00eancia p\u00fablica, sucatear as finan\u00e7as do instituto previdenci\u00e1rio e, em \u00faltima an\u00e1lise, tolher os servidores aposentados (atuais e futuros) do seu direito fundamental \u00e0 aposentadoria\u201d, afirmam os promotores de Justi\u00e7a Cl\u00e1udio Pereira Pinheiro, Jos\u00e9 Carlos Castro e Napole\u00e3o Amaral Franco, que assinam o procedimento.<\/span><\/p>\n<p style=\"text-align: justify;\"><span style=\"font-size: 14pt;\"><strong>Bloqueio de bens<\/strong><\/span><\/p>\n<p style=\"text-align: justify;\"><span style=\"font-size: 14pt;\">Al\u00e9m da condena\u00e7\u00e3o por ato de improbidade administrativa, o MPE\/AL pediu ao Ju\u00edzo de Direito da Comarca de S\u00e3o Sebasti\u00e3o deferimento de liminar para que ocorra a indisponibilidade de bens e valores dos demandados, proporcional aos valores n\u00e3o repassados em cada administra\u00e7\u00e3o. No caso do prefeito Charles Nunes, o valor ser\u00e1 de R$ 4.987.935,18 correspondente ao ano de 2013. J\u00e1 o valor do ex-prefeito Jos\u00e9 Pacheco Filho \u00e9 de R$ 6.251.435,57 referente ao per\u00edodo de 2009 a 2012.<\/span><\/p>\n<p style=\"text-align: justify;\"><span style=\"font-size: 14pt;\">A determina\u00e7\u00e3o do Ju\u00edzo deve se estender aos cart\u00f3rios de im\u00f3veis, bem como Restri\u00e7\u00f5es Judiciais Sobre Ve\u00edculos Automotores (RENAJUD) a fim de que se proceda a averba\u00e7\u00e3o de intransferibilidade dos bens. O Minist\u00e9rio P\u00fablico tamb\u00e9m solicitou medida liminar determinando que o atual gestor efetue mensalmente o repasse das contribui\u00e7\u00f5es patronais e dos servidores ao IPAM, conforme estabelecido em lei municipal, sob pena do afastamento do cargo do executivo municipal.<\/span><\/p>\n<p style=\"text-align: justify;\"><span style=\"font-size: 14pt;\"><strong>Condena\u00e7\u00e3o<\/strong><\/span><\/p>\n<p style=\"text-align: justify;\"><span style=\"font-size: 14pt;\">O Minist\u00e9rio P\u00fablico defende a condena\u00e7\u00e3o do r\u00e9u nas penas previstas pela Lei n\u00ba 8.429\/1992, que prev\u00ea suspens\u00e3o dos direitos pol\u00edticos, perda de qualquer cargo ou fun\u00e7\u00e3o p\u00fablica, proibi\u00e7\u00e3o de ocupar cargos ou fun\u00e7\u00f5es p\u00fablicas pelo mesmo per\u00edodo de suspens\u00e3o dos direitos pol\u00edticos, ressarcimento dos danos materiais causados pela a\u00e7\u00e3o dos r\u00e9us e pagamento de multa civil.<\/span><\/p>\n<p style=\"text-align: justify;\"><span style=\"font-size: 14pt;\">A lei tamb\u00e9m prev\u00ea a proibi\u00e7\u00e3o dos r\u00e9us de contratar com o poder p\u00fablico, bem como prosseguir com os contratos por ventura em curso, receber benef\u00edcios fiscais e credit\u00edcios, direta ou indiretamente, ainda que por intermedi\u00e1rio de pessoa jur\u00eddica da qual seja s\u00f3cio majorit\u00e1rio, pelo prazo de cinco anos.<\/span><\/p>\n","protected":false},"excerpt":{"rendered":"<p> [&hellip;]<\/p>\n","protected":false},"author":5,"featured_media":2857,"comment_status":"open","ping_status":"open","sticky":false,"template":"","format":"standard","meta":{"om_disable_all_campaigns":false,"_monsterinsights_skip_tracking":false,"_monsterinsights_sitenote_active":false,"_monsterinsights_sitenote_note":"","_monsterinsights_sitenote_category":0,"_uf_show_specific_survey":0,"_uf_disable_surveys":false,"footnotes":""},"categories":[2],"tags":[],"class_list":["post-13692","post","type-post","status-publish","format-standard","has-post-thumbnail","hentry","category-not_mpal"],"aioseo_notices":[],"_links":{"self":[{"href":"https:\/\/www.mpal.mp.br\/index.php?rest_route=\/wp\/v2\/posts\/13692","targetHints":{"allow":["GET"]}}],"collection":[{"href":"https:\/\/www.mpal.mp.br\/index.php?rest_route=\/wp\/v2\/posts"}],"about":[{"href":"https:\/\/www.mpal.mp.br\/index.php?rest_route=\/wp\/v2\/types\/post"}],"author":[{"embeddable":true,"href":"https:\/\/www.mpal.mp.br\/index.php?rest_route=\/wp\/v2\/users\/5"}],"replies":[{"embeddable":true,"href":"https:\/\/www.mpal.mp.br\/index.php?rest_route=%2Fwp%2Fv2%2Fcomments&post=13692"}],"version-history":[{"count":1,"href":"https:\/\/www.mpal.mp.br\/index.php?rest_route=\/wp\/v2\/posts\/13692\/revisions"}],"predecessor-version":[{"id":13693,"href":"https:\/\/www.mpal.mp.br\/index.php?rest_route=\/wp\/v2\/posts\/13692\/revisions\/13693"}],"wp:featuredmedia":[{"embeddable":true,"href":"https:\/\/www.mpal.mp.br\/index.php?rest_route=\/wp\/v2\/media\/2857"}],"wp:attachment":[{"href":"https:\/\/www.mpal.mp.br\/index.php?rest_route=%2Fwp%2Fv2%2Fmedia&parent=13692"}],"wp:term":[{"taxonomy":"category","embeddable":true,"href":"https:\/\/www.mpal.mp.br\/index.php?rest_route=%2Fwp%2Fv2%2Fcategories&post=13692"},{"taxonomy":"post_tag","embeddable":true,"href":"https:\/\/www.mpal.mp.br\/index.php?rest_route=%2Fwp%2Fv2%2Ftags&post=13692"}],"curies":[{"name":"wp","href":"https:\/\/api.w.org\/{rel}","templated":true}]}}