{"id":13691,"date":"2015-05-28T10:51:56","date_gmt":"2015-05-28T13:51:56","guid":{"rendered":"https:\/\/www.mpal.mp.br\/?p=13691"},"modified":"2022-07-26T11:13:36","modified_gmt":"2022-07-26T14:13:36","slug":"eduardo-tavares-procurador-de-justica-e-diretor-da-esmp-escreve-a-apresentacao-do-livro-duas-lancas-100-anos-de-cavalhada-em-cha-preta","status":"publish","type":"post","link":"https:\/\/www.mpal.mp.br\/?p=13691","title":{"rendered":"Eduardo Tavares, Procurador de Justi\u00e7a e Diretor da ESMP, escreve a apresenta\u00e7\u00e3o do livro &#8221; Duas lan\u00e7as &#8211; 100 anos de Cavalhada em Ch\u00e3 Preta&#8221;,"},"content":{"rendered":"<p style=\"text-align: justify;\"><span style=\"font-size: 14pt;\">O procurador de Justi\u00e7a e diretor da Escola Superior do Minist\u00e9rio P\u00fablico, (ESMP), Eduardo Tavares escreveu a apresenta\u00e7\u00e3o do Livro &#8220;Duas lan\u00e7as &#8211; 100 anos de Cavalhada em Ch\u00e3 Preta&#8221;. A obra \u00e9 autoria do escritor Oleg\u00e1rio Venceslau da Silva.<\/span><\/p>\n<p style=\"text-align: justify;\"><span style=\"font-size: 14pt;\">Em sua apresenta\u00e7\u00e3o, Eduardo Tavares enaltece a obra e a descreve como um presente para a comunidade intelectual de Alagoas, por ela oferecer uma detalhada descri\u00e7\u00e3o da tradi\u00e7\u00e3o folcl\u00f3rica do Brasil.<\/span><\/p>\n<p style=\"text-align: justify;\"><span style=\"font-size: 14pt;\">Ele destaca ainda que a cavalhada une homens, cavalos, gestos e s\u00edmbolos em um espet\u00e1culo de rara beleza pl\u00e1stica e afirma que a obra deste escritor alagoano \u00e9 um valioso depoimento hist\u00f3rico.<\/span><\/p>\n<p style=\"text-align: justify;\"><span style=\"font-size: 14pt;\">&#8220;Tenho certeza que este livro, fruto do intelectual escritor de Ch\u00e3 Preta e Vi\u00e7osa, empolgar\u00e1 os cultores do folclore de nossa terra, que tem dado ao Brasil nomes da maior relev\u00e2ncia no cen\u00e1rio da produ\u00e7\u00e3o cultural, dos quais tanto nos orgulhamos, como o de Pedro Teixeira, Th\u00e9o Brand\u00e3o e Oleg\u00e1rio Venceslau. Esta obra ser\u00e1 um marco no fomento de uma a\u00e7\u00e3o cultural voltada para as festas populares tradicionais, e estimular\u00e1 outros escritores a palmilhar o caminho ora desbravado pelo autor&#8221;, disse o procurador de Justi\u00e7a e diretor da ESMP, que tamb\u00e9m \u00e9 s\u00f3cio do Instituto Hist\u00f3rico e Geogr\u00e1fico de Alagoas.<\/span><\/p>\n<p style=\"text-align: justify;\"><span style=\"font-size: 14pt;\">A atra\u00e7\u00e3o pela escrita faz parte da vida de Eduardo Tavares que tamb\u00e9m tem um blog que utiliza a publica\u00e7\u00e3o de textos sobre o rio S\u00e3o Francisco, tema pelo qual \u00e9 apaixonado.<\/span><\/p>\n<p style=\"text-align: justify;\"><span style=\"font-size: 14pt;\">No blog denominado Duca Mendes, um de seus apelidos, \u00e9 poss\u00edvel encontrar publica\u00e7\u00e3o de textos, artigos publicados na imprensa, al\u00e9m dos discursos proferidos no Minist\u00e9rio P\u00fablico, no Instituto Hist\u00f3rico em Alagoas e em outros estador proferidos pro Eduardo Tavares durante o desempenho das mais variadas fun\u00e7\u00f5es p\u00fablicas exercidas ao longo de sua trajet\u00f3ria acad\u00eamica-profissional.<\/span><\/p>\n<p style=\"text-align: justify;\"><span style=\"font-size: 14pt;\">O blog, al\u00e9m de ser um canal de comunica\u00e7\u00e3o do seu titular com a sociedade, destina-se a ser um f\u00f3rum de discuss\u00e3o de temas de interesse comunit\u00e1rio.<\/span><\/p>\n<p style=\"text-align: justify;\"><span style=\"font-size: 14pt;\">Por conta deste blog, Eduardo Tavares foi convidado a ser colunista de um programa de r\u00e1dio, na coluna &#8220;Velho Chico&#8221;.<\/span><\/p>\n<p style=\"text-align: justify;\"><span style=\"font-size: 14pt;\">Acesse o blog:<a href=\"http:\/\/ducamendes.blogspot.com.br\/\">\u00a0http:\/\/ducamendes.blogspot.com.br\/<\/a><\/span><\/p>\n","protected":false},"excerpt":{"rendered":"<p> [&hellip;]<\/p>\n","protected":false},"author":4,"featured_media":13695,"comment_status":"open","ping_status":"open","sticky":false,"template":"","format":"standard","meta":{"om_disable_all_campaigns":false,"_monsterinsights_skip_tracking":false,"_monsterinsights_sitenote_active":false,"_monsterinsights_sitenote_note":"","_monsterinsights_sitenote_category":0,"_uf_show_specific_survey":0,"_uf_disable_surveys":false,"footnotes":""},"categories":[19,2],"tags":[],"class_list":["post-13691","post","type-post","status-publish","format-standard","has-post-thumbnail","hentry","category-not_esmp","category-not_mpal"],"aioseo_notices":[],"_links":{"self":[{"href":"https:\/\/www.mpal.mp.br\/index.php?rest_route=\/wp\/v2\/posts\/13691","targetHints":{"allow":["GET"]}}],"collection":[{"href":"https:\/\/www.mpal.mp.br\/index.php?rest_route=\/wp\/v2\/posts"}],"about":[{"href":"https:\/\/www.mpal.mp.br\/index.php?rest_route=\/wp\/v2\/types\/post"}],"author":[{"embeddable":true,"href":"https:\/\/www.mpal.mp.br\/index.php?rest_route=\/wp\/v2\/users\/4"}],"replies":[{"embeddable":true,"href":"https:\/\/www.mpal.mp.br\/index.php?rest_route=%2Fwp%2Fv2%2Fcomments&post=13691"}],"version-history":[{"count":2,"href":"https:\/\/www.mpal.mp.br\/index.php?rest_route=\/wp\/v2\/posts\/13691\/revisions"}],"predecessor-version":[{"id":13697,"href":"https:\/\/www.mpal.mp.br\/index.php?rest_route=\/wp\/v2\/posts\/13691\/revisions\/13697"}],"wp:featuredmedia":[{"embeddable":true,"href":"https:\/\/www.mpal.mp.br\/index.php?rest_route=\/wp\/v2\/media\/13695"}],"wp:attachment":[{"href":"https:\/\/www.mpal.mp.br\/index.php?rest_route=%2Fwp%2Fv2%2Fmedia&parent=13691"}],"wp:term":[{"taxonomy":"category","embeddable":true,"href":"https:\/\/www.mpal.mp.br\/index.php?rest_route=%2Fwp%2Fv2%2Fcategories&post=13691"},{"taxonomy":"post_tag","embeddable":true,"href":"https:\/\/www.mpal.mp.br\/index.php?rest_route=%2Fwp%2Fv2%2Ftags&post=13691"}],"curies":[{"name":"wp","href":"https:\/\/api.w.org\/{rel}","templated":true}]}}