{"id":13687,"date":"2015-05-29T10:48:27","date_gmt":"2015-05-29T13:48:27","guid":{"rendered":"https:\/\/www.mpal.mp.br\/?p=13687"},"modified":"2022-07-26T10:51:50","modified_gmt":"2022-07-26T13:51:50","slug":"esmp-realizara-curso-sobre-os-aspectos-polemicos-do-direito-penal-e-processual-penal","status":"publish","type":"post","link":"https:\/\/www.mpal.mp.br\/?p=13687","title":{"rendered":"ESMP realizar\u00e1 curso sobre os Aspectos Pol\u00eamicos do Direito Penal e Processual Penal"},"content":{"rendered":"<div style=\"text-align: justify;\"><span style=\"font-size: 14pt;\">Dando continuidade \u00e0s atividades de qualifica\u00e7\u00e3o profissional dos membros, servidores e estagi\u00e1rios do Minist\u00e9rio P\u00fablico do Estado de Alagoas (MPE-AL), a Escola Superior do Minist\u00e9rio P\u00fablico (ESMP) realiza o curso &#8220;Aspectos Pol\u00eamicos do Direito Penal e Processual Penal&#8221;. A qualifica\u00e7\u00e3o, que ser\u00e1 gratuita, vai ser ofertada durante cinco segundas-feiras, nos meses de junho e junho.\u00a0O curso pretende capacitar o p\u00fablico interno para o aprimoramento da pr\u00e1tica e abordagem t\u00e9cnico-cient\u00edfica do ramo do Direito Penal.<\/span><\/div>\n<div style=\"text-align: justify;\"><\/div>\n<div style=\"text-align: justify;\"><span style=\"font-size: 14pt;\">Quem ainda n\u00e3o se inscreveu, pode enviar email para a ESMP (\u00a0<a href=\"mailto:esmp@mpal.mp.br\">esmp@mpal.mp.br<\/a>).<\/span><\/div>\n<div style=\"text-align: justify;\"><span style=\"font-size: 14pt;\"><strong>Confira a programa\u00e7\u00e3o completa:<\/strong><\/span><\/div>\n<div style=\"text-align: justify;\"><span style=\"font-size: 14pt;\"><strong>\u00a0<\/strong><\/span><\/div>\n<p style=\"text-align: justify;\"><span style=\"font-size: 14pt;\"><strong>1\u00ba de Junho (manh\u00e3)<\/strong><\/span><\/p>\n<p style=\"text-align: justify;\"><span style=\"font-size: 14pt;\"><a class=\"thumbnail\" title=\"\" href=\"https:\/\/farol.mpal.mp.br\/images\/stories\/noticias\/2015\/Maio\/alfredo.jpg\" target=\"_blank\" rel=\"lightbox[2289] noopener\"><img loading=\"lazy\" decoding=\"async\" src=\"https:\/\/farol.mpal.mp.br\/images\/thumbnails\/images\/stories\/noticias\/2015\/Maio\/alfredo-150x88.jpg\" width=\"150\" height=\"88\" border=\"0\" \/><\/a><\/span><\/p>\n<p style=\"text-align: justify;\"><span style=\"font-size: 14pt;\">8h &#8211; Cerim\u00f4nia de Abertura<\/span><\/p>\n<p style=\"text-align: justify;\"><span style=\"font-size: 14pt;\">8h30 \u00e0s 12h \u2013 Primeira Palestra \u00a0 Tema: Organiza\u00e7\u00f5es Criminosas<\/span><\/p>\n<p style=\"text-align: justify;\"><span style=\"font-size: 14pt;\">Facilitador:\u00a0<strong>Alfredo Oliveira<\/strong><\/span><\/p>\n<p style=\"text-align: justify;\"><span style=\"font-size: 14pt;\">Promotor de Justi\u00e7a Inativo; Professor convidado da Escola Superior do Minist\u00e9rio P\u00fablico do Estado de Alagoas (ESMP); Professor convidado da Escola Superior da Magistratura do Estado de Alagoas (Esmal); Especialista em Ci\u00eancias Criminais pela Unama\/LFG; Ex-professor do curso de P\u00f3s-gradua\u00e7\u00e3o Lato Sensu da Universidade Federal de Alagoas (Ufal), do CESMAC e da Universidade Federal de Pernambuco (UFPE). Professor do I Curso de Aperfei\u00e7oamento da Magistratura Federal do Estado de Alagoas. Exerceu o cargo de Delegado da Pol\u00edcia Federal. \u00c9 palestrante em v\u00e1rios congressos nas \u00e1reas de Direito Penal, Processo Penal e Criminologia.<\/span><\/p>\n<p style=\"text-align: justify;\"><span style=\"font-size: 14pt;\">08 de Junho (manh\u00e3)<\/span><\/p>\n<p style=\"text-align: justify;\"><span style=\"font-size: 14pt;\"><a class=\"thumbnail\" title=\"\" href=\"https:\/\/farol.mpal.mp.br\/images\/stories\/noticias\/2015\/Maio\/dsc_08.jpg\" target=\"_blank\" rel=\"lightbox[2289] noopener\"><img loading=\"lazy\" decoding=\"async\" src=\"https:\/\/farol.mpal.mp.br\/images\/thumbnails\/images\/stories\/noticias\/2015\/Maio\/dsc_08-150x88.jpg\" width=\"150\" height=\"88\" border=\"0\" \/><\/a><\/span><\/p>\n<p style=\"text-align: justify;\"><span style=\"font-size: 14pt;\">8h30 \u00e0s 12h \u2013 Segunda Palestra Tema: Aspectos Gerais e Espec\u00edficos do Crime Tentado (Conatus)<\/span><\/p>\n<p style=\"text-align: justify;\"><span style=\"font-size: 14pt;\">Facilitador:<strong>\u00a0Marcus Robson<\/strong><\/span><\/p>\n<p style=\"text-align: justify;\"><span style=\"font-size: 14pt;\">Possui gradua\u00e7\u00e3o em Direito pelo Centro de Estudos Superiores de Macei\u00f3 (Cesmac &#8211; 1990). Atualmente \u00e9 docente do Centro de Estudos Superiores de Macei\u00f3 (Cesmac) e na Faculdade de Alagoas (FAA-Iesa). Tem experi\u00eancia na \u00e1rea de Direito, com \u00eanfase em Direito Penal, atuando principalmente no seguinte tema: Direito e ideologia. Mestre em Direito da Universidade Cat\u00f3lica de Pernambuco &#8211; Unicap.<\/span><\/p>\n<p style=\"text-align: justify;\"><span style=\"font-size: 14pt;\">15 de Junho (manh\u00e3)<\/span><\/p>\n<p style=\"text-align: justify;\"><span style=\"font-size: 14pt;\"><a class=\"thumbnail\" title=\"\" href=\"https:\/\/farol.mpal.mp.br\/images\/stories\/noticias\/2015\/Maio\/junior.jpg\" target=\"_blank\" rel=\"lightbox[2289] noopener\"><img loading=\"lazy\" decoding=\"async\" src=\"https:\/\/farol.mpal.mp.br\/images\/thumbnails\/images\/stories\/noticias\/2015\/Maio\/junior-150x88.jpg\" width=\"150\" height=\"88\" border=\"0\" \/><\/a><\/span><\/p>\n<p style=\"text-align: justify;\"><span style=\"font-size: 14pt;\">8h30 \u00e0s 12h &#8211; Terceira Palestra Tema: Propostas de Altera\u00e7\u00f5es da Lei de Execu\u00e7\u00e3o Penal: avan\u00e7os e retrocessos.<\/span><\/p>\n<p style=\"text-align: justify;\"><span style=\"font-size: 14pt;\"><strong>Facilitador:<\/strong>\u00a0Dr. Francisco de Assis de Fran\u00e7a J\u00fanior<\/span><\/p>\n<p style=\"text-align: justify;\"><span style=\"font-size: 14pt;\">Advogado criminalista; Professor de Direito Penal e Processo Penal desde 2006; Integrante da Associa\u00e7\u00e3o Nacional de Direitos Humanos, Pesquisa e P\u00f3s-Gradua\u00e7\u00e3o &#8211; ANDHEP; Membro do Instituto Brasileiro de Ci\u00eancias Criminais &#8211; IBCCRIM;Membro dos grupos de pesquisa &#8220;Direito, sociedade e viol\u00eancia&#8221;, e do &#8220;Sistema Criminal contempor\u00e2neo: tutela dos bens jur\u00eddicos e criminalidade na atualidade&#8221;, ambos vinculados ao Cesmac, sendo este \u00faltimo tamb\u00e9m vinculado ao Conselho Nacional de Desenvolvimento Cient\u00edfico e Tecnol\u00f3gico &#8211; CNPQ; \u00c9 tamb\u00e9m membro e relator das propostas de altera\u00e7\u00f5es da Lei de Execu\u00e7\u00e3o Penal que tramitam no Senado da Rep\u00fablica, da Coordena\u00e7\u00e3o Nacional de Acompanhamento do Sistema Carcer\u00e1rio Brasileiro, constitu\u00edda pelo Conselho Federal da Ordem dos Advogados do Brasil, em fevereiro de 2014.<\/span><\/p>\n<p style=\"text-align: justify;\"><span style=\"font-size: 14pt;\">06 de Julho (manh\u00e3)<\/span><\/p>\n<p style=\"text-align: justify;\"><span style=\"font-size: 14pt;\"><a class=\"thumbnail\" title=\"\" href=\"https:\/\/farol.mpal.mp.br\/images\/stories\/noticias\/2015\/Maio\/bruno.jpg\" target=\"_blank\" rel=\"lightbox[2289] noopener\"><img loading=\"lazy\" decoding=\"async\" src=\"https:\/\/farol.mpal.mp.br\/images\/thumbnails\/images\/stories\/noticias\/2015\/Maio\/bruno-150x88.jpg\" width=\"150\" height=\"88\" border=\"0\" \/><\/a><\/span><\/p>\n<p style=\"text-align: justify;\"><span style=\"font-size: 14pt;\">8h30 \u00e0s 12h &#8211; Quarta Palestra Tema: Pris\u00e3o e medidas cautelares substitutivas<\/span><\/p>\n<p style=\"text-align: justify;\"><span style=\"font-size: 14pt;\">Facilitador:<strong>\u00a0Bruno Vasconcelos Barros<\/strong><\/span><\/p>\n<p style=\"text-align: justify;\"><span style=\"font-size: 14pt;\">Advogado Criminalista com 15 anos de atua\u00e7\u00e3o na \u00e1rea; Mestre em Direito P\u00fablico pela UFAL; Especialista em Direito Constitucional pelo Cesmac;Professor de Direito Penal e Processo Penal em diversos programas de gradua\u00e7\u00e3o e p\u00f3s-gradua\u00e7\u00e3o; Autor de livros e artigos, Membro da JRC Law Society.<\/span><\/p>\n<p style=\"text-align: justify;\"><span style=\"font-size: 14pt;\">13 de Julho (manh\u00e3)<\/span><\/p>\n<p style=\"text-align: justify;\"><span style=\"font-size: 14pt;\"><a class=\"thumbnail\" title=\"\" href=\"https:\/\/farol.mpal.mp.br\/images\/stories\/noticias\/2015\/Maio\/alfredo.jpg\" target=\"_blank\" rel=\"lightbox[2289] noopener\"><img loading=\"lazy\" decoding=\"async\" src=\"https:\/\/farol.mpal.mp.br\/images\/thumbnails\/images\/stories\/noticias\/2015\/Maio\/alfredo-150x88.jpg\" width=\"150\" height=\"88\" border=\"0\" \/><\/a><\/span><\/p>\n<p style=\"text-align: justify;\"><span style=\"font-size: 14pt;\">8h30 \u00e0s 12h &#8211; Quinta Palestra Tema: Provas il\u00edcitas<\/span><\/p>\n<p style=\"text-align: justify;\"><span style=\"font-size: 14pt;\"><strong>Alfredo Oliveira<\/strong><\/span><\/p>\n<p style=\"text-align: justify;\"><span style=\"font-size: 14pt;\">Promotor de Justi\u00e7a Inativo; Professor de Direito Penal e Processual Penal do Cesmac; Ex-professor da Escola Superior da Magistratura do Estado de Alagoas; Ex-professor da Universidade Federal de Alagoas; Ex-professor da Universidade Integrada Tiradentes (Unit).<\/span><\/p>\n<p style=\"text-align: justify;\"><span style=\"font-size: 14pt;\">Convidado especial:<\/span><\/p>\n<p style=\"text-align: justify;\"><span style=\"font-size: 14pt;\"><a class=\"thumbnail\" title=\"\" href=\"https:\/\/farol.mpal.mp.br\/images\/stories\/noticias\/2015\/Maio\/gilberto-giacoia.jpg\" target=\"_blank\" rel=\"lightbox[2289] noopener\"><img loading=\"lazy\" decoding=\"async\" src=\"https:\/\/farol.mpal.mp.br\/images\/thumbnails\/images\/stories\/noticias\/2015\/Maio\/gilberto-giacoia-150x88.jpg\" width=\"150\" height=\"88\" border=\"0\" \/><\/a><\/span><\/p>\n<p style=\"text-align: justify;\"><span style=\"font-size: 14pt;\">P\u00f3s-Doutor\u00a0<strong>Gilberto Giacoia<\/strong>, Procurador-Geral de Justi\u00e7a do Minist\u00e9rio P\u00fablico do Paran\u00e1<\/span><\/p>\n<p style=\"text-align: justify;\"><span style=\"font-size: 14pt;\">Graduado em Direito pela Faculdade Estadual de Direito do Norte Pioneiro (1979). Doutor em Direito pela Universidade de S\u00e3o Paulo (1995). Tamb\u00e9m possui P\u00f3s-doutorados pelas Universidade de Coimbra e Universidade de Barcelona. Atualmente \u00e9 Professor associado da Universidade Estadual do Paran\u00e1 e procurador de justi\u00e7a do Minist\u00e9rio P\u00fablico do Estado do Paran\u00e1. Tem experi\u00eancia na \u00e1rea de Direito, com \u00eanfase em Direito Penal, atuando principalmente nos seguintes temas: direitos humanos, justi\u00e7a, direitos fundamentais, dignidade e direito.<\/span><\/p>\n","protected":false},"excerpt":{"rendered":"<p> [&hellip;]<\/p>\n","protected":false},"author":4,"featured_media":13688,"comment_status":"open","ping_status":"open","sticky":false,"template":"","format":"standard","meta":{"om_disable_all_campaigns":false,"_monsterinsights_skip_tracking":false,"_monsterinsights_sitenote_active":false,"_monsterinsights_sitenote_note":"","_monsterinsights_sitenote_category":0,"_uf_show_specific_survey":0,"_uf_disable_surveys":false,"footnotes":""},"categories":[19,2],"tags":[],"class_list":["post-13687","post","type-post","status-publish","format-standard","has-post-thumbnail","hentry","category-not_esmp","category-not_mpal"],"aioseo_notices":[],"_links":{"self":[{"href":"https:\/\/www.mpal.mp.br\/index.php?rest_route=\/wp\/v2\/posts\/13687","targetHints":{"allow":["GET"]}}],"collection":[{"href":"https:\/\/www.mpal.mp.br\/index.php?rest_route=\/wp\/v2\/posts"}],"about":[{"href":"https:\/\/www.mpal.mp.br\/index.php?rest_route=\/wp\/v2\/types\/post"}],"author":[{"embeddable":true,"href":"https:\/\/www.mpal.mp.br\/index.php?rest_route=\/wp\/v2\/users\/4"}],"replies":[{"embeddable":true,"href":"https:\/\/www.mpal.mp.br\/index.php?rest_route=%2Fwp%2Fv2%2Fcomments&post=13687"}],"version-history":[{"count":2,"href":"https:\/\/www.mpal.mp.br\/index.php?rest_route=\/wp\/v2\/posts\/13687\/revisions"}],"predecessor-version":[{"id":13690,"href":"https:\/\/www.mpal.mp.br\/index.php?rest_route=\/wp\/v2\/posts\/13687\/revisions\/13690"}],"wp:featuredmedia":[{"embeddable":true,"href":"https:\/\/www.mpal.mp.br\/index.php?rest_route=\/wp\/v2\/media\/13688"}],"wp:attachment":[{"href":"https:\/\/www.mpal.mp.br\/index.php?rest_route=%2Fwp%2Fv2%2Fmedia&parent=13687"}],"wp:term":[{"taxonomy":"category","embeddable":true,"href":"https:\/\/www.mpal.mp.br\/index.php?rest_route=%2Fwp%2Fv2%2Fcategories&post=13687"},{"taxonomy":"post_tag","embeddable":true,"href":"https:\/\/www.mpal.mp.br\/index.php?rest_route=%2Fwp%2Fv2%2Ftags&post=13687"}],"curies":[{"name":"wp","href":"https:\/\/api.w.org\/{rel}","templated":true}]}}