{"id":13677,"date":"2015-06-02T10:38:17","date_gmt":"2015-06-02T13:38:17","guid":{"rendered":"https:\/\/www.mpal.mp.br\/?p=13677"},"modified":"2022-07-26T10:41:45","modified_gmt":"2022-07-26T13:41:45","slug":"asplage-e-esmp-realizam-capacitacao-em-gestao-estrategica-pelo-cnmp-com-apoio-da-ampal","status":"publish","type":"post","link":"https:\/\/www.mpal.mp.br\/?p=13677","title":{"rendered":"Asplage e ESMP realizam capacita\u00e7\u00e3o em Gest\u00e3o Estrat\u00e9gica pelo CNMP com apoio da Ampal"},"content":{"rendered":"<p style=\"text-align: justify;\"><span style=\"font-size: 14pt;\">A Assessoria de Planejamento Estrat\u00e9gico (Asplage), em parceria com a Escola Superior do Minist\u00e9rio P\u00fablico do Estado de Alagoas (ESMP), realiza nos dias 11 e 12 de junho, na sede do Minist\u00e9rio P\u00fablico do Estado de Alagoas, o Semin\u00e1rio de Capacita\u00e7\u00e3o em Gest\u00e3o Estrat\u00e9gica pelo Conselho Nacional do Minist\u00e9rio P\u00fablico (CNMP), com o objetivo de capacitar os membros, servidores e estagi\u00e1rios sobre a necessidade e import\u00e2ncia do foco em a\u00e7\u00f5es estrat\u00e9gicas para todas as \u00e1reas de atua\u00e7\u00e3o do Minist\u00e9rio P\u00fablico Estadual (MPE\/AL). O evento conta com o apoio da Associa\u00e7\u00e3o do Minist\u00e9rio P\u00fablico (Ampal).<\/span><\/p>\n<p style=\"text-align: justify;\"><span style=\"font-size: 14pt;\">De acordo com a coordenadora da Asplage do MPE\/AL, a promotora de Justi\u00e7a Stela Val\u00e9ria Soares, a gest\u00e3o estrat\u00e9gica \u00e9 um processo cont\u00ednuo e interativo que visa auxiliar a administra\u00e7\u00e3o no gerenciamento da organiza\u00e7\u00e3o.<\/span><\/p>\n<p style=\"text-align: justify;\"><span style=\"font-size: 14pt;\">&#8220;A gest\u00e3o estrat\u00e9gica cuida desde o planejamento at\u00e9 o monitoramento e avalia\u00e7\u00e3o da estrat\u00e9gia, pilares fundamentais para o desenvolvimento da organiza\u00e7\u00e3o. Ela permite a realiza\u00e7\u00e3o dos levantamentos das situa\u00e7\u00f5es atuais da institui\u00e7\u00e3o, possibilitando a avalia\u00e7\u00e3o da exist\u00eancia e da adequa\u00e7\u00e3o das estrat\u00e9gias vigentes, bem como se estas est\u00e3o oferecendo os resultados esperados.\u00a0Por isso, \u00e9 importante que todos participem, pois somos respons\u00e1veis para que os objetivos propostos se concretizem&#8221;, explica a coordenadora.<\/span><\/p>\n<p style=\"text-align: justify;\"><span style=\"font-size: 14pt;\">Ratificando a import\u00e2ncia da capacita\u00e7\u00e3o, o diretor da ESMP, Eduardo Tavares Mendes, refor\u00e7a o convite para que haja uma participa\u00e7\u00e3o expressiva de membros e servidores.<\/span><\/p>\n<p style=\"text-align: justify;\"><span style=\"font-size: 14pt;\">&#8220;Como diretor da Escola s\u00f3 posso conclamar os membros e servidores a participarem desse momento \u00edmpar que \u00e9 a capacita\u00e7\u00e3o em Gest\u00e3o Estrat\u00e9gica, que ser\u00e1 realizada por profissionais extremamente competentes e que integram o Conselho Nacional do Minist\u00e9rio P\u00fablico. Uma institui\u00e7\u00e3o que atua em prol do cidad\u00e3o, executando a fiscaliza\u00e7\u00e3o administrativa, financeira e disciplinar dos Minist\u00e9rios P\u00fablicos de todo o Brasil e de seus membros. Uma \u00a0institui\u00e7\u00e3o que visa o fortalecimento do Minist\u00e9rio P\u00fablico no Brasil, a partir da constru\u00e7\u00e3o de uma agenda estrat\u00e9gica capaz de alinhar aos ramos do MP em torno de objetivos comuns, com foco na melhoria dos servi\u00e7os prestados \u00e0 sociedade. \u00c9 indispens\u00e1vel a participa\u00e7\u00e3o de todos, pois a gest\u00e3o estrat\u00e9gica contribui para a maior efici\u00eancia do Minist\u00e9rio P\u00fablico&#8221;, argumentou o promotor.<\/span><\/p>\n<p style=\"text-align: justify;\"><span style=\"font-size: 14pt;\">Como miss\u00e3o estrat\u00e9gica, o CNMP defende a ordem jur\u00eddica, o regime democr\u00e1tico e os interesses sociais e individuais indispon\u00edveis para a concretiza\u00e7\u00e3o dos valores democr\u00e1ticos e da cidadania, tendo a vis\u00e3o de ter a institui\u00e7\u00e3o, Minist\u00e9rio P\u00fablico, reconhecida como transformadora da realidade social e essencial \u00e0 preserva\u00e7\u00e3o da ordem jur\u00eddica e da democracia.<\/span><\/p>\n<p style=\"text-align: justify;\"><span style=\"font-size: 14pt;\">O primeiro momento do evento, que acontecer\u00e1 no dia 11\/06, quinta-feira, das 9h \u00e0s 12h,\u00a0na Sala dos \u00d3rg\u00e3os Colegiados,\u00a0ter\u00e1 como p\u00fablico espec\u00edfico os procuradores de Justi\u00e7a. Nessa ocasi\u00e3o, dois temas ser\u00e3o debatidos. O conselheiro, e\u00a0presidente da Comiss\u00e3o de Planejamento Estrat\u00e9gico do\u00a0CNMP, Cl\u00e1udio \u00a0Henrique Portela do Rego vai discorrer sobre a Parceria Estrat\u00e9gica: o CNMP e o Minist\u00e9rio P\u00fablico do Estado de Alagoas, j\u00e1 os representantes da Asplage v\u00e3o tratar sobre as\u00a0\u00c1reas de atua\u00e7\u00e3o da Asplage: Gest\u00e3o estrat\u00e9gica, Escrit\u00f3rio de Projetos Estrat\u00e9gicos e Escrit\u00f3rio de Gerenciamento de Processos de Atividades.<\/span><\/p>\n<p style=\"text-align: justify;\"><span style=\"font-size: 14pt;\">Ainda no dia 11, s\u00f3 que voltado para todo o p\u00fablico interno do MPE\/AL, ocorrer\u00e3o, no audit\u00f3rio da Procuradoria Geral de Justi\u00e7a, quatro palestras. \u00a0A primeira dela, tamb\u00e9m tendo como facilitar o conselheiro Cl\u00e1udio Portela, ser\u00e1 sobre\u00a0Controle, Integra\u00e7\u00e3o e Fortalecimento do Minist\u00e9rio P\u00fablico brasileiro. Em seguida, ocorrer\u00e1 a palestra Gest\u00e3o do Conhecimento, que ser\u00e1 proferida pelo \u00a0promotor de Justi\u00e7a do Minist\u00e9rio P\u00fablico do Distrito Federal e Territ\u00f3rios (MPDFT), Lu\u00eds Gustavo Maia Lima, que tamb\u00e9m \u00e9 membro-auxiliar da Comiss\u00e3o de Planejamento Estrat\u00e9gico do CNMP. Dando continuidade a esta tarde de qualifica\u00e7\u00e3o, o promotor de Justi\u00e7a do MPDFT F\u00e1bio Barros de Matos, ministrar\u00e1 sobre as Tabelas Unificadas do Minist\u00e9rio P\u00fablico. J\u00e1 o promotor de Justi\u00e7a do MP de Minas Gerais, Jairo Cruz Moreira, falar\u00e1 sobre o F\u00f3rum Nacional de Gest\u00e3o. Estes promotores tamb\u00e9m s\u00e3o\u00a0membros-colaboradores da Comiss\u00e3o de Planejamento Estrat\u00e9gico do CNMP,<\/span><\/p>\n<p style=\"text-align: justify;\"><span style=\"font-size: 14pt;\">Na sexta-feira (12), pela manh\u00e3, a programa\u00e7\u00e3o inicia com a palestra sobre A\u00e7\u00e3o Nacional: multiplicando a Estrat\u00e9gia, que ter\u00e1 como facilitadora a Procuradora do Trabalho, Ludmila Reis Brito Lopes, que \u00e9 membro-auxiliar da Comiss\u00e3o de Planejamento Estrat\u00e9gico do CNMP. Logo em seguida a assessora de Planejamento e Gest\u00e3o Integrada do Minist\u00e9rio P\u00fablico do Esp\u00edrito Santo, P\u00e2mella Queiroz Werneck, discorrer\u00e1 sobre Gest\u00e3o por Processos no Minist\u00e9rio P\u00fablico Brasileiro e o assessor de Planejamento da Comiss\u00e3o de Planejamento Estrat\u00e9gico do CNMP, Rog\u00e9rio Carneiro Paes ministrar\u00e1 sobre Metas e Indicadores.<\/span><\/p>\n<p style=\"text-align: justify;\"><span style=\"font-size: 14pt;\">Para finalizar a capacita\u00e7\u00e3o, no per\u00edodo da tarde, a coordenadora da Asplage, \u00a0Stela Val\u00e9ria Soares e os servidores respons\u00e1veis pelas se\u00e7\u00f5es do Escrit\u00f3rio de Projetos e Escrit\u00f3rio de Processo, Renata Teixeira Cavalcante e Alyson Elvis Lima Balbino far\u00e3o uma explana\u00e7\u00e3o sobre as atividades desenvolvidas nas \u00e1reas de Gest\u00e3o Estrat\u00e9gica, Gerenciamento de Projetos e Processos de Atividades do MPE\/AL. Al\u00e9m disso, ser\u00e3o apresentados o Grupo de Trabalho de Combate \u00e0 Improbidade Administrativa, o Grupo de Trabalho de Defesa da Sa\u00fade P\u00fablica, a Fiscaliza\u00e7\u00e3o Preventiva Integrada \u2013 FPI S\u00e3o Francisco e, a Socioeduca\u00e7\u00e3o: lugar de adolescente \u00e9 em casa, projetos estrat\u00e9gicos desenvolvidos pelos membros e servidores do MPE\/AL.<\/span><\/p>\n<p style=\"text-align: justify;\"><span style=\"font-size: 14pt;\">Abaixo a programa\u00e7\u00e3o completa:<\/span><\/p>\n<p style=\"text-align: justify;\"><span style=\"font-size: 14pt;\"><strong>1\u00ba Dia (11\/06)<\/strong><\/span><\/p>\n<p style=\"text-align: justify;\"><span style=\"font-size: 14pt;\">Manh\u00e3<\/span><\/p>\n<p style=\"text-align: justify;\"><span style=\"font-size: 14pt;\">P\u00fablico:\u00a0Col\u00e9gio de Procuradores\u00a0Local:\u00a0Sala dos \u00d3rg\u00e3os Colegiados<\/span><\/p>\n<p style=\"text-align: justify;\"><span style=\"font-size: 14pt;\">9h &#8211; CL\u00c1UDIO HENRIQUE PORTELA DO REGO (Conselheiro Nacional, presidente da Comiss\u00e3o de Planejamento Estrat\u00e9gico do CNMP)<\/span><\/p>\n<p style=\"text-align: justify;\"><span style=\"font-size: 14pt;\"><strong>PALESTRA:\u00a0Parceria Estrat\u00e9gica: o CNMP e o Minist\u00e9rio P\u00fablico do Estado de Alagoas<\/strong><\/span><\/p>\n<p style=\"text-align: justify;\"><span style=\"font-size: 14pt;\">Contexto:\u00a0A Comiss\u00e3o de Planejamento Estrat\u00e9gico e o fortalecimento da parceria com o Minist\u00e9rio P\u00fablico do Estado de Alagoas. A\u00a0 import\u00e2ncia do apoio\/envolvimento\/participa\u00e7\u00e3o da Administra\u00e7\u00e3o Superior na\u00a0Gest\u00e3o Estrat\u00e9gica do MP\/AL. A import\u00e2ncia do apoio\/envolvimento\/participa\u00e7\u00e3o da Administra\u00e7\u00e3o Superior no F\u00f3rum Nacional de Gest\u00e3o.<\/span><\/p>\n<p style=\"text-align: justify;\"><span style=\"font-size: 14pt;\">9h30 &#8211; EQUIPE DA ASSESSORIA DE PLANEJAMENTO E GEST\u00c3O ESTRAT\u00c9GICA &#8211; ASPLAGE<\/span><\/p>\n<p style=\"text-align: justify;\"><span style=\"font-size: 14pt;\"><strong>APRESENTA\u00c7\u00c3O:\u00a0\u00c1REAS DE ATUA\u00c7\u00c3O DA ASPLAGE: Gest\u00e3o estrat\u00e9gica, Escrit\u00f3rio de Projetos Estrat\u00e9gicos e Escrit\u00f3rio de Gerenciamento de Processos de Atividades.<\/strong><\/span><\/p>\n<p style=\"text-align: justify;\"><span style=\"font-size: 14pt;\">Tarde<\/span><\/p>\n<p style=\"text-align: justify;\"><span style=\"font-size: 14pt;\">P\u00fablico:\u00a0Membros, Servidores e Estagi\u00e1rios \u00a0 \u00a0 \u00a0 \u00a0 \u00a0 \u00a0 \u00a0 \u00a0\u00a0Local:\u00a0Audit\u00f3rio PGJ<\/span><\/p>\n<p style=\"text-align: justify;\"><span style=\"font-size: 14pt;\">14h30 &#8211; CL\u00c1UDIO HENRIQUE PORTELA DO REGO (Conselheiro Nacional, presidente da Comiss\u00e3o de Planejamento Estrat\u00e9gico do CNMP)<\/span><\/p>\n<p style=\"text-align: justify;\"><span style=\"font-size: 14pt;\"><strong>PALESTRA:\u00a0Controle, Integra\u00e7\u00e3o e Fortalecimento do Minist\u00e9rio P\u00fablico brasileiro<\/strong><\/span><\/p>\n<p style=\"text-align: justify;\"><span style=\"font-size: 14pt;\">Contexto: Miss\u00e3o institucional e o papel do CNMP na constru\u00e7\u00e3o do futuro e no enfrentamento dos desafios do Minist\u00e9rio P\u00fablico brasileiro<\/span><\/p>\n<p style=\"text-align: justify;\"><span style=\"font-size: 14pt;\">15h &#8211; LU\u00cdS GUSTAVO MAIA LIMA<\/span><\/p>\n<p style=\"text-align: justify;\"><span style=\"font-size: 14pt;\">Promotor de Justi\u00e7a do MPDFT, membro-auxiliar da Comiss\u00e3o de Planejamento Estrat\u00e9gico do CNMP<\/span><\/p>\n<p style=\"text-align: justify;\"><span style=\"font-size: 14pt;\"><strong>PALESTRA:\u00a0Gest\u00e3o do Conhecimento<\/strong><\/span><\/p>\n<p style=\"text-align: justify;\"><span style=\"font-size: 14pt;\">Contexto: Evolu\u00e7\u00e3o do Planejamento Estrat\u00e9gico Nacional<\/span><\/p>\n<p style=\"text-align: justify;\"><span style=\"font-size: 14pt;\">15h30 \u2013 F\u00c1BIO BARROS DE MATOS<\/span><\/p>\n<p style=\"text-align: justify;\"><span style=\"font-size: 14pt;\">Promotor de Justi\u00e7a do MPDFT, membro-colaborador da Comiss\u00e3o de Planejamento Estrat\u00e9gico do CNMP<\/span><\/p>\n<p style=\"text-align: justify;\"><span style=\"font-size: 14pt;\"><strong>PALESTRA:\u00a0Tabelas Unificadas do Minist\u00e9rio P\u00fablico<\/strong><\/span><\/p>\n<p style=\"text-align: justify;\"><span style=\"font-size: 14pt;\">Contexto: Apresenta\u00e7\u00e3o do projeto das Tabelas Unificadas do Minist\u00e9rio P\u00fablico e dos seus modelos de implanta\u00e7\u00e3o<\/span><\/p>\n<p style=\"text-align: justify;\"><span style=\"font-size: 14pt;\">16h &#8211; JAIRO CRUZ MOREIRA<\/span><\/p>\n<p style=\"text-align: justify;\"><span style=\"font-size: 14pt;\">Promotor de Justi\u00e7a do MP\/MG, membro-colaborador\u00a0da Comiss\u00e3o de Planejamento Estrat\u00e9gico do CNMP<\/span><\/p>\n<p style=\"text-align: justify;\"><span style=\"font-size: 14pt;\"><strong>PALESTRA:\u00a0F\u00f3rum Nacional de Gest\u00e3o<\/strong><\/span><\/p>\n<p style=\"text-align: justify;\"><span style=\"font-size: 14pt;\">Contexto: A Gest\u00e3o Estrat\u00e9gica no Minist\u00e9rio P\u00fablico Brasileiro<\/span><\/p>\n<p style=\"text-align: justify;\"><span style=\"font-size: 14pt;\"><strong>2\u00ba Dia (12\/06)<\/strong><\/span><\/p>\n<p style=\"text-align: justify;\"><span style=\"font-size: 14pt;\">P\u00fablico:\u00a0Membros, servidores e estagi\u00e1rios\u00a0Local:\u00a0Audit\u00f3rio PGJ<\/span><\/p>\n<p style=\"text-align: justify;\"><span style=\"font-size: 14pt;\">Manh\u00e3<\/span><\/p>\n<p style=\"text-align: justify;\"><span style=\"font-size: 14pt;\">9h &#8211; LUDMILA REIS BRITO LOPES<\/span><\/p>\n<p style=\"text-align: justify;\"><span style=\"font-size: 14pt;\">Procuradora do Trabalho, membro-auxiliar da Comiss\u00e3o de Planejamento Estrat\u00e9gico do CNMP<\/span><\/p>\n<p style=\"text-align: justify;\"><span style=\"font-size: 14pt;\"><strong>PALESTRA:\u00a0\u00a0A\u00e7\u00e3o Nacional &#8211; Multiplicando a Estrat\u00e9gia<\/strong><\/span><\/p>\n<p style=\"text-align: justify;\"><span style=\"font-size: 14pt;\">Contexto: Apresenta\u00e7\u00e3o do Banco Nacional de Projetos, do Pr\u00eamio CNMP e da A\u00e7\u00e3o Nacional &#8212; Multiplicando a Estrat\u00e9gia<\/span><\/p>\n<p style=\"text-align: justify;\"><span style=\"font-size: 14pt;\">9h30 &#8211; P\u00c2MELLA QUEIROZ WERNECK<\/span><\/p>\n<p style=\"text-align: justify;\"><span style=\"font-size: 14pt;\">Assessora de Planejamento e Gest\u00e3o Integrada do Minist\u00e9rio P\u00fablico do Esp\u00edrito Santo<\/span><\/p>\n<p style=\"text-align: justify;\"><span style=\"font-size: 14pt;\"><strong>PALESTRA:\u00a0Gest\u00e3o por Processos no Minist\u00e9rio P\u00fablico Brasileiro<\/strong><\/span><\/p>\n<p style=\"text-align: justify;\"><span style=\"font-size: 14pt;\">Contexto:\u00a0Metodologia de Gest\u00e3o de Processos do Minist\u00e9rio P\u00fablico brasileiro e o Banco Nacional de Processos. Estudo de caso.<\/span><\/p>\n<p style=\"text-align: justify;\"><span style=\"font-size: 14pt;\">10h &#8211; ROG\u00c9RIO CARNEIRO PAES<\/span><\/p>\n<p style=\"text-align: justify;\"><span style=\"font-size: 14pt;\">Assessor de Planejamento da Comiss\u00e3o de Planejamento Estrat\u00e9gico do CNMP<\/span><\/p>\n<p style=\"text-align: justify;\"><span style=\"font-size: 14pt;\"><strong>PALESTRA:\u00a0Metas &amp; Indicadores<\/strong><\/span><\/p>\n<p style=\"text-align: justify;\"><span style=\"font-size: 14pt;\">Contexto: Mecanismos de monitoramento e acompanhamento de projetos. Estudo de caso.<\/span><\/p>\n<p style=\"text-align: justify;\"><span style=\"font-size: 14pt;\">Tarde<\/span><\/p>\n<p style=\"text-align: justify;\"><span style=\"font-size: 14pt;\">14h30 \u2013 ASSESSORIA DE PLANEJAMENTO E GEST\u00c3O ESTRAT\u00c9GICA<\/span><\/p>\n<p style=\"text-align: justify;\"><span style=\"font-size: 14pt;\">Dra. Stela Val\u00e9ria Soares, &#8211; Assessora de Planejamento e Gest\u00e3o Estrat\u00e9gica e servidores respons\u00e1veis pelas se\u00e7\u00f5es do Escrit\u00f3rio de Projetos e Escrit\u00f3rio de Processos \u2013 Renata Teixeira Cavalcante e Alyson Elvis Lima Balbino<\/span><\/p>\n<p style=\"text-align: justify;\"><span style=\"font-size: 14pt;\"><strong>Explana\u00e7\u00e3o acerca das atividades desenvolvidas nas \u00e1reas de Gest\u00e3o Estrat\u00e9gica, Gerenciamento de Projetos e Processos de Atividades<\/strong><\/span><\/p>\n<p style=\"text-align: justify;\"><span style=\"font-size: 14pt;\">15h15 &#8211;\u00a0<strong>PROJETOS ESTRAT\u00c9GICOS DO MPAL<\/strong><\/span><\/p>\n<p style=\"text-align: justify;\"><span style=\"font-size: 14pt;\">Grupo de Trabalho de Combate \u00e0 Improbidade Administrativa.<\/span><\/p>\n<p style=\"text-align: justify;\"><span style=\"font-size: 14pt;\">Grupo de Trabalho de Defesa da Sa\u00fade P\u00fablica.<\/span><\/p>\n<p style=\"text-align: justify;\"><span style=\"font-size: 14pt;\">Fiscaliza\u00e7\u00e3o Preventiva Integrada \u2013 FPI S\u00e3o Francisco.<\/span><\/p>\n<p style=\"text-align: justify;\"><span style=\"font-size: 14pt;\">Socioeduca\u00e7\u00e3o: lugar de adolescente \u00e9 em casa.<\/span><\/p>\n","protected":false},"excerpt":{"rendered":"<p> [&hellip;]<\/p>\n","protected":false},"author":4,"featured_media":7620,"comment_status":"open","ping_status":"open","sticky":false,"template":"","format":"standard","meta":{"om_disable_all_campaigns":false,"_monsterinsights_skip_tracking":false,"_monsterinsights_sitenote_active":false,"_monsterinsights_sitenote_note":"","_monsterinsights_sitenote_category":0,"_uf_show_specific_survey":0,"_uf_disable_surveys":false,"footnotes":""},"categories":[19,2],"tags":[],"class_list":["post-13677","post","type-post","status-publish","format-standard","has-post-thumbnail","hentry","category-not_esmp","category-not_mpal"],"aioseo_notices":[],"_links":{"self":[{"href":"https:\/\/www.mpal.mp.br\/index.php?rest_route=\/wp\/v2\/posts\/13677","targetHints":{"allow":["GET"]}}],"collection":[{"href":"https:\/\/www.mpal.mp.br\/index.php?rest_route=\/wp\/v2\/posts"}],"about":[{"href":"https:\/\/www.mpal.mp.br\/index.php?rest_route=\/wp\/v2\/types\/post"}],"author":[{"embeddable":true,"href":"https:\/\/www.mpal.mp.br\/index.php?rest_route=\/wp\/v2\/users\/4"}],"replies":[{"embeddable":true,"href":"https:\/\/www.mpal.mp.br\/index.php?rest_route=%2Fwp%2Fv2%2Fcomments&post=13677"}],"version-history":[{"count":3,"href":"https:\/\/www.mpal.mp.br\/index.php?rest_route=\/wp\/v2\/posts\/13677\/revisions"}],"predecessor-version":[{"id":13680,"href":"https:\/\/www.mpal.mp.br\/index.php?rest_route=\/wp\/v2\/posts\/13677\/revisions\/13680"}],"wp:featuredmedia":[{"embeddable":true,"href":"https:\/\/www.mpal.mp.br\/index.php?rest_route=\/wp\/v2\/media\/7620"}],"wp:attachment":[{"href":"https:\/\/www.mpal.mp.br\/index.php?rest_route=%2Fwp%2Fv2%2Fmedia&parent=13677"}],"wp:term":[{"taxonomy":"category","embeddable":true,"href":"https:\/\/www.mpal.mp.br\/index.php?rest_route=%2Fwp%2Fv2%2Fcategories&post=13677"},{"taxonomy":"post_tag","embeddable":true,"href":"https:\/\/www.mpal.mp.br\/index.php?rest_route=%2Fwp%2Fv2%2Ftags&post=13677"}],"curies":[{"name":"wp","href":"https:\/\/api.w.org\/{rel}","templated":true}]}}