{"id":13649,"date":"2015-07-20T10:18:30","date_gmt":"2015-07-20T13:18:30","guid":{"rendered":"https:\/\/www.mpal.mp.br\/?p=13649"},"modified":"2022-07-26T10:21:42","modified_gmt":"2022-07-26T13:21:42","slug":"provas-ilicitas-e-tema-de-palestra-promovida-pela-esmp","status":"publish","type":"post","link":"https:\/\/www.mpal.mp.br\/?p=13649","title":{"rendered":"&#8220;Provas Il\u00edcitas&#8221; \u00e9 tema de palestra promovida pela ESMP"},"content":{"rendered":"<p style=\"text-align: justify;\"><span style=\"font-size: 14pt;\">Para finalizar o curso \u201cAspectos Pol\u00eamicos do Direito Penal e Processual Penal\u201d, a Escola Superior do Minist\u00e9rio P\u00fablico (ESMP) promoveu, na manh\u00e3 desta segunda-feira (20), a palestra &#8220;Provas Il\u00edcitas\u2019, que despertou a intera\u00e7\u00e3o dos membros, servidores, estagi\u00e1rios e volunt\u00e1rios do Minist\u00e9rio P\u00fablico do Estado de Alagoas (MPE\/AL) que participaram da capacita\u00e7\u00e3o.<\/span><\/p>\n<p style=\"text-align: justify;\"><span style=\"font-size: 14pt;\">O tema provoca muitos debates no meio jur\u00eddico, por isso, ao discorrer sobre ele, o palestrante Alfredo Oliveira permitiu uma an\u00e1lise sobre a aceita\u00e7\u00e3o ou n\u00e3o da prova il\u00edcita no \u00e2mbito processual, mas tamb\u00e9m no constitucional, citando diversos exemplos de casos ocorridos no Brasil e, ainda, mostrando como outros pa\u00edses procedem.<\/span><\/p>\n<p style=\"text-align: justify;\"><span style=\"font-size: 14pt;\">O diretor da ESMP, procurador de Justi\u00e7a Eduardo Tavares, em seu pronunciamento, destacou o vasto conhecimento que o facilitador possui.<\/span><\/p>\n<p style=\"text-align: justify;\"><span style=\"font-size: 14pt;\">&#8220;Alfredo \u00e9 orgulho para a nossa institui\u00e7\u00e3o, um estudioso do Direito Penal e, por isso, ele ministra aulas magnas. De forma simples, consegue promover uma capacidade de conhecimento extraordin\u00e1rio&#8221;, exp\u00f4s o diretor.<\/span><\/p>\n<p style=\"text-align: justify;\"><span style=\"font-size: 14pt;\">O facilitador percorreu diversos assuntos dentro do tema, como \u00a0\u00f4nus da prova, natureza jur\u00eddica do Minist\u00e9rio P\u00fablico no processo penal, Prova il\u00edcita por viola\u00e7\u00e3o da garantia de n\u00e3o ser obrigado \u00e0 autoincrimina\u00e7\u00e3o, por viola\u00e7\u00e3o do domic\u00edlio, \u00a0por viola\u00e7\u00e3o da correspond\u00eancia, das comunica\u00e7\u00f5es telef\u00f4nicas, por viola\u00e7\u00e3o de grava\u00e7\u00e3o ambiental, por deriva\u00e7\u00e3o e, ainda, sobre o princ\u00edpio da proporcionalidade e o encontro fortuito de provas.<\/span><\/p>\n<p style=\"text-align: justify;\"><span style=\"font-size: 14pt;\">Segunda a promotora de Justi\u00e7a Karla Padilha, um estudiosa do tema Direito Penal, portanto, refer\u00eancia no assunto, o curso foi uma feliz e importante iniciativa da Escola.<\/span><\/p>\n<p style=\"text-align: justify;\"><span style=\"font-size: 14pt;\">\u201cA palestra de hoje permitiu a discuss\u00e3o de um tema que parece simples e corriqueiro, por\u00e9m, por meio dela, estamos tendo a oportunidade de tratar o tema com profundidade. Ela fez com que a gente busque ter um olhar al\u00e9m, que a gente busque novos caminhos a percorrer dentro do Direito Penal. O professor tem uma facilidade de simplificar um assunto complexo, de extrema relev\u00e2ncia, permitindo que a gente construa novas ideias e perspectivas e, assim, consiga uma atua\u00e7\u00e3o mais eficiente perante a sociedade\u201d, destacou a promotora.<\/span><\/p>\n<p style=\"text-align: justify;\"><span style=\"font-size: 14pt;\">Ratificando e valorizando o tema, o analista jur\u00eddico M\u00e1rcio Reis considerou que a abordagem do palestrante foi bem estrat\u00e9gica e esclarecedora.<\/span><\/p>\n<p style=\"text-align: justify;\"><span style=\"font-size: 14pt;\">\u201cUma oportunidade \u00edmpar a palestra do professor Alfredo. O assunto \u00e9 muito relevante, j\u00e1 que traz muitas controv\u00e9rsias entre os estudiosos como, por exemplo, na proposta do Minist\u00e9rio P\u00fablico Federal para flexibilidade da admissibilidade da prova il\u00edcita\u201d, refor\u00e7ou o analista.<\/span><\/p>\n<p style=\"text-align: justify;\"><span style=\"font-size: 14pt;\">A palestra j\u00e1 motivou a participa\u00e7\u00e3o em novos cursos oferecidos pela ESMP. \u201cA capacita\u00e7\u00e3o foi t\u00e3o enriquecedora para a forma\u00e7\u00e3o dos participantes, que j\u00e1 estou ansiosa para as pr\u00f3ximas palestras\u201d, disse a servidora Fernanda Calixto.<\/span><\/p>\n<p style=\"text-align: justify;\"><span style=\"font-size: 14pt;\">Al\u00e9m do p\u00fablico interno do MPE\/AL, estudantes do 5\u00ba per\u00edodo de Direito do Cesmac estiveram presentes.<\/span><\/p>\n<p style=\"text-align: justify;\"><span style=\"font-size: 14pt;\">\u201cAprendi muito sobre o tema, foi uma oportunidade muito boa\u201d, disse Carol Canuto, discente da referida institui\u00e7\u00e3o de ensino superior.<\/span><\/p>\n","protected":false},"excerpt":{"rendered":"<p> [&hellip;]<\/p>\n","protected":false},"author":4,"featured_media":13650,"comment_status":"open","ping_status":"open","sticky":false,"template":"","format":"standard","meta":{"om_disable_all_campaigns":false,"_monsterinsights_skip_tracking":false,"_monsterinsights_sitenote_active":false,"_monsterinsights_sitenote_note":"","_monsterinsights_sitenote_category":0,"_uf_show_specific_survey":0,"_uf_disable_surveys":false,"footnotes":""},"categories":[19,2],"tags":[],"class_list":["post-13649","post","type-post","status-publish","format-standard","has-post-thumbnail","hentry","category-not_esmp","category-not_mpal"],"aioseo_notices":[],"_links":{"self":[{"href":"https:\/\/www.mpal.mp.br\/index.php?rest_route=\/wp\/v2\/posts\/13649","targetHints":{"allow":["GET"]}}],"collection":[{"href":"https:\/\/www.mpal.mp.br\/index.php?rest_route=\/wp\/v2\/posts"}],"about":[{"href":"https:\/\/www.mpal.mp.br\/index.php?rest_route=\/wp\/v2\/types\/post"}],"author":[{"embeddable":true,"href":"https:\/\/www.mpal.mp.br\/index.php?rest_route=\/wp\/v2\/users\/4"}],"replies":[{"embeddable":true,"href":"https:\/\/www.mpal.mp.br\/index.php?rest_route=%2Fwp%2Fv2%2Fcomments&post=13649"}],"version-history":[{"count":1,"href":"https:\/\/www.mpal.mp.br\/index.php?rest_route=\/wp\/v2\/posts\/13649\/revisions"}],"predecessor-version":[{"id":13651,"href":"https:\/\/www.mpal.mp.br\/index.php?rest_route=\/wp\/v2\/posts\/13649\/revisions\/13651"}],"wp:featuredmedia":[{"embeddable":true,"href":"https:\/\/www.mpal.mp.br\/index.php?rest_route=\/wp\/v2\/media\/13650"}],"wp:attachment":[{"href":"https:\/\/www.mpal.mp.br\/index.php?rest_route=%2Fwp%2Fv2%2Fmedia&parent=13649"}],"wp:term":[{"taxonomy":"category","embeddable":true,"href":"https:\/\/www.mpal.mp.br\/index.php?rest_route=%2Fwp%2Fv2%2Fcategories&post=13649"},{"taxonomy":"post_tag","embeddable":true,"href":"https:\/\/www.mpal.mp.br\/index.php?rest_route=%2Fwp%2Fv2%2Ftags&post=13649"}],"curies":[{"name":"wp","href":"https:\/\/api.w.org\/{rel}","templated":true}]}}