{"id":13646,"date":"2015-07-22T10:07:22","date_gmt":"2015-07-22T13:07:22","guid":{"rendered":"https:\/\/www.mpal.mp.br\/?p=13646"},"modified":"2022-07-26T10:18:24","modified_gmt":"2022-07-26T13:18:24","slug":"mpe-al-realiza-debate-sobre-a-situacao-do-rio-sao-francisco","status":"publish","type":"post","link":"https:\/\/www.mpal.mp.br\/?p=13646","title":{"rendered":"MPE\/AL realiza debate sobre a situa\u00e7\u00e3o do Rio S\u00e3o Francisco"},"content":{"rendered":"<p style=\"text-align: justify;\"><span style=\"font-size: 14pt;\">O Minist\u00e9rio P\u00fablico do Estado de Alagoas (MPE\/AL) realiza na pr\u00f3xima segunda-feira (27), com in\u00edcio \u00e0s 8h30, no audit\u00f3rio de sua sede no Po\u00e7o, um debate sobre a situa\u00e7\u00e3o do Rio S\u00e3o Francisco.<\/span><\/p>\n<p style=\"text-align: justify;\"><span style=\"font-size: 14pt;\">Promovido pela Escola Superior da institui\u00e7\u00e3o (ESMP), em parceria com o N\u00facleo do Meio Ambiente, o evento denominado \u201cSOS Velho Chico\u201d visa chamar a aten\u00e7\u00e3o da sociedade e contribuir na fomenta\u00e7\u00e3o de ideias que possam propiciar solu\u00e7\u00f5es para a realidade enfrentada por esse patrim\u00f4nio ambiental que passa por cinco Estados e diversos munic\u00edpios.<\/span><\/p>\n<p style=\"text-align: justify;\"><span style=\"font-size: 14pt;\">O diretor da ESMP, o procurador de Justi\u00e7a Eduardo Tavares Mendes, \u00e9 um defensor e amante do Rio, por isso dedica o seu blog (ducamendes.blogspot.com) para ele, onde discorre sobre hist\u00f3rias, fatos, necessidades e desafios . Ele que \u00e9 natural de Traipu, um dos munic\u00edpios que fica \u00e0s margens do Rio S\u00e3o Francisco.<\/span><\/p>\n<p style=\"text-align: justify;\"><span style=\"font-size: 14pt;\">\u201cN\u00e3o podemos deixar um patrim\u00f4nio que \u00e9 nosso morrer. Sempre fui e sou encantado pela beleza do Rio. Sou um verdadeiro apaixonado por suas belezas e, v\u00ea-lo nessa situa\u00e7\u00e3o gritante me angustia e aumenta a minha necessidade de despertar a aten\u00e7\u00e3o de todos em prol de solu\u00e7\u00f5es. H\u00e1 anos escrevo sobre o Velho Chico e me dedico a conhec\u00ea-lo. Ele que sempre foi um rio de grande import\u00e2ncia econ\u00f4mica, social e cultural para os estados que percorre, por meio de suas \u00e1guas diversas regi\u00f5es se integram e os lugares \u00e1ridos s\u00e3o irrigados. E agora?\u201d, exp\u00f4s o diretor.<\/span><\/p>\n<p style=\"text-align: justify;\"><span style=\"font-size: 14pt;\">O evento pretende reunir prefeitos ribeirinhos, representantes de \u00f3rg\u00e3os ambientais, membros, servidores, estagi\u00e1rios e volunt\u00e1rios do MPE\/AL, estudantes do Ensino Superior das mais diversas \u00e1reas, jornalistas, e, ainda, outros especialistas e interessados no assunto. Para o debate j\u00e1 se tem presen\u00e7a confirmada do deputado In\u00e1cio Loiola e do prefeito de Aracaju Jo\u00e3o Alves Filho.<\/span><\/p>\n<p style=\"text-align: justify;\"><span style=\"font-size: 14pt;\">\u201cConvidamos a todos aqueles que se importam, ou melhor, que entendem a import\u00e2ncia do Rio S\u00e3o Francisco a participarem desse debate. \u00c9 muito importante que nos unamos em defesa desse bem que \u00e9 nosso, que possamos contribuir para que ele viva, pois ele grita e pede socorro.\u00a0O estado de degrada\u00e7\u00e3o em que o rio se encontra \u00e9 reflexo da maneira como os seus recursos naturais est\u00e3o sendo administrados, fruto do descuido e da irresponsabilidade&#8221;, destacou o\u00a0diretor.<\/span><\/p>\n<p style=\"text-align: justify;\"><span style=\"font-size: 14pt;\">O MPE\/AL realizar\u00e1 outro evento para tratar do tema em setembro com a presen\u00e7a de outras autoridades pol\u00edticas, de cunho nacional.<\/span><\/p>\n","protected":false},"excerpt":{"rendered":"<p> [&hellip;]<\/p>\n","protected":false},"author":4,"featured_media":13647,"comment_status":"open","ping_status":"open","sticky":false,"template":"","format":"standard","meta":{"om_disable_all_campaigns":false,"_monsterinsights_skip_tracking":false,"_monsterinsights_sitenote_active":false,"_monsterinsights_sitenote_note":"","_monsterinsights_sitenote_category":0,"_uf_show_specific_survey":0,"_uf_disable_surveys":false,"footnotes":""},"categories":[19,2],"tags":[],"class_list":["post-13646","post","type-post","status-publish","format-standard","has-post-thumbnail","hentry","category-not_esmp","category-not_mpal"],"aioseo_notices":[],"_links":{"self":[{"href":"https:\/\/www.mpal.mp.br\/index.php?rest_route=\/wp\/v2\/posts\/13646","targetHints":{"allow":["GET"]}}],"collection":[{"href":"https:\/\/www.mpal.mp.br\/index.php?rest_route=\/wp\/v2\/posts"}],"about":[{"href":"https:\/\/www.mpal.mp.br\/index.php?rest_route=\/wp\/v2\/types\/post"}],"author":[{"embeddable":true,"href":"https:\/\/www.mpal.mp.br\/index.php?rest_route=\/wp\/v2\/users\/4"}],"replies":[{"embeddable":true,"href":"https:\/\/www.mpal.mp.br\/index.php?rest_route=%2Fwp%2Fv2%2Fcomments&post=13646"}],"version-history":[{"count":1,"href":"https:\/\/www.mpal.mp.br\/index.php?rest_route=\/wp\/v2\/posts\/13646\/revisions"}],"predecessor-version":[{"id":13648,"href":"https:\/\/www.mpal.mp.br\/index.php?rest_route=\/wp\/v2\/posts\/13646\/revisions\/13648"}],"wp:featuredmedia":[{"embeddable":true,"href":"https:\/\/www.mpal.mp.br\/index.php?rest_route=\/wp\/v2\/media\/13647"}],"wp:attachment":[{"href":"https:\/\/www.mpal.mp.br\/index.php?rest_route=%2Fwp%2Fv2%2Fmedia&parent=13646"}],"wp:term":[{"taxonomy":"category","embeddable":true,"href":"https:\/\/www.mpal.mp.br\/index.php?rest_route=%2Fwp%2Fv2%2Fcategories&post=13646"},{"taxonomy":"post_tag","embeddable":true,"href":"https:\/\/www.mpal.mp.br\/index.php?rest_route=%2Fwp%2Fv2%2Ftags&post=13646"}],"curies":[{"name":"wp","href":"https:\/\/api.w.org\/{rel}","templated":true}]}}