{"id":13642,"date":"2012-07-02T10:04:58","date_gmt":"2012-07-02T13:04:58","guid":{"rendered":"https:\/\/www.mpal.mp.br\/?p=13642"},"modified":"2022-07-26T10:20:02","modified_gmt":"2022-07-26T13:20:02","slug":"ggi-estadual-passa-a-funcionar-na-area-estrategica-e-operacional","status":"publish","type":"post","link":"https:\/\/www.mpal.mp.br\/?p=13642","title":{"rendered":"GGI Estadual passa a funcionar na \u00e1rea estrat\u00e9gica e operacional"},"content":{"rendered":"<p style=\"text-align: justify;\"><span style=\"font-size: 14pt;\">Dentro do elenco de a\u00e7\u00f5es do Plano Brasil Mais Seguro em Alagoas est\u00e1 inclu\u00eddo o novo Gabinete de Gest\u00e3o Integrada de Seguran\u00e7a P\u00fablica Estadual (GGI-E). Com atua\u00e7\u00e3o estrat\u00e9gica e operacional, o colegiado passa a ser um f\u00f3rum deliberativo e executivo que ir\u00e1 colaborar na \u00e1rea de preven\u00e7\u00e3o social da criminalidade e de uma cultura de paz.<\/span><\/p>\n<p style=\"text-align: justify;\"><span style=\"font-size: 14pt;\">No Pacto de Redu\u00e7\u00e3o da Viol\u00eancia, firmado entre o Governo do Estado e o Minist\u00e9rio da Justi\u00e7a, ficou estabelecida a atua\u00e7\u00e3o permanente do colegiado, com o objetivo de ajudar na implementa\u00e7\u00e3o de a\u00e7\u00f5es visando \u00e0 redu\u00e7\u00e3o da criminalidade, principalmente, dos homic\u00eddios. Publicado no Di\u00e1rio Oficial desta quinta-feira (28), o decreto disp\u00f5e sobre a nova organiza\u00e7\u00e3o do GGI-E.<\/span><\/p>\n<p style=\"text-align: justify;\"><span style=\"font-size: 14pt;\">Na sua estrutura organizacional, o \u00f3rg\u00e3o possui membros natos estrat\u00e9gicos, membros convidados, membros natos operacionais, especialistas convidados, grupos tem\u00e1ticos e uma secretaria executiva. S\u00e3o membros natos estrat\u00e9gicos, o governador do Estado (Teotonio Vilela), os presidentes do Tribunal de Justi\u00e7a e da Assembleia Legislativa, Procurador-Geral de Justi\u00e7a, Superintendente da Ag\u00eancia Brasileira de Intelig\u00eancia em Alagoas e um representante da Secretaria Nacional de Seguran\u00e7a P\u00fablica (Senasp), do Minist\u00e9rio da Justi\u00e7a. Pelo novo organograma, o governador exercer\u00e1 as fun\u00e7\u00f5es de Coordenador Geral do GGI-E e o representante da Senasp atuar\u00e1 como mediador, facilitando a comunica\u00e7\u00e3o, articula\u00e7\u00e3o e o alcance dos objetivos do colegiado junto ao Minist\u00e9rio da Justi\u00e7a.<\/span><\/p>\n<p style=\"text-align: justify;\"><span style=\"font-size: 14pt;\">Atuando na parte estrat\u00e9gica em sincronia com o Conselho Estadual de Seguran\u00e7a P\u00fablica, o GGI passa a funcionar como \u00f3rg\u00e3o de articula\u00e7\u00e3o e integra\u00e7\u00e3o vinculado \u00e0 Defesa Social. No n\u00edvel operacional, o colegiado atuar\u00e1 com os \u00f3rg\u00e3os de gest\u00e3o da informa\u00e7\u00e3o e de intelig\u00eancia. \u201cCom a nova formata\u00e7\u00e3o do Gabinete de Gest\u00e3o Integrada, \u00e9 importante ressaltar que o \u00f3rg\u00e3o atuar\u00e1 por consenso; ou seja, qualquer proposta ou medida apreciada ter\u00e1 que ser aprovada por unanimidade\u201d, disse o coordenador de Planejamento Estrutural da Seds, coronel Marco Vinic\u00edus.<\/span><\/p>\n<p style=\"text-align: justify;\"><span style=\"font-size: 14pt;\">Segundo ele, a opera\u00e7\u00e3o de Lei Seca ser\u00e1 o primeiro tema a ser apreciado pelo GGI-E, que fica respons\u00e1vel pela sua operacionaliza\u00e7\u00e3o antes da medida ser colocada em pr\u00e1tica. A campanha faz parte das a\u00e7\u00f5es do Plano Nacional de Seguran\u00e7a e ser\u00e1 realizada em car\u00e1ter permanente, envolvendo diversos \u00f3rg\u00e3os estaduais.<\/span><\/p>\n<p style=\"text-align: justify;\"><span style=\"font-size: 14pt;\">De acordo com o decreto governamental, a atua\u00e7\u00e3o do GGI-E ser\u00e1 fundamentada em tr\u00eas linhas de a\u00e7\u00e3o: o incremento da integra\u00e7\u00e3o entre os \u00f3rg\u00e3os da \u00e1rea de seguran\u00e7a p\u00fablica e do sistema de justi\u00e7a criminal; implanta\u00e7\u00e3o do planejamento estrat\u00e9gico das a\u00e7\u00f5es e na constitui\u00e7\u00e3o da informa\u00e7\u00e3o como principal ferramenta dos agentes de seguran\u00e7a p\u00fablica.<\/span><\/p>\n<p style=\"text-align: justify;\"><span style=\"font-size: 14pt;\">S\u00e3o atribui\u00e7\u00f5es do GGI a articula\u00e7\u00e3o de informa\u00e7\u00f5es, a\u00e7\u00f5es e iniciativas de forma a tornar mais \u00e1gil e eficaz a comunica\u00e7\u00e3o entre os \u00f3rg\u00e3os de seguran\u00e7a e justi\u00e7a criminal; contribuir para integra\u00e7\u00e3o e harmoniza\u00e7\u00e3o dos \u00f3rg\u00e3os p\u00fablicos e na execu\u00e7\u00e3o do diagn\u00f3stico, planejamento, implementa\u00e7\u00e3o e monitoramento de pol\u00edticas de seguran\u00e7a p\u00fablica.<\/span><\/p>\n<p style=\"text-align: justify;\"><span style=\"font-size: 14pt;\">Tamb\u00e9m ir\u00e1 atuar no incentivo de programas de preven\u00e7\u00e3o e repress\u00e3o qualificada da criminalidade, na promo\u00e7\u00e3o e interlocu\u00e7\u00e3o das ag\u00eancias de seguran\u00e7a para o planejamento e execu\u00e7\u00e3o de a\u00e7\u00f5es integradas em situa\u00e7\u00f5es emergenciais e monitorar o cumprimento das metas estabelecidas no setor, dentre outras atribui\u00e7\u00f5es.<\/span><\/p>\n","protected":false},"excerpt":{"rendered":"<p> [&hellip;]<\/p>\n","protected":false},"author":2,"featured_media":3993,"comment_status":"open","ping_status":"open","sticky":false,"template":"","format":"standard","meta":{"om_disable_all_campaigns":false,"_monsterinsights_skip_tracking":false,"_monsterinsights_sitenote_active":false,"_monsterinsights_sitenote_note":"","_monsterinsights_sitenote_category":0,"_uf_show_specific_survey":0,"_uf_disable_surveys":false,"footnotes":""},"categories":[2],"tags":[],"class_list":["post-13642","post","type-post","status-publish","format-standard","has-post-thumbnail","hentry","category-not_mpal"],"aioseo_notices":[],"_links":{"self":[{"href":"https:\/\/www.mpal.mp.br\/index.php?rest_route=\/wp\/v2\/posts\/13642","targetHints":{"allow":["GET"]}}],"collection":[{"href":"https:\/\/www.mpal.mp.br\/index.php?rest_route=\/wp\/v2\/posts"}],"about":[{"href":"https:\/\/www.mpal.mp.br\/index.php?rest_route=\/wp\/v2\/types\/post"}],"author":[{"embeddable":true,"href":"https:\/\/www.mpal.mp.br\/index.php?rest_route=\/wp\/v2\/users\/2"}],"replies":[{"embeddable":true,"href":"https:\/\/www.mpal.mp.br\/index.php?rest_route=%2Fwp%2Fv2%2Fcomments&post=13642"}],"version-history":[{"count":1,"href":"https:\/\/www.mpal.mp.br\/index.php?rest_route=\/wp\/v2\/posts\/13642\/revisions"}],"predecessor-version":[{"id":13643,"href":"https:\/\/www.mpal.mp.br\/index.php?rest_route=\/wp\/v2\/posts\/13642\/revisions\/13643"}],"wp:featuredmedia":[{"embeddable":true,"href":"https:\/\/www.mpal.mp.br\/index.php?rest_route=\/wp\/v2\/media\/3993"}],"wp:attachment":[{"href":"https:\/\/www.mpal.mp.br\/index.php?rest_route=%2Fwp%2Fv2%2Fmedia&parent=13642"}],"wp:term":[{"taxonomy":"category","embeddable":true,"href":"https:\/\/www.mpal.mp.br\/index.php?rest_route=%2Fwp%2Fv2%2Fcategories&post=13642"},{"taxonomy":"post_tag","embeddable":true,"href":"https:\/\/www.mpal.mp.br\/index.php?rest_route=%2Fwp%2Fv2%2Ftags&post=13642"}],"curies":[{"name":"wp","href":"https:\/\/api.w.org\/{rel}","templated":true}]}}