{"id":13640,"date":"2015-08-03T10:04:03","date_gmt":"2015-08-03T13:04:03","guid":{"rendered":"https:\/\/www.mpal.mp.br\/?p=13640"},"modified":"2022-07-26T10:07:14","modified_gmt":"2022-07-26T13:07:14","slug":"parceria-entre-mpe-al-e-tj-al-leva-novas-qualificacoes-para-promotores-procuradores-e-servidores-1o-curso-sera-sobre-cpc","status":"publish","type":"post","link":"https:\/\/www.mpal.mp.br\/?p=13640","title":{"rendered":"Parceria entre MPE\/AL e TJ\/AL leva novas qualifica\u00e7\u00f5es para promotores, procuradores e servidores; 1\u00ba curso ser\u00e1 sobre CPC"},"content":{"rendered":"<p style=\"text-align: justify;\"><span style=\"font-size: 14pt;\">Uma parceria entre o Minist\u00e9rio P\u00fablico do Estado de Alagoas e o Tribunal de Justi\u00e7a vai ampliar as possibilidades de reciclagem e capacita\u00e7\u00e3o para membros e servidores das duas institui\u00e7\u00f5es. E a boa not\u00edcia j\u00e1 serve para o novo curso e o semin\u00e1rio que ser\u00e3o promovidos pelo TJ\/AL neste m\u00eas de agosto. A iniciativa do interc\u00e2mbio foi proposta pela Escola Superior do MPE\/AL.<\/span><\/p>\n<p style=\"text-align: justify;\"><span style=\"font-size: 14pt;\">As inscri\u00e7\u00f5es para o curso sobre o \u201cNovo C\u00f3digo de Processo Civil\u201d dever\u00e3o ser feitas pelo e-mail da Escola Superior do Minist\u00e9rio P\u00fablico (ESMP)\u00a0<a href=\"mailto:esmp@mpal.mp.br\">esmp@mpal.mp.br<\/a>. at\u00e9 este dia 06, pr\u00f3xima quinta-feira. Foram disponibilizadas 40 vagas para integrantes da carreira do MPE\/AL, servidores e estagi\u00e1rios da \u00e1rea do Direito. A capacita\u00e7\u00e3o \u00e9 destinada para aqueles profissionais com forma\u00e7\u00e3o jur\u00eddica.<\/span><\/p>\n<p style=\"text-align: justify;\"><span style=\"font-size: 14pt;\">\u201cEssa parceria mostra uma busca do aprimoramento da Justi\u00e7a no Poder Judici\u00e1rio e no Minist\u00e9rio P\u00fablico. Ela revela tamb\u00e9m o amadurecimento das duas institui\u00e7\u00f5es, o entrela\u00e7amento das rela\u00e7\u00f5es entre MP e TJ e o aperfei\u00e7oamento de membros, ju\u00edzes e servidores\u201d, afirmou o procurador de Justi\u00e7a Eduardo Tavares, diretor da Escola.<\/span><\/p>\n<p style=\"text-align: justify;\"><span style=\"font-size: 14pt;\">&#8220;E assim como o Tribunal do Justi\u00e7a est\u00e1 nos cedendo as vagas, faremos o mesmo com rela\u00e7\u00e3o aos cursos que ser\u00e3o promovidos pela Escola Superior do Minist\u00e9rio P\u00fablico. \u00c9 uma rela\u00e7\u00e3o de m\u00fatuo benef\u00edcio&#8221;, acrescentou Tavares.<\/span><\/p>\n<p style=\"text-align: justify;\"><span style=\"font-size: 14pt;\"><strong>A capacita\u00e7\u00e3o<\/strong><\/span><\/p>\n<p style=\"text-align: justify;\"><span style=\"font-size: 14pt;\">O curso, que ser\u00e1 promovido em Macei\u00f3 e em Arapiraca, ter\u00e1 dura\u00e7\u00e3o de 48 horas de aula e ser\u00e1 ministrado pelos professores M\u00e1rcio Oliveira Rocha, Pedro Henrique Pedrosa Nogueira e Beclaute Oliveira Silva. Todos eles v\u00e3o falar sobre as principais inova\u00e7\u00f5es te\u00f3ricas e pr\u00e1ticas do novo diploma processual brasileiro.<\/span><\/p>\n<p style=\"text-align: justify;\"><span style=\"font-size: 14pt;\">Dentre os temas a serem abordados, est\u00e3o liquida\u00e7\u00e3o, cumprimento e execu\u00e7\u00e3o de senten\u00e7a, procedimentos especiais, principais modifica\u00e7\u00f5es do processo nos tribunais, meios de impugna\u00e7\u00e3o \u00e0s decis\u00f5es e direito processual intertemporal.<\/span><\/p>\n<p style=\"text-align: justify;\"><span style=\"font-size: 14pt;\">Em Macei\u00f3, o curso ocorrer\u00e1 nos dias 17, 24 e 31 de agosto, 14, 21 e 28 de setembro. Em Arapiraca, ele ser\u00e1 ofertado nos dias 21 de agosto, 04,11 e 18 de setembro, 02 e 09 de outubro. Tanto na capital quanto no interior, o hor\u00e1rio ser\u00e1 das 8h \u00e0s 12h e das 14h \u00e0s 18h.<\/span><\/p>\n<p style=\"text-align: justify;\"><span style=\"font-size: 14pt;\"><strong>Semin\u00e1rio da Semana da Justi\u00e7a<\/strong><\/span><\/p>\n<p style=\"text-align: justify;\"><span style=\"font-size: 14pt;\">Tamb\u00e9m h\u00e1 40 vagas dispon\u00edveis para o Semin\u00e1rio da Semana da Justi\u00e7a, que novamente abordar\u00e1 o novo CPC. Os professores M\u00e1rcio Oliveira Rocha, Joyce Ara\u00fajo dos Santos, Frederico Wildson da Silva Dantas, Pedro Henrique Pedrosa Nogueira, Beclaute Oliveira Silva e Jos\u00e9 Expedito Braga de Lima J\u00fanior ser\u00e3o os palestrantes.<\/span><\/p>\n<p style=\"text-align: justify;\"><span style=\"font-size: 14pt;\">M\u00e1rcio Oliveira Rocha, mestre em Direito pela Ufal e membro do Instituto Brasileiro de Direito Processual, por exemplo, ministrar\u00e1 a palestra \u201cNormas fundamentais do novo CPC\u201d. J\u00e1 a ju\u00edza e mestra em Direito P\u00fablico pela Ufal, Joyce Ara\u00fajo dos Santos, promover\u00e1 um debate sobre \u201cMedia\u00e7\u00e3o e concilia\u00e7\u00e3o no novo CPC\u201d. E o professor-doutor pela Universidade Federal da Bahia, Pedro Henrique Nogueira, falar\u00e1 sobre \u201cCoopera\u00e7\u00e3o no novo CPC\u201d.<\/span><\/p>\n<p style=\"text-align: justify;\"><span style=\"font-size: 14pt;\">O semin\u00e1rio ocorrer\u00e1 entre os dias 12 e 14 pr\u00f3ximos, sempre a partir das 19h, na sede da Escola Superior da Magistratura de Alagoas (Esmal). As inscri\u00e7\u00f5es tamb\u00e9m dever\u00e3o ser feitas pelo\u00a0<a href=\"mailto:esmp@mpal.mp.br\">esmp@mpal.mp.br<\/a>. O prazo termina no final da manh\u00e3 do dia 10.<\/span><\/p>\n<p style=\"text-align: justify;\"><span style=\"font-size: 14pt;\"><strong>Novo C\u00f3digo de Processo C\u00edvel<\/strong><\/span><\/p>\n<p style=\"text-align: justify;\"><span style=\"font-size: 14pt;\">O novo C\u00f3digo de Processo Civil foi sancionado no dia 16 de mar\u00e7o deste ano, durante cerim\u00f4nia no Pal\u00e1cio do Planalto, em Bras\u00edlia. Ele foi aprovado pelo Senado Federal em dezembro (PLS 166\/2010) de 2014. O CPC define como tramita um processo na Justi\u00e7a, com prazos, tipos de recursos, compet\u00eancias e formas de tramita\u00e7\u00e3o. Uma das principais inova\u00e7\u00f5es do novo texto \u00e9 a maior agilidade no andamento dos processos judiciais.<\/span><\/p>\n","protected":false},"excerpt":{"rendered":"<p> [&hellip;]<\/p>\n","protected":false},"author":4,"featured_media":13644,"comment_status":"open","ping_status":"open","sticky":false,"template":"","format":"standard","meta":{"om_disable_all_campaigns":false,"_monsterinsights_skip_tracking":false,"_monsterinsights_sitenote_active":false,"_monsterinsights_sitenote_note":"","_monsterinsights_sitenote_category":0,"_uf_show_specific_survey":0,"_uf_disable_surveys":false,"footnotes":""},"categories":[19,2],"tags":[],"class_list":["post-13640","post","type-post","status-publish","format-standard","has-post-thumbnail","hentry","category-not_esmp","category-not_mpal"],"aioseo_notices":[],"_links":{"self":[{"href":"https:\/\/www.mpal.mp.br\/index.php?rest_route=\/wp\/v2\/posts\/13640","targetHints":{"allow":["GET"]}}],"collection":[{"href":"https:\/\/www.mpal.mp.br\/index.php?rest_route=\/wp\/v2\/posts"}],"about":[{"href":"https:\/\/www.mpal.mp.br\/index.php?rest_route=\/wp\/v2\/types\/post"}],"author":[{"embeddable":true,"href":"https:\/\/www.mpal.mp.br\/index.php?rest_route=\/wp\/v2\/users\/4"}],"replies":[{"embeddable":true,"href":"https:\/\/www.mpal.mp.br\/index.php?rest_route=%2Fwp%2Fv2%2Fcomments&post=13640"}],"version-history":[{"count":1,"href":"https:\/\/www.mpal.mp.br\/index.php?rest_route=\/wp\/v2\/posts\/13640\/revisions"}],"predecessor-version":[{"id":13645,"href":"https:\/\/www.mpal.mp.br\/index.php?rest_route=\/wp\/v2\/posts\/13640\/revisions\/13645"}],"wp:featuredmedia":[{"embeddable":true,"href":"https:\/\/www.mpal.mp.br\/index.php?rest_route=\/wp\/v2\/media\/13644"}],"wp:attachment":[{"href":"https:\/\/www.mpal.mp.br\/index.php?rest_route=%2Fwp%2Fv2%2Fmedia&parent=13640"}],"wp:term":[{"taxonomy":"category","embeddable":true,"href":"https:\/\/www.mpal.mp.br\/index.php?rest_route=%2Fwp%2Fv2%2Fcategories&post=13640"},{"taxonomy":"post_tag","embeddable":true,"href":"https:\/\/www.mpal.mp.br\/index.php?rest_route=%2Fwp%2Fv2%2Ftags&post=13640"}],"curies":[{"name":"wp","href":"https:\/\/api.w.org\/{rel}","templated":true}]}}