{"id":13638,"date":"2012-07-05T10:04:12","date_gmt":"2012-07-05T13:04:12","guid":{"rendered":"https:\/\/www.mpal.mp.br\/?p=13638"},"modified":"2022-07-26T10:04:31","modified_gmt":"2022-07-26T13:04:31","slug":"seguem-abertas-inscricoes-para-curso-de-gerenciamento-de-projetos","status":"publish","type":"post","link":"https:\/\/www.mpal.mp.br\/?p=13638","title":{"rendered":"Seguem abertas inscri\u00e7\u00f5es para curso de Gerenciamento de Projetos"},"content":{"rendered":"<p style=\"text-align: justify;\"><span style=\"font-size: 14pt;\">Membros e servidores do Minist\u00e9rio P\u00fablico Estadual ainda podem se inscrever nas novas turmas do Curso de Introdu\u00e7\u00e3o \u00e0 Elabora\u00e7\u00e3o e ao Gerenciamento de Projetos, com \u00eanfase em programas e projetos estrat\u00e9gicos. As aulas do curso de forma\u00e7\u00e3o ocorrer\u00e3o quinzenalmente na Escola Superior do Minist\u00e9rio P\u00fablico, no turno matutino. As inscri\u00e7\u00f5es s\u00e3o limitadas e respeitam a ordem de procura.<\/span><\/p>\n<p style=\"text-align: justify;\"><span style=\"font-size: 14pt;\">O curso tem como objetivo informar, sensibilizar e capacitar os agentes ministeriais para cultura de gest\u00e3o de projetos no servi\u00e7o p\u00fablico. Com essa expectativa, o MPE convidou a presidente da Comiss\u00e3o Permanente do Vestibular da Universidade Federal de Alagoas (Copeve\/Ufal), Aline de Goes Lima, para ministrar as aulas, que ser\u00e3o divididas em quatro m\u00f3dulos. Goes Lima traz a experi\u00eancia de quem j\u00e1 gerenciou diversos projetos na \u00e1rea p\u00fablica. A carga hor\u00e1ria do curso \u00e9 de 40 horas.<\/span><\/p>\n<p style=\"text-align: justify;\"><span style=\"font-size: 14pt;\">Ap\u00f3s comemorar o sucesso da primeira turma, o promotor Humberto Pimentel lembra que o curso faz parte do Plano Estrat\u00e9gico do MPE 2011-2022. \u201cOs planos de longo prazo s\u00e3o concretizados mediante projetos e programas dotados de rigor t\u00e9cnico. Membros e servidores da Institui\u00e7\u00e3o estar\u00e3o, cada vez mais, envolvidos com a elabora\u00e7\u00e3o e o gerenciamento de iniciativas estrat\u00e9gicas, como projetos e programas\u201d, frisa Pimentel.<\/span><\/p>\n<p style=\"text-align: justify;\"><span style=\"font-size: 14pt;\">As inscri\u00e7\u00f5es para o curso podem ser feitas no setor de Planejamento e Gest\u00e3o Estrat\u00e9gica, pelo telefone\u00a0<strong>2122-3514<\/strong>.<\/span><\/p>\n","protected":false},"excerpt":{"rendered":"<p> [&hellip;]<\/p>\n","protected":false},"author":2,"featured_media":13639,"comment_status":"open","ping_status":"open","sticky":false,"template":"","format":"standard","meta":{"om_disable_all_campaigns":false,"_monsterinsights_skip_tracking":false,"_monsterinsights_sitenote_active":false,"_monsterinsights_sitenote_note":"","_monsterinsights_sitenote_category":0,"_uf_show_specific_survey":0,"_uf_disable_surveys":false,"footnotes":""},"categories":[2],"tags":[],"class_list":["post-13638","post","type-post","status-publish","format-standard","has-post-thumbnail","hentry","category-not_mpal"],"aioseo_notices":[],"_links":{"self":[{"href":"https:\/\/www.mpal.mp.br\/index.php?rest_route=\/wp\/v2\/posts\/13638","targetHints":{"allow":["GET"]}}],"collection":[{"href":"https:\/\/www.mpal.mp.br\/index.php?rest_route=\/wp\/v2\/posts"}],"about":[{"href":"https:\/\/www.mpal.mp.br\/index.php?rest_route=\/wp\/v2\/types\/post"}],"author":[{"embeddable":true,"href":"https:\/\/www.mpal.mp.br\/index.php?rest_route=\/wp\/v2\/users\/2"}],"replies":[{"embeddable":true,"href":"https:\/\/www.mpal.mp.br\/index.php?rest_route=%2Fwp%2Fv2%2Fcomments&post=13638"}],"version-history":[{"count":1,"href":"https:\/\/www.mpal.mp.br\/index.php?rest_route=\/wp\/v2\/posts\/13638\/revisions"}],"predecessor-version":[{"id":13641,"href":"https:\/\/www.mpal.mp.br\/index.php?rest_route=\/wp\/v2\/posts\/13638\/revisions\/13641"}],"wp:featuredmedia":[{"embeddable":true,"href":"https:\/\/www.mpal.mp.br\/index.php?rest_route=\/wp\/v2\/media\/13639"}],"wp:attachment":[{"href":"https:\/\/www.mpal.mp.br\/index.php?rest_route=%2Fwp%2Fv2%2Fmedia&parent=13638"}],"wp:term":[{"taxonomy":"category","embeddable":true,"href":"https:\/\/www.mpal.mp.br\/index.php?rest_route=%2Fwp%2Fv2%2Fcategories&post=13638"},{"taxonomy":"post_tag","embeddable":true,"href":"https:\/\/www.mpal.mp.br\/index.php?rest_route=%2Fwp%2Fv2%2Ftags&post=13638"}],"curies":[{"name":"wp","href":"https:\/\/api.w.org\/{rel}","templated":true}]}}