{"id":13633,"date":"2012-07-13T10:02:23","date_gmt":"2012-07-13T13:02:23","guid":{"rendered":"https:\/\/www.mpal.mp.br\/?p=13633"},"modified":"2022-07-26T10:03:41","modified_gmt":"2022-07-26T13:03:41","slug":"prefeito-da-lage-pode-ter-candidatura-a-reeleicao-impugnada","status":"publish","type":"post","link":"https:\/\/www.mpal.mp.br\/?p=13633","title":{"rendered":"Prefeito da Lage pode ter candidatura \u00e0 reelei\u00e7\u00e3o impugnada"},"content":{"rendered":"<p class=\"western\" style=\"text-align: justify;\"><span style=\"font-size: 14pt;\">O promotor eleitoral de S\u00e3o Jos\u00e9 da Lage, Jorge Doria, solicitou a impugna\u00e7\u00e3o do registro de candidatura do atual prefeito do munic\u00edpio, M\u00e1rcio Jos\u00e9 da Fonseca Lyra, o Dudui. O Minist\u00e9rio P\u00fablico Estadual entende que Dudui est\u00e1 ineleg\u00edvel at\u00e9 outubro de 2012 por ter sido condenado nas elei\u00e7\u00f5es de 2004. A decis\u00e3o toma por base a Lei Complementar 64\/90, que aborda a aplica\u00e7\u00e3o da lei da Ficha Limpa.<\/span><\/p>\n<p class=\"western\" style=\"text-align: justify;\"><span style=\"font-size: 14pt;\">Em 2004, a Justi\u00e7a Eleitoral condenou o prefeito pela pr\u00e1tica de abuso de poder econ\u00f4mico e pol\u00edtico na gest\u00e3o do munic\u00edpio. Dois anos depois, ap\u00f3s decis\u00e3o transitada em julgado, Dudui foi declarado ineleg\u00edvel para as elei\u00e7\u00f5es de 2006 e pelo prazo de tr\u00eas anos a partir da mesma. No entanto, com a lei da Ficha da Limpa o prazo de inelegibilidade passou de tr\u00eas para oito anos.<\/span><\/p>\n","protected":false},"excerpt":{"rendered":"<p> [&hellip;]<\/p>\n","protected":false},"author":2,"featured_media":13634,"comment_status":"open","ping_status":"open","sticky":false,"template":"","format":"standard","meta":{"om_disable_all_campaigns":false,"_monsterinsights_skip_tracking":false,"_monsterinsights_sitenote_active":false,"_monsterinsights_sitenote_note":"","_monsterinsights_sitenote_category":0,"_uf_show_specific_survey":0,"_uf_disable_surveys":false,"footnotes":""},"categories":[2],"tags":[],"class_list":["post-13633","post","type-post","status-publish","format-standard","has-post-thumbnail","hentry","category-not_mpal"],"aioseo_notices":[],"_links":{"self":[{"href":"https:\/\/www.mpal.mp.br\/index.php?rest_route=\/wp\/v2\/posts\/13633","targetHints":{"allow":["GET"]}}],"collection":[{"href":"https:\/\/www.mpal.mp.br\/index.php?rest_route=\/wp\/v2\/posts"}],"about":[{"href":"https:\/\/www.mpal.mp.br\/index.php?rest_route=\/wp\/v2\/types\/post"}],"author":[{"embeddable":true,"href":"https:\/\/www.mpal.mp.br\/index.php?rest_route=\/wp\/v2\/users\/2"}],"replies":[{"embeddable":true,"href":"https:\/\/www.mpal.mp.br\/index.php?rest_route=%2Fwp%2Fv2%2Fcomments&post=13633"}],"version-history":[{"count":1,"href":"https:\/\/www.mpal.mp.br\/index.php?rest_route=\/wp\/v2\/posts\/13633\/revisions"}],"predecessor-version":[{"id":13635,"href":"https:\/\/www.mpal.mp.br\/index.php?rest_route=\/wp\/v2\/posts\/13633\/revisions\/13635"}],"wp:featuredmedia":[{"embeddable":true,"href":"https:\/\/www.mpal.mp.br\/index.php?rest_route=\/wp\/v2\/media\/13634"}],"wp:attachment":[{"href":"https:\/\/www.mpal.mp.br\/index.php?rest_route=%2Fwp%2Fv2%2Fmedia&parent=13633"}],"wp:term":[{"taxonomy":"category","embeddable":true,"href":"https:\/\/www.mpal.mp.br\/index.php?rest_route=%2Fwp%2Fv2%2Fcategories&post=13633"},{"taxonomy":"post_tag","embeddable":true,"href":"https:\/\/www.mpal.mp.br\/index.php?rest_route=%2Fwp%2Fv2%2Ftags&post=13633"}],"curies":[{"name":"wp","href":"https:\/\/api.w.org\/{rel}","templated":true}]}}